{"id":1576,"date":"2024-04-08T13:57:22","date_gmt":"2024-04-08T16:57:22","guid":{"rendered":"http:\/\/servicenterblog.institucional.ws\/?p=1576"},"modified":"2024-04-08T13:57:22","modified_gmt":"2024-04-08T16:57:22","slug":"dia-mundial-do-combate-ao-cancer-alerta-para-necessidade-de-vida-saudavel","status":"publish","type":"post","link":"http:\/\/servicenterblog.institucional.ws\/?p=1576","title":{"rendered":"Dia Mundial do Combate ao C\u00e2ncer alerta para necessidade de vida saud\u00e1vel"},"content":{"rendered":"<h4 class=\"penci-psub-title \"><em>Atividade f\u00edsica regular e alimenta\u00e7\u00e3o balanceada podem ajudar a prevenir in\u00fameros tipos de tumor, reduzindo a expectativa do INCA de diagn\u00f3stico 704 mil novos casos de c\u00e2ncer por ano no Brasil at\u00e9 2025<\/p>\n<p><\/em>As datas s\u00e3o pr\u00f3ximas e essa n\u00e3o \u00e9 uma coincid\u00eancia. O Dia Mundial da Sa\u00fade e o Dia Mundial do Combate ao C\u00e2ncer \u2013 celebrados nos dias 7 e 8 de abril \u2013 est\u00e3o intimamente ligados e essa rela\u00e7\u00e3o vem sendo refor\u00e7ada j\u00e1 h\u00e1 algum tempo em todo o mundo.<\/p>\n<p>Para se ter uma ideia, pacientes com c\u00e2ncer est\u00e3o incorporando a atividades f\u00edsica ao tratamento e os resultados t\u00eam sido positivos e comprovados cientificamente. Um estudo publicado na revista JAMA em julho de 2023 aponta que 3,5 minutos de exerc\u00edcios f\u00edsicos vigorosos por dia podem reduzir em 18% o risco de desenvolver c\u00e2ncer. Se a intensidade e a dura\u00e7\u00e3o do treino forem aumentadas para 4,5 minutos di\u00e1rios, o risco de c\u00e2ncer diminui em at\u00e9 32%. O estudo, liderado pelo Dr. Emanuel Stamatakis, da Universidade de Sidney, na Austr\u00e1lia, \u00e9 resultado do acompanhamento de mais de 22 mil adultos.<\/h4>\n<h4>De acordo com o Instituto Nacional do C\u00e2ncer (INCA), o Brasil deve registrar at\u00e9 2025, 704 mil novos casos por ano da doen\u00e7a, sendo 70% deles concentrados na regi\u00e3o sudeste do pa\u00eds.O c\u00e2ncer est\u00e1 entre as doen\u00e7as que mais matam no mundo e, ainda assim, \u00e9 considerada uma doen\u00e7a cr\u00f4nica no Brasil, recebendo o mesmo aporte de outras doen\u00e7as bem menos complexas.<\/p>\n<p>Para os oncologistas brasileiros, o Dia Mundial do Combate ao C\u00e2ncer, vem cercado de desafios e o primeiro deles \u00e9 conscientizar as pessoas sobre a necessidade da mudan\u00e7a do estilo de vida. Andr\u00e9 Sasse, oncologista cl\u00ednico e CEO do Grupo SOnHe explica que cada vez mais as evid\u00eancias comprovam que uma vida saud\u00e1vel pode ajudar a prevenir muitos tipos de c\u00e2ncer e a tratar outros tantos.<\/p>\n<p>\u201c\u00c9 claro que temos condi\u00e7\u00f5es gen\u00e9ticas que n\u00e3o podem ser descartadas, mas, de maneira geral, a pessoa que \u00e9 ativa tem menos chance de desenvolver c\u00e2ncer e o paciente que incorpora a vida saud\u00e1vel, mesmo que durante o tratamento, responde de maneira ainda mais satisfat\u00f3ria\u201d, pontua o oncologista.<\/h4>\n<h4>A expectativa \u00e9 de que ano de 2024 apresente n\u00fameros mais reais no que se refere ao diagn\u00f3stico de novos casos de c\u00e2ncer, j\u00e1 que \u00e9 o primeiro ano sem os reflexos da pandemia. O aumento da expectativa de vida dos brasileiros \u00e9 outro fator que deve ser levado em considera\u00e7\u00e3o e que, a longo prazo, impactar\u00e1 a forma de lidar com a doen\u00e7a.<\/p>\n<p>Para Andr\u00e9 Sasse, oncologista cl\u00ednico e CEO do Grupo SOnHe, o aumento no n\u00famero de casos de c\u00e2ncer no Brasil, seja derivado do represamento de diagn\u00f3sticos no per\u00edodo da pandemia ou em fun\u00e7\u00e3o do aumento da expectativa de vida dos brasileiros, indica a necessidade de uma mudan\u00e7a na forma de lidar com a doen\u00e7a.<\/p>\n<p>\u201cPrecisamos reconhecer o c\u00e2ncer como um problema de sa\u00fade p\u00fabica nacional, que precisa de uma pol\u00edtica espec\u00edfica, mas tamb\u00e9m precisamos entender que a preven\u00e7\u00e3o existe e pode ser incorporada \u00e0 rotina por meio da mudan\u00e7a de estilo de vida\u201d, explica Sasse.<\/h4>\n<h4>A preven\u00e7\u00e3o ao c\u00e2ncer por meio de uma vida mais saud\u00e1vel est\u00e1 relacionada a algumas altera\u00e7\u00f5es na rotina, como a incorpora\u00e7\u00e3o da atividade f\u00edsica no dia a dia, a redu\u00e7\u00e3o no consumo de \u00e1lcool, tabaco e de carne vermelha, que, comprovadamente, pode ser respons\u00e1vel pelo desenvolvimento de um tipo espec\u00edfico de c\u00e2ncer.<\/p>\n<p>Para Andr\u00e9 Sasse, movimentos como a segunda-feira sem carne s\u00e3o importantes para que as pessoas reflitam sobre o que est\u00e3o construindo para o futuro.<\/p>\n<p>\u201cA vida moderna nos apresenta uma realidade mais f\u00e1cil do ponto de vista da praticidade em fun\u00e7\u00e3o da tecnologia. Por outro lado, esse imediatismo nos desconecta de n\u00f3s mesmos, da nossa sa\u00fade. E \u00e9 preciso que o cuidado seja constante\u201d, pontua o oncologista.<\/p>\n<p>Fonte: Newslab<br \/>\nhttps:\/\/newslab.com.br\/dia-mundial-do-combate-ao-cancer-alerta-para-necessidade-de-vida-saudavel\/<\/h4>\n<h4><\/h4>\n","protected":false},"excerpt":{"rendered":"<p>Atividade f\u00edsica regular e alimenta\u00e7\u00e3o balanceada podem ajudar a prevenir in\u00fameros tipos de tumor, reduzindo a expectativa do INCA de diagn\u00f3stico 704 mil novos casos de c\u00e2ncer por ano no Brasil at\u00e9 2025 As datas s\u00e3o pr\u00f3ximas e essa n\u00e3o \u00e9 uma coincid\u00eancia. O Dia Mundial da Sa\u00fade e o Dia Mundial do Combate ao [&hellip;]<\/p>\n","protected":false},"author":1,"featured_media":1577,"comment_status":"open","ping_status":"open","sticky":false,"template":"","format":"standard","meta":[],"categories":[2,3],"tags":[397,72,396,11,275],"_links":{"self":[{"href":"http:\/\/servicenterblog.institucional.ws\/index.php?rest_route=\/wp\/v2\/posts\/1576"}],"collection":[{"href":"http:\/\/servicenterblog.institucional.ws\/index.php?rest_route=\/wp\/v2\/posts"}],"about":[{"href":"http:\/\/servicenterblog.institucional.ws\/index.php?rest_route=\/wp\/v2\/types\/post"}],"author":[{"embeddable":true,"href":"http:\/\/servicenterblog.institucional.ws\/index.php?rest_route=\/wp\/v2\/users\/1"}],"replies":[{"embeddable":true,"href":"http:\/\/servicenterblog.institucional.ws\/index.php?rest_route=%2Fwp%2Fv2%2Fcomments&post=1576"}],"version-history":[{"count":1,"href":"http:\/\/servicenterblog.institucional.ws\/index.php?rest_route=\/wp\/v2\/posts\/1576\/revisions"}],"predecessor-version":[{"id":1578,"href":"http:\/\/servicenterblog.institucional.ws\/index.php?rest_route=\/wp\/v2\/posts\/1576\/revisions\/1578"}],"wp:featuredmedia":[{"embeddable":true,"href":"http:\/\/servicenterblog.institucional.ws\/index.php?rest_route=\/wp\/v2\/media\/1577"}],"wp:attachment":[{"href":"http:\/\/servicenterblog.institucional.ws\/index.php?rest_route=%2Fwp%2Fv2%2Fmedia&parent=1576"}],"wp:term":[{"taxonomy":"category","embeddable":true,"href":"http:\/\/servicenterblog.institucional.ws\/index.php?rest_route=%2Fwp%2Fv2%2Fcategories&post=1576"},{"taxonomy":"post_tag","embeddable":true,"href":"http:\/\/servicenterblog.institucional.ws\/index.php?rest_route=%2Fwp%2Fv2%2Ftags&post=1576"}],"curies":[{"name":"wp","href":"https:\/\/api.w.org\/{rel}","templated":true}]}}