{"id":1566,"date":"2024-03-26T14:54:37","date_gmt":"2024-03-26T17:54:37","guid":{"rendered":"http:\/\/servicenterblog.institucional.ws\/?p=1566"},"modified":"2024-03-26T14:54:37","modified_gmt":"2024-03-26T17:54:37","slug":"purple-day-dia-mundial-da-conscientizacao-da-epilepsia","status":"publish","type":"post","link":"http:\/\/servicenterblog.institucional.ws\/?p=1566","title":{"rendered":"Purple Day: Dia Mundial da Conscientiza\u00e7\u00e3o da Epilepsia"},"content":{"rendered":"<p>Celebrado a cada 26 de mar\u00e7o, o Dia Mundial da Conscientiza\u00e7\u00e3o da Epilepsia foi criado com o objetivo de aumentar o debate sobre a doen\u00e7a, promover a compreens\u00e3o e combater o estigma que muitas vezes acompanha essa condi\u00e7\u00e3o. Surgiu em 2008 com o nome de Purple Day (Dia Roxo), fruto de uma colabora\u00e7\u00e3o entre a Associa\u00e7\u00e3o de Epilepsia da Nova Esc\u00f3cia (EANS), no Canad\u00e1, e Cassidy Megan, ativista do tema.<\/p>\n<p>O dia foi reconhecido pela Liga Internacional contra a Epilepsia (ILAE) e pela Organiza\u00e7\u00e3o Mundial da Sa\u00fade (OMS). Desde ent\u00e3o, o 26 de mar\u00e7o se tornou uma data importante para unir comunidades em todo o mundo, compartilhar hist\u00f3rias, destacar os desafios enfrentados pelas pessoas com epilepsia e propiciar a inclus\u00e3o e o apoio.<\/p>\n<p><strong>Mas afinal, o que \u00e9 epilepsia?<\/strong><\/p>\n<p>A epilepsia \u00e9 um dist\u00farbio neurol\u00f3gico cr\u00f4nico caracterizado por convuls\u00f5es recorrentes.Essas convuls\u00f5es s\u00e3o causadas por atividade el\u00e9trica anormal no c\u00e9rebro, que pode levar a sintomas como tremores musculares, espasmos, perda de consci\u00eancia e altera\u00e7\u00f5es de comportamento.<\/p>\n<p>Existem diferentes tipos de epilepsia e diferentes causas para o seu desenvolvimento. Em alguns casos, a epilepsia pode ser causada por les\u00f5es cerebrais, anomalias gen\u00e9ticas, infec\u00e7\u00f5es, traumatismos cranianos, entre outros fatores.<\/p>\n<p>O tratamento da epilepsia geralmente envolve medica\u00e7\u00e3o antiepil\u00e9ptica para controlar as convuls\u00f5es.Em casos mais graves ou quando a medica\u00e7\u00e3o n\u00e3o \u00e9 eficaz, outras op\u00e7\u00f5es de tratamento, como cirurgia ou estimula\u00e7\u00e3o cerebral profunda, podem ser consideradas.<\/p>\n<p>\u00c9 importante notar que a epilepsia \u00e9 uma condi\u00e7\u00e3o m\u00e9dica s\u00e9ria que requer acompanhamento e tratamento adequados por parte de um profissional de sa\u00fade qualificado.<\/p>\n<p><strong>Quais s\u00e3o os sintomas e causas da epilepsia?<\/strong><\/p>\n<p>Os sintomas da epilepsia podem variar desde convuls\u00f5es generalizadas, onde a atividade el\u00e9trica anormal ocorre em todo o c\u00e9rebro, at\u00e9 convuls\u00f5es focais, que afetam apenas uma parte.<\/p>\n<p>Al\u00e9m das convuls\u00f5es, os sintomas podem incluir perda de consci\u00eancia, altera\u00e7\u00f5es de humor, sensa\u00e7\u00f5es estranhas ou altera\u00e7\u00f5es na percep\u00e7\u00e3o.<\/p>\n<p>As causas da epilepsia tamb\u00e9m s\u00e3o diversas. Elas podem incluir les\u00f5es cerebrais traum\u00e1ticas, dist\u00farbios gen\u00e9ticos, infec\u00e7\u00f5es cerebrais, anormalidades no desenvolvimento cerebral e condi\u00e7\u00f5es m\u00e9dicas como AVC, tumores cerebrais e Alzheimer.<\/p>\n<p><strong>Como \u00e9 o tratamento da epilepsia<\/strong><\/p>\n<p>Embora n\u00e3o haja cura definitiva para a epilepsia, o tratamento busca controlar as convuls\u00f5es e minimizar os efeitos adversos.Isso geralmente \u00e9 alcan\u00e7ado por meio de medicamentos antiepil\u00e9pticos, que ajudam a regular a atividade el\u00e9trica no c\u00e9rebro. Em alguns casos mais incapacitantes, uma cirurgia pode ser considerada para remover a \u00e1rea do c\u00e9rebro onde as convuls\u00f5es se originam.<\/p>\n<p>Al\u00e9m da interven\u00e7\u00e3o m\u00e9dica, o gerenciamento eficaz da epilepsia tamb\u00e9m envolve estilo de vida saud\u00e1vel, sono adequado e cuidados com o estresse.<\/p>\n<p>Fonte: Veja<br \/>\nhttps:\/\/saude.abril.com.br\/medicina\/purple-day-dia-mundial-da-conscientizacao-da-epilepsia<\/p>\n<p>&nbsp;<\/p>\n<p>&nbsp;<\/p>\n<p>&nbsp;<\/p>\n","protected":false},"excerpt":{"rendered":"<p>Celebrado a cada 26 de mar\u00e7o, o Dia Mundial da Conscientiza\u00e7\u00e3o da Epilepsia foi criado com o objetivo de aumentar o debate sobre a doen\u00e7a, promover a compreens\u00e3o e combater o estigma que muitas vezes acompanha essa condi\u00e7\u00e3o. Surgiu em 2008 com o nome de Purple Day (Dia Roxo), fruto de uma colabora\u00e7\u00e3o entre a [&hellip;]<\/p>\n","protected":false},"author":1,"featured_media":1567,"comment_status":"open","ping_status":"open","sticky":false,"template":"","format":"standard","meta":[],"categories":[2],"tags":[251,18,259,210,11],"_links":{"self":[{"href":"http:\/\/servicenterblog.institucional.ws\/index.php?rest_route=\/wp\/v2\/posts\/1566"}],"collection":[{"href":"http:\/\/servicenterblog.institucional.ws\/index.php?rest_route=\/wp\/v2\/posts"}],"about":[{"href":"http:\/\/servicenterblog.institucional.ws\/index.php?rest_route=\/wp\/v2\/types\/post"}],"author":[{"embeddable":true,"href":"http:\/\/servicenterblog.institucional.ws\/index.php?rest_route=\/wp\/v2\/users\/1"}],"replies":[{"embeddable":true,"href":"http:\/\/servicenterblog.institucional.ws\/index.php?rest_route=%2Fwp%2Fv2%2Fcomments&post=1566"}],"version-history":[{"count":1,"href":"http:\/\/servicenterblog.institucional.ws\/index.php?rest_route=\/wp\/v2\/posts\/1566\/revisions"}],"predecessor-version":[{"id":1568,"href":"http:\/\/servicenterblog.institucional.ws\/index.php?rest_route=\/wp\/v2\/posts\/1566\/revisions\/1568"}],"wp:featuredmedia":[{"embeddable":true,"href":"http:\/\/servicenterblog.institucional.ws\/index.php?rest_route=\/wp\/v2\/media\/1567"}],"wp:attachment":[{"href":"http:\/\/servicenterblog.institucional.ws\/index.php?rest_route=%2Fwp%2Fv2%2Fmedia&parent=1566"}],"wp:term":[{"taxonomy":"category","embeddable":true,"href":"http:\/\/servicenterblog.institucional.ws\/index.php?rest_route=%2Fwp%2Fv2%2Fcategories&post=1566"},{"taxonomy":"post_tag","embeddable":true,"href":"http:\/\/servicenterblog.institucional.ws\/index.php?rest_route=%2Fwp%2Fv2%2Ftags&post=1566"}],"curies":[{"name":"wp","href":"https:\/\/api.w.org\/{rel}","templated":true}]}}