{"id":1560,"date":"2024-03-19T15:50:59","date_gmt":"2024-03-19T18:50:59","guid":{"rendered":"http:\/\/servicenterblog.institucional.ws\/?p=1560"},"modified":"2024-03-19T15:50:59","modified_gmt":"2024-03-19T18:50:59","slug":"quais-doencas-sao-transmitidas-por-mosquitos","status":"publish","type":"post","link":"http:\/\/servicenterblog.institucional.ws\/?p=1560","title":{"rendered":"Quais doen\u00e7as s\u00e3o transmitidas por mosquitos?"},"content":{"rendered":"<p><em>As arboviroses, como s\u00e3o chamadas doen\u00e7as transmitidas por mosquitos, s\u00e3o comuns no Brasil; veja as principais e como se proteger<\/em><\/p>\n<p>O Brasil enfrenta, atualmente, uma epidemia de dengue \u2014 j\u00e1 s\u00e3o mais de 1 milh\u00e3o de casos prov\u00e1veis registrados e mais de 250 mortes confirmadas pela doen\u00e7a, transmitida pelo mosquito\u00a0<em>Aedes aegypti<\/em>. Ao mesmo tempo, a febre oropouche, tamb\u00e9m transmitida por um mosquito (o\u00a0<em>Culicoides paraensis<\/em>, conhecido como maruim), levou o Amazonas a emitir um alerta epidemiol\u00f3gico, com mais de mil casos confirmados.<\/p>\n<p>Por\u00e9m, al\u00e9m de dengue e\u00a0febre oropouche, o Brasil j\u00e1 enfrentou outras epidemias de doen\u00e7as transmitidas por mosquitos. S\u00e3o as chamadas \u201carboviroses\u201d, doen\u00e7as causadas por v\u00edrus que s\u00e3o transmitidos pela picada desses insetos. Geralmente, para infectar uma pessoa, os mosquitos precisam picar algu\u00e9m que j\u00e1 est\u00e1 contaminado antes.<\/p>\n<p>Veja, a seguir, quais s\u00e3o as doen\u00e7as transmitidas por mosquito mais comuns no Brasil, seus sintomas e como preveni-las.<\/p>\n<h3>Chikunguya e Zika<\/h3>\n<p>A\u00a0chikunguya e zika, assim como a dengue, s\u00e3o transmitidas pelo mosquito\u00a0<em>Aedes aegypti<\/em>. Apesar dessa semelhan\u00e7a, possuem algumas caracter\u00edsticas distintas, al\u00e9m de serem causadas por v\u00edrus diferentes.<\/p>\n<p>No caso da chikunguya, o v\u00edrus foi introduzido no continente americano em 2013, segundo o Minist\u00e9rio da Sa\u00fade, e o Brasil registrou os primeiros casos em 2014. Os sintomas incluem febre, dor intensa e incha\u00e7o nas articula\u00e7\u00f5es, dor nas costas, dor muscular,\u00a0manchas vermelhas no corpo, dor de cabe\u00e7a, dor atr\u00e1s dos olhos, n\u00e1useas e v\u00f4mitos.<\/p>\n<p>J\u00e1 a zika \u00e9 causada pelo zika v\u00edrus e pode causar sintomas como febre baixa, conjuntivite, dor de cabe\u00e7a e manchas vermelhas na pele. Seu principal diferencial \u00e9 que n\u00e3o causa febre alta, como na dengue, e nem leva ao incha\u00e7o nas articula\u00e7\u00f5es, como na chikungunya. O tratamento de todas essas arboviroses \u00e9 baseado na hidrata\u00e7\u00e3o, repouso e rem\u00e9dios para aliviar os sintomas.<\/p>\n<h2>Febre amarela<\/h2>\n<p>A febre amarela tamb\u00e9m \u00e9 uma virose transmitida por mosquitos, os\u00a0<i>Haemagogus<\/i>\u00a0e\u00a0<i>Sabethes\u00a0<\/i>(no ciclo silvestre) e pelo\u00a0<em>Aedes aegypti<\/em>\u00a0(no ciclo urbano). Por\u00e9m, de acordo com o Minist\u00e9rio da Sa\u00fade, no Brasil o ciclo predominante \u00e9 o silvestre e o \u00faltimo caso de febre amarela urbana foi registrado em 1942.<\/p>\n<p>No ciclo silvestre, os primatas n\u00e3o humanos s\u00e3o os principais hospedeiros do v\u00edrus e tamb\u00e9m s\u00e3o infectados pela doen\u00e7a. Os humanos acabam sendo hospedeiros secund\u00e1rios, quando o mosquito pica um primata ou outro humano contaminado e transmite o v\u00edrus para outra pessoa, atrav\u00e9s da picada tamb\u00e9m. Por isso, \u00e9 equivocado dizer que a febre amarela \u00e9 causada por macacos.<\/p>\n<p>Entre os principais sintomas de febre amarela est\u00e3o a febre alta, icter\u00edcia (pele amarelada) e, em casos graves, hemorragia, choque e insufici\u00eancia de m\u00faltiplos \u00f3rg\u00e3os. Segundo o Minist\u00e9rio da Sa\u00fade, cerca de 20% a 50% das pessoas que desenvolvem a doen\u00e7a podem sofrer complica\u00e7\u00f5es que levam ao \u00f3bito. Por isso, \u00e9 fundamental buscar ajuda m\u00e9dica a partir dos primeiros sintomas. O tratamento \u00e9 feito com repouso e rem\u00e9dios para reduzir os sintomas, al\u00e9m da interna\u00e7\u00e3o em casos graves.<\/p>\n<h3>Mal\u00e1ria<\/h3>\n<p>A\u00a0mal\u00e1ria\u00a0\u00e9 uma doen\u00e7a causada por protozo\u00e1rios do g\u00eanero\u00a0<em>Plasmodium<\/em>\u00a0e \u00e9 transmitida pela picada da f\u00eamea do mosquito\u00a0<em>Anopheles<\/em>, conhecido como mosquito-prego. No Brasil, a maioria dos casos se concentra na regi\u00e3o amaz\u00f4nica, segundo o Minist\u00e9rio da Sa\u00fade, apesar de poder haver casos em outras regi\u00f5es do pa\u00eds.<\/p>\n<p>Os principais sintomas da mal\u00e1ria incluem a febre alta, calafrios, tremores, sudorese e dor de cabe\u00e7a. Em casos mais graves, pode levar \u00e0 altera\u00e7\u00e3o da consci\u00eancia, hiperventila\u00e7\u00e3o, convuls\u00f5es, hipotens\u00e3o arterial (queda na press\u00e3o ao se levantar) e hemorragia. Os grupos de risco para quadros graves da doen\u00e7a s\u00e3o gestantes, crian\u00e7as e pessoas infectadas pela primeira vez, j\u00e1 que n\u00e3o possuem anticorpos contra o protozo\u00e1rio.<\/p>\n<p>O tratamento para mal\u00e1ria costuma ser em regime ambulatorial, com comprimidos que s\u00e3o fornecidos de forma gratuita em unidades do SUS (Sistema \u00danico de Sa\u00fade). Os casos graves costumam incluir a hospitaliza\u00e7\u00e3o imediata do paciente.<\/p>\n<h3>Elefant\u00edase<\/h3>\n<p>A elefant\u00edase, ou filariose linf\u00e1tica, \u00e9 uma doen\u00e7a causada pelo verme\u00a0<em>Wuchereria Bancrofti<\/em>\u00a0e transmitida pela picada do mosquito\u00a0<em>Culex quiquefasciatus<\/em>\u00a0(pernilongo ou muri\u00e7oca) infectado com as larvas do parasita. De acordo com o Minist\u00e9rio da Sa\u00fade, a\u00a0<strong>doen\u00e7a est\u00e1 em fase de elimina\u00e7\u00e3o no Brasil<\/strong>, mas pode ser encontrada, ainda, em munic\u00edpios da regi\u00e3o metropolitana de Pernambuco, como Recife, Olinda, Jaboat\u00e3o dos Guararapes e Paulista.<\/p>\n<p>Ap\u00f3s a picada do mosquito, as larvas migram para a regi\u00e3o dos linfonodos (g\u00e2nglios) e l\u00e1 ficam at\u00e9 se desenvolverem para a fase adulta. Com isso, pode ocorrer a reprodu\u00e7\u00e3o do parasita, que libera um grande n\u00famero de microfil\u00e1rias para a corrente sangu\u00ednea, propiciando a infec\u00e7\u00e3o de mosquitos que, eventualmente, picarem a pessoa infectada com as larvas.<\/p>\n<p>Os sintomas de elefant\u00edase est\u00e3o relacionado a essa presen\u00e7a de vermes nos g\u00e2nglios linf\u00e1ticos, podendo causar ac\u00famulo anormal de l\u00edquido nos membros (bra\u00e7os e pernas), seios e bolsa escrotal; aumento dos test\u00edculos, e crescimento ou incha\u00e7o exagerado dos membros, seios e bolsa escrotal.<\/p>\n<h3>Como prevenir essas doen\u00e7as?<\/h3>\n<p>As formas de preven\u00e7\u00e3o para cada uma dessas arboviroses passa por processos semelhantes ou iguais: eliminar criadouros dos mosquitos (como \u00e1gua parada em pneus, vasos e calhas) e manter caixas d\u2019\u00e1gua limpas e tampadas, sempre que poss\u00edvel.<\/p>\n<p>Al\u00e9m disso, usar telas mosqueteiras, roupas que protejam pernas e bra\u00e7os e uso de repelentes tamb\u00e9m passa pelas formas de prevenir doen\u00e7as causadas por mosquitos.<\/p>\n<p>Algumas dessas doen\u00e7as possuem vacina, como \u00e9 o caso da dengue, e da febre amarela. O Brasil \u00e9 o primeiro pa\u00eds a\u00a0oferecer um imunizante contra o v\u00edrus da dengue no sistema p\u00fablico de sa\u00fade, a QDenga, que pode ser aplicada em crian\u00e7as a partir de 4 anos at\u00e9 adultos de 60 em duas doses.<\/p>\n<p>A vacina contra febre amarela tamb\u00e9m est\u00e1 dispon\u00edvel para toda a popula\u00e7\u00e3o pelo SUS e \u00e9 aplicada em esquema de dose \u00fanica durante toda a vida, seguindo as recomenda\u00e7\u00f5es da OMS (Organiza\u00e7\u00e3o Mundial da Sa\u00fade). Ela pode ser aplicada com 10 dias de anteced\u00eancia antes do deslocamento para \u00e1reas de risco.<\/p>\n<p>Fonte: CNN Brasil<br \/>\nhttps:\/\/www.cnnbrasil.com.br\/saude\/alem-de-dengue-e-oropouche-quais-doencas-sao-transmitidas-por-mosquitos\/<\/p>\n","protected":false},"excerpt":{"rendered":"<p>As arboviroses, como s\u00e3o chamadas doen\u00e7as transmitidas por mosquitos, s\u00e3o comuns no Brasil; veja as principais e como se proteger O Brasil enfrenta, atualmente, uma epidemia de dengue \u2014 j\u00e1 s\u00e3o mais de 1 milh\u00e3o de casos prov\u00e1veis registrados e mais de 250 mortes confirmadas pela doen\u00e7a, transmitida pelo mosquito\u00a0Aedes aegypti. Ao mesmo tempo, a [&hellip;]<\/p>\n","protected":false},"author":1,"featured_media":1561,"comment_status":"open","ping_status":"open","sticky":false,"template":"","format":"standard","meta":[],"categories":[3],"tags":[251,245,14,388,26,11],"_links":{"self":[{"href":"http:\/\/servicenterblog.institucional.ws\/index.php?rest_route=\/wp\/v2\/posts\/1560"}],"collection":[{"href":"http:\/\/servicenterblog.institucional.ws\/index.php?rest_route=\/wp\/v2\/posts"}],"about":[{"href":"http:\/\/servicenterblog.institucional.ws\/index.php?rest_route=\/wp\/v2\/types\/post"}],"author":[{"embeddable":true,"href":"http:\/\/servicenterblog.institucional.ws\/index.php?rest_route=\/wp\/v2\/users\/1"}],"replies":[{"embeddable":true,"href":"http:\/\/servicenterblog.institucional.ws\/index.php?rest_route=%2Fwp%2Fv2%2Fcomments&post=1560"}],"version-history":[{"count":1,"href":"http:\/\/servicenterblog.institucional.ws\/index.php?rest_route=\/wp\/v2\/posts\/1560\/revisions"}],"predecessor-version":[{"id":1562,"href":"http:\/\/servicenterblog.institucional.ws\/index.php?rest_route=\/wp\/v2\/posts\/1560\/revisions\/1562"}],"wp:featuredmedia":[{"embeddable":true,"href":"http:\/\/servicenterblog.institucional.ws\/index.php?rest_route=\/wp\/v2\/media\/1561"}],"wp:attachment":[{"href":"http:\/\/servicenterblog.institucional.ws\/index.php?rest_route=%2Fwp%2Fv2%2Fmedia&parent=1560"}],"wp:term":[{"taxonomy":"category","embeddable":true,"href":"http:\/\/servicenterblog.institucional.ws\/index.php?rest_route=%2Fwp%2Fv2%2Fcategories&post=1560"},{"taxonomy":"post_tag","embeddable":true,"href":"http:\/\/servicenterblog.institucional.ws\/index.php?rest_route=%2Fwp%2Fv2%2Ftags&post=1560"}],"curies":[{"name":"wp","href":"https:\/\/api.w.org\/{rel}","templated":true}]}}