{"id":1556,"date":"2024-03-04T15:04:06","date_gmt":"2024-03-04T18:04:06","guid":{"rendered":"http:\/\/servicenterblog.institucional.ws\/?p=1556"},"modified":"2024-03-04T15:04:06","modified_gmt":"2024-03-04T18:04:06","slug":"marco-lilas-mes-de-conscientizacao-e-combate-ao-cancer-de-colo-do-utero","status":"publish","type":"post","link":"http:\/\/servicenterblog.institucional.ws\/?p=1556","title":{"rendered":"Mar\u00e7o Lil\u00e1s: m\u00eas de conscientiza\u00e7\u00e3o e combate ao c\u00e2ncer de colo do \u00fatero"},"content":{"rendered":"<p>Mar\u00e7o Lil\u00e1s \u00e9 o m\u00eas de conscientiza\u00e7\u00e3o sobre a import\u00e2ncia de se prevenir contra o c\u00e2ncer do colo do \u00fatero, a quarta maior causa de morte de mulheres por c\u00e2ncer no Brasil, segundo o Instituto Nacional de C\u00e2ncer (INCA).<\/p>\n<p>O que \u00e9 o c\u00e2ncer do colo do \u00fatero?<\/p>\n<p>O c\u00e2ncer do colo do \u00fatero, tamb\u00e9m conhecido como c\u00e2ncer cervical, \u00e9 causado pela infec\u00e7\u00e3o persistente do v\u00edrus do HPV, o Papilomav\u00edrus Humano.<\/p>\n<p>O HPV \u00e9 a infec\u00e7\u00e3o sexualmente transmiss\u00edvel mais comum, sendo na maioria das pessoas infectadas assintom\u00e1tica, mas quando desperta sintomas, pode provocar o surgimento de verrugas genitais e coceira. Quando a infec\u00e7\u00e3o por esse v\u00edrus provoca altera\u00e7\u00f5es celulares as chances do desenvolvimento do c\u00e2ncer do colo do \u00fatero s\u00e3o maiores.<\/p>\n<p>Al\u00e9m da infec\u00e7\u00e3o por esse v\u00edrus, que acontece atrav\u00e9s de rela\u00e7\u00f5es sexuais desprotegidas, outros fatores podem favorecer o desenvolvimento desse tipo de c\u00e2ncer, como outras DSTs, tabagismo e v\u00e1rias gesta\u00e7\u00f5es.<\/p>\n<p>Apesar de ser uma condi\u00e7\u00e3o grave, o c\u00e2ncer do colo do \u00fatero pode ser facilmente prevenido atrav\u00e9s da realiza\u00e7\u00e3o peri\u00f3dica do exame papanicolau.<\/p>\n<p>Consulte seu m\u00e9dico regularmente.<\/p>\n","protected":false},"excerpt":{"rendered":"<p>Mar\u00e7o Lil\u00e1s \u00e9 o m\u00eas de conscientiza\u00e7\u00e3o sobre a import\u00e2ncia de se prevenir contra o c\u00e2ncer do colo do \u00fatero, a quarta maior causa de morte de mulheres por c\u00e2ncer no Brasil, segundo o Instituto Nacional de C\u00e2ncer (INCA). O que \u00e9 o c\u00e2ncer do colo do \u00fatero? O c\u00e2ncer do colo do \u00fatero, tamb\u00e9m [&hellip;]<\/p>\n","protected":false},"author":1,"featured_media":1557,"comment_status":"open","ping_status":"open","sticky":false,"template":"","format":"standard","meta":[],"categories":[2,3],"tags":[251,72,387,81,11],"_links":{"self":[{"href":"http:\/\/servicenterblog.institucional.ws\/index.php?rest_route=\/wp\/v2\/posts\/1556"}],"collection":[{"href":"http:\/\/servicenterblog.institucional.ws\/index.php?rest_route=\/wp\/v2\/posts"}],"about":[{"href":"http:\/\/servicenterblog.institucional.ws\/index.php?rest_route=\/wp\/v2\/types\/post"}],"author":[{"embeddable":true,"href":"http:\/\/servicenterblog.institucional.ws\/index.php?rest_route=\/wp\/v2\/users\/1"}],"replies":[{"embeddable":true,"href":"http:\/\/servicenterblog.institucional.ws\/index.php?rest_route=%2Fwp%2Fv2%2Fcomments&post=1556"}],"version-history":[{"count":1,"href":"http:\/\/servicenterblog.institucional.ws\/index.php?rest_route=\/wp\/v2\/posts\/1556\/revisions"}],"predecessor-version":[{"id":1558,"href":"http:\/\/servicenterblog.institucional.ws\/index.php?rest_route=\/wp\/v2\/posts\/1556\/revisions\/1558"}],"wp:featuredmedia":[{"embeddable":true,"href":"http:\/\/servicenterblog.institucional.ws\/index.php?rest_route=\/wp\/v2\/media\/1557"}],"wp:attachment":[{"href":"http:\/\/servicenterblog.institucional.ws\/index.php?rest_route=%2Fwp%2Fv2%2Fmedia&parent=1556"}],"wp:term":[{"taxonomy":"category","embeddable":true,"href":"http:\/\/servicenterblog.institucional.ws\/index.php?rest_route=%2Fwp%2Fv2%2Fcategories&post=1556"},{"taxonomy":"post_tag","embeddable":true,"href":"http:\/\/servicenterblog.institucional.ws\/index.php?rest_route=%2Fwp%2Fv2%2Ftags&post=1556"}],"curies":[{"name":"wp","href":"https:\/\/api.w.org\/{rel}","templated":true}]}}