{"id":1547,"date":"2024-02-15T12:10:45","date_gmt":"2024-02-15T15:10:45","guid":{"rendered":"http:\/\/servicenterblog.institucional.ws\/?p=1547"},"modified":"2024-02-15T12:10:45","modified_gmt":"2024-02-15T15:10:45","slug":"oms-lanca-alerta-no-dia-internacional-do-cancer-infantil","status":"publish","type":"post","link":"http:\/\/servicenterblog.institucional.ws\/?p=1547","title":{"rendered":"OMS lan\u00e7a alerta no Dia Internacional do C\u00e2ncer Infantil"},"content":{"rendered":"<p><strong><em>O alerta \u00e9 para graves lacunas de diagn\u00f3stico e tratamento<\/em><\/strong><\/p>\n<p class=\"text-align-justify\">No Dia Internacional do C\u00e2ncer Infantil, a Organiza\u00e7\u00e3o Mundial da Sa\u00fade, OMS, lan\u00e7a um alerta sobre a necessidade de detec\u00e7\u00e3o precoce e cuidado adequado para as crian\u00e7as em todo o mundo. Neste 15 de fevereiro, a ag\u00eancia lembra que, globalmente, mais de mil crian\u00e7as recebem o diagn\u00f3stico de c\u00e2ncer todos os dias.<\/p>\n<p class=\"text-align-justify\">Enquanto avan\u00e7os m\u00e9dicos recentes t\u00eam proporcionado boas chances de sobreviv\u00eancia em pa\u00edses de alta renda, onde mais de 80% das crian\u00e7as diagnosticadas com c\u00e2ncer t\u00eam perspectivas positivas, a realidade \u00e9 considerada alarmante em na\u00e7\u00f5es de baixa e m\u00e9dia rendas.<\/p>\n<h3 class=\"text-align-justify\">Acesso desigual ao tratamento<\/h3>\n<p class=\"text-align-justify\">Apenas cerca de 20% das crian\u00e7as diagnosticadas com c\u00e2ncer nesses pa\u00edses t\u00eam acesso ao tratamento e sobrevivem, revelando uma desigualdade no acesso \u00e0 sa\u00fade.<\/p>\n<p class=\"text-align-justify\">Para a OMS, ningu\u00e9m est\u00e1 mais preparado para investir no bem-estar de seus filhos do que os pr\u00f3prios pais. Conhecer os primeiros sinais e sintomas de certos tipos de c\u00e2ncer infantil e estar atento a eles pode ser a diferen\u00e7a entre a vida e a morte para uma crian\u00e7a.<\/p>\n<p class=\"text-align-justify\">As estimativas mais recentes mostram que, na Regi\u00e3o do Mediterr\u00e2neo Oriental da OMS, mais de 70% de todas as crian\u00e7as com diagn\u00f3stico de c\u00e2ncer morreram em 2022. A leucemia foi o tipo de c\u00e2ncer mais comum entre crian\u00e7as e adolescentes de zero a 19 anos naquele ano.<\/p>\n<h3 class=\"text-align-justify\">Desafios do c\u00e2ncer infantil<\/h3>\n<p class=\"text-align-justify\">Ao contr\u00e1rio do c\u00e2ncer na idade adulta, os fatores subjacentes que contribuem para a doen\u00e7a na inf\u00e2ncia s\u00e3o pouco compreendidos, e apenas uma pequena fra\u00e7\u00e3o dos casos nessa faixa pode ser prevenida.<\/p>\n<p class=\"text-align-justify\">Isso significa que a recupera\u00e7\u00e3o dessas crian\u00e7as depende em grande parte da capacidade dos sistemas de sa\u00fade de garantir o diagn\u00f3stico oportuno, o encaminhamento precoce e o tratamento adequado.<\/p>\n<div class=\"align-center context-un_news_large_uncropped_credit_caption type-entermedia_image media media--type-entermedia-image media--view-mode-un-news-large-uncropped-credit-caption\">\n<div class=\"field field--name-field-title field--type-string field--label-hidden field__item\">Dentro os tipos mais frequentes da doen\u00e7a em menores est\u00e1 o retinoblastoma, um tumor do olho, que caso n\u00e3o seja detectado em seus est\u00e1gios iniciais pode causar cegueira.<\/div>\n<div class=\"field field--name-field-title field--type-string field--label-hidden field__item\"><\/div>\n<\/div>\n<p class=\"text-align-justify\">Os tumores cerebrais tamb\u00e9m s\u00e3o bastante comuns em crian\u00e7as. Os sinais e sintomas a serem observados incluem dores de cabe\u00e7a, atrasos no desenvolvimento e aumento da circunfer\u00eancia da cabe\u00e7a em beb\u00eas.<\/p>\n<h3 class=\"text-align-justify\">60% de sobreviv\u00eancia at\u00e9 2030<\/h3>\n<p class=\"text-align-justify\">A OMS afirma que isso \u00e9 desafiador melhorar o diagn\u00f3stico e o tratamento em muitos pa\u00edses da Regi\u00e3o do Mediterr\u00e2neo Oriental, que enfrentam emerg\u00eancias humanit\u00e1rias, desastres naturais e instabilidade pol\u00edtica.<\/p>\n<p class=\"text-align-justify\">Em 2018, a ag\u00eancia lan\u00e7ou a Iniciativa Global para o C\u00e2ncer Infantil com o objetivo de reduzir a lacuna de sobreviv\u00eancia at\u00e9 2030, garantindo que pelo menos 60% das crian\u00e7as com c\u00e2ncer em todo o mundo sobrevivam ao diagn\u00f3stico.<\/p>\n<p class=\"text-align-justify\">O esfor\u00e7o envolve a OMS em escala global, regional e espec\u00edfica de cada pa\u00eds, em parceria com o St. Jude Children&#8217;s Research Hospital.<\/p>\n<p class=\"text-align-justify\">O Dia Internacional do C\u00e2ncer Infantil foi criado para aumentar a conscientiza\u00e7\u00e3o e expressar apoio \u00e0s crian\u00e7as e adolescentes com c\u00e2ncer, aos sobreviventes e \u00e0s suas fam\u00edlias. A data tamb\u00e9m \u00e9 um chamado para que cada um de n\u00f3s desempenhe um papel na luta contra o c\u00e2ncer infantil.<\/p>\n<p class=\"text-align-justify\">O termo \u201cc\u00e2ncer infantil\u201d refere-se a uma ampla gama de tipos de c\u00e2ncer que se desenvolvem principalmente em pessoas com menos de 20 anos. Leucemias, linfomas e tumores do sistema nervoso central s\u00e3o os tipos mais comuns em crian\u00e7as.<\/p>\n<p>&#8230;&#8230;&#8230;&#8230;&#8230;&#8230;&#8230;&#8230;&#8230;&#8230;&#8230;&#8230;&#8230;&#8230;&#8230;&#8230;&#8230;&#8230;&#8230;&#8230;&#8230;&#8230;&#8230;&#8230;&#8230;&#8230;&#8230;&#8230;&#8230;<\/p>\n<p><em>Fonte: ONU News<br \/>\n<\/em><strong><em>Edi\u00e7\u00e3o: Site TV Alepi<\/em><\/strong><\/p>\n","protected":false},"excerpt":{"rendered":"<p>O alerta \u00e9 para graves lacunas de diagn\u00f3stico e tratamento No Dia Internacional do C\u00e2ncer Infantil, a Organiza\u00e7\u00e3o Mundial da Sa\u00fade, OMS, lan\u00e7a um alerta sobre a necessidade de detec\u00e7\u00e3o precoce e cuidado adequado para as crian\u00e7as em todo o mundo. Neste 15 de fevereiro, a ag\u00eancia lembra que, globalmente, mais de mil crian\u00e7as recebem [&hellip;]<\/p>\n","protected":false},"author":1,"featured_media":1548,"comment_status":"open","ping_status":"open","sticky":false,"template":"","format":"standard","meta":[],"categories":[2],"tags":[251,318,17,320,167,26,210,11,32,219],"_links":{"self":[{"href":"http:\/\/servicenterblog.institucional.ws\/index.php?rest_route=\/wp\/v2\/posts\/1547"}],"collection":[{"href":"http:\/\/servicenterblog.institucional.ws\/index.php?rest_route=\/wp\/v2\/posts"}],"about":[{"href":"http:\/\/servicenterblog.institucional.ws\/index.php?rest_route=\/wp\/v2\/types\/post"}],"author":[{"embeddable":true,"href":"http:\/\/servicenterblog.institucional.ws\/index.php?rest_route=\/wp\/v2\/users\/1"}],"replies":[{"embeddable":true,"href":"http:\/\/servicenterblog.institucional.ws\/index.php?rest_route=%2Fwp%2Fv2%2Fcomments&post=1547"}],"version-history":[{"count":1,"href":"http:\/\/servicenterblog.institucional.ws\/index.php?rest_route=\/wp\/v2\/posts\/1547\/revisions"}],"predecessor-version":[{"id":1549,"href":"http:\/\/servicenterblog.institucional.ws\/index.php?rest_route=\/wp\/v2\/posts\/1547\/revisions\/1549"}],"wp:featuredmedia":[{"embeddable":true,"href":"http:\/\/servicenterblog.institucional.ws\/index.php?rest_route=\/wp\/v2\/media\/1548"}],"wp:attachment":[{"href":"http:\/\/servicenterblog.institucional.ws\/index.php?rest_route=%2Fwp%2Fv2%2Fmedia&parent=1547"}],"wp:term":[{"taxonomy":"category","embeddable":true,"href":"http:\/\/servicenterblog.institucional.ws\/index.php?rest_route=%2Fwp%2Fv2%2Fcategories&post=1547"},{"taxonomy":"post_tag","embeddable":true,"href":"http:\/\/servicenterblog.institucional.ws\/index.php?rest_route=%2Fwp%2Fv2%2Ftags&post=1547"}],"curies":[{"name":"wp","href":"https:\/\/api.w.org\/{rel}","templated":true}]}}