{"id":1540,"date":"2024-01-22T11:46:14","date_gmt":"2024-01-22T14:46:14","guid":{"rendered":"http:\/\/servicenterblog.institucional.ws\/?p=1540"},"modified":"2024-01-22T11:46:14","modified_gmt":"2024-01-22T14:46:14","slug":"alimentos-que-melhoram-a-saude-da-pele","status":"publish","type":"post","link":"http:\/\/servicenterblog.institucional.ws\/?p=1540","title":{"rendered":"Alimentos que melhoram a sa\u00fade da pele"},"content":{"rendered":"<div class=\"row content-head non-featured \">\n<div class=\"medium-centered subtitle\">\n<h4 class=\"content-head__subtitle\"><em>Veja como a alimenta\u00e7\u00e3o pode proteger a sa\u00fade e contribuir com a beleza do nosso maior \u00f3rg\u00e3o, que protege o corpo contra bact\u00e9rias, v\u00edrus, polui\u00e7\u00e3o e de subst\u00e2ncias qu\u00edmicas<\/em><\/h4>\n<\/div>\n<div id=\"chunk-3ru9g\">\n<div class=\"mc-column content-text active-extra-styles active-capital-letter\" data-block-type=\"unstyled\" data-block-weight=\"92\" data-block-id=\"2\">\n<p class=\" content-text__container theme-color-primary-first-letter\" data-track-category=\"Link no Texto\" data-track-links=\"\">A principal fun\u00e7\u00e3o da pele \u00e9 proteger o nosso corpo n\u00e3o somente de bact\u00e9rias e v\u00edrus, mas tamb\u00e9m da polui\u00e7\u00e3o e de subst\u00e2ncias qu\u00edmicas com as quais entramos em contato no dia a dia. Portanto, precisamos cuidar muito bem dela, de sua sa\u00fade e, claro, de sua beleza. E voc\u00ea sabia que a alimenta\u00e7\u00e3o tem papel fundamental na busca de uma pele bonita e saud\u00e1vel? Conversamos com a nutricionista e terapeuta nutricional Louise Duran e a m\u00e9dica dermatologista Val\u00e9ria Campos sobre o tema e listamos 15 alimentos bons para a pele.<\/p>\n<\/div>\n<\/div>\n<div class=\"wall protected-content\">\n<div id=\"chunk-4mlar\">\n<div class=\"mc-column content-text active-extra-styles\" data-block-type=\"raw\" data-block-weight=\"62\" data-block-id=\"3\">\n<ol class=\"content-ordered-list theme-ordered-list-color-primary\">\n<li>Uvas roxas e rosadas e frutas vermelhas como morango, amora, framboesa<\/li>\n<li>Lim\u00e3o<\/li>\n<li>Molho de tomate caseiro<\/li>\n<li>Sementes de ab\u00f3bora<\/li>\n<li>A\u00e7afr\u00e3o-da-terra ou c\u00farcuma<\/li>\n<li>Ma\u00e7\u00e3<\/li>\n<li>Ch\u00e1 verde com lim\u00e3o e castanha do Par\u00e1<\/li>\n<li>Alecrim<\/li>\n<li>Couve de Bruxelas<\/li>\n<li>Sementes de linha\u00e7a<\/li>\n<li>Albedo das frutas (aquela parte branca e fibrosa do interior da casca)<\/li>\n<li>Clara de ovos<\/li>\n<li>Leguminosas germinadas, como o gr\u00e3o de bico<\/li>\n<li>Abacaxi<\/li>\n<li>Ma\u00e7\u00e3<\/li>\n<\/ol>\n<\/div>\n<\/div>\n<div id=\"chunk-76s4h\">\n<div class=\"mc-column content-text active-extra-styles \" data-block-type=\"unstyled\" data-block-weight=\"20\" data-block-id=\"4\">\n<p class=\" content-text__container \" data-track-category=\"Link no Texto\" data-track-links=\"\">Confira abaixo detalhes sobre como cada um desses alimentos afeta positivamente a pele, tanto na apar\u00eancia quanto na sa\u00fade. Clique aqui: https:\/\/ge.globo.com\/eu-atleta\/nutricao\/noticia\/2022\/10\/11\/15-alimentos-bons-para-a-pele-confira-a-lista.ghtml<\/p>\n<p>Fonte: ge.globo.com<\/p>\n<div id=\"chunk-6f7ld\">\n<div class=\"mc-column content-text active-extra-styles\" data-block-type=\"raw\" data-block-weight=\"12\" data-block-id=\"7\">\n<div class=\"content-intertitle\"><\/div>\n<\/div>\n<\/div>\n<div id=\"chunk-eq8d0\">\n<div class=\"mc-column content-text active-extra-styles\" data-block-type=\"raw\" data-block-weight=\"51\" data-block-id=\"10\">\n<p>&nbsp;<\/p>\n<\/div>\n<\/div>\n<\/div>\n<\/div>\n<div id=\"chunk-ea824\">\n<div class=\"mc-column content-text active-extra-styles \" data-block-type=\"unstyled\" data-block-weight=\"33\" data-block-id=\"5\"><\/div>\n<\/div>\n<\/div>\n<\/div>\n<div class=\"content__signa-share\">\n<div class=\"content__signature\">\n<div class=\"content-publication-data\">\n<div class=\"content-publication-data__text\"><\/div>\n<\/div>\n<\/div>\n<\/div>\n","protected":false},"excerpt":{"rendered":"<p>Veja como a alimenta\u00e7\u00e3o pode proteger a sa\u00fade e contribuir com a beleza do nosso maior \u00f3rg\u00e3o, que protege o corpo contra bact\u00e9rias, v\u00edrus, polui\u00e7\u00e3o e de subst\u00e2ncias qu\u00edmicas A principal fun\u00e7\u00e3o da pele \u00e9 proteger o nosso corpo n\u00e3o somente de bact\u00e9rias e v\u00edrus, mas tamb\u00e9m da polui\u00e7\u00e3o e de subst\u00e2ncias qu\u00edmicas com as [&hellip;]<\/p>\n","protected":false},"author":1,"featured_media":1541,"comment_status":"open","ping_status":"open","sticky":false,"template":"","format":"standard","meta":[],"categories":[3],"tags":[79,383,251,118,86,144,11],"_links":{"self":[{"href":"http:\/\/servicenterblog.institucional.ws\/index.php?rest_route=\/wp\/v2\/posts\/1540"}],"collection":[{"href":"http:\/\/servicenterblog.institucional.ws\/index.php?rest_route=\/wp\/v2\/posts"}],"about":[{"href":"http:\/\/servicenterblog.institucional.ws\/index.php?rest_route=\/wp\/v2\/types\/post"}],"author":[{"embeddable":true,"href":"http:\/\/servicenterblog.institucional.ws\/index.php?rest_route=\/wp\/v2\/users\/1"}],"replies":[{"embeddable":true,"href":"http:\/\/servicenterblog.institucional.ws\/index.php?rest_route=%2Fwp%2Fv2%2Fcomments&post=1540"}],"version-history":[{"count":1,"href":"http:\/\/servicenterblog.institucional.ws\/index.php?rest_route=\/wp\/v2\/posts\/1540\/revisions"}],"predecessor-version":[{"id":1542,"href":"http:\/\/servicenterblog.institucional.ws\/index.php?rest_route=\/wp\/v2\/posts\/1540\/revisions\/1542"}],"wp:featuredmedia":[{"embeddable":true,"href":"http:\/\/servicenterblog.institucional.ws\/index.php?rest_route=\/wp\/v2\/media\/1541"}],"wp:attachment":[{"href":"http:\/\/servicenterblog.institucional.ws\/index.php?rest_route=%2Fwp%2Fv2%2Fmedia&parent=1540"}],"wp:term":[{"taxonomy":"category","embeddable":true,"href":"http:\/\/servicenterblog.institucional.ws\/index.php?rest_route=%2Fwp%2Fv2%2Fcategories&post=1540"},{"taxonomy":"post_tag","embeddable":true,"href":"http:\/\/servicenterblog.institucional.ws\/index.php?rest_route=%2Fwp%2Fv2%2Ftags&post=1540"}],"curies":[{"name":"wp","href":"https:\/\/api.w.org\/{rel}","templated":true}]}}