{"id":1536,"date":"2024-01-14T14:28:50","date_gmt":"2024-01-14T17:28:50","guid":{"rendered":"http:\/\/servicenterblog.institucional.ws\/?p=1536"},"modified":"2024-01-14T14:28:50","modified_gmt":"2024-01-14T17:28:50","slug":"5-dicas-de-como-cuidar-da-saude-no-verao","status":"publish","type":"post","link":"http:\/\/servicenterblog.institucional.ws\/?p=1536","title":{"rendered":"5 Dicas de como cuidar da sa\u00fade no Ver\u00e3o"},"content":{"rendered":"<p>O ver\u00e3o \u00e9 uma temporada repleta de energia e vitalidade, e \u00e9 a\u00ed que devemos tomar cuidados especiais para aproveitar ao m\u00e1ximo essa esta\u00e7\u00e3o. Com as temperaturas mais elevadas, \u00e9 importante focar na sa\u00fade.<\/p>\n<p>Continue lendo este texto para conferir dicas valiosas para se manter saud\u00e1vel nos dias mais quentes<\/p>\n<h3>1. Hidrata\u00e7\u00e3o constante<\/h3>\n<p>O calor aumenta a transpira\u00e7\u00e3o, tornando a hidrata\u00e7\u00e3o uma prioridade. Certifique-se de beber \u00e1gua regularmente ao longo do dia, pois a hidrata\u00e7\u00e3o \u00e9 importante para o funcionamento adequado do corpo e oferece exames de an\u00e1lise de l\u00edquidos que podem ajudar a monitorar seu estado de hidrata\u00e7\u00e3o.<\/p>\n<h3><strong>2. Alimenta\u00e7\u00e3o balanceada e refrescante<\/strong><\/h3>\n<p>Adote uma dieta rica em frutas, vegetais e alimentos leves. Uma alimenta\u00e7\u00e3o balanceada oferece a nutri\u00e7\u00e3o que o seu corpo precisa e ajuda a manter o organismo equilibrado durante o ano todo.<\/p>\n<h3><strong>3. Prote\u00e7\u00e3o solar adequada<\/strong><\/h3>\n<p>A exposi\u00e7\u00e3o ao sol \u00e9 inevit\u00e1vel durante o ver\u00e3o, mas n\u00e3o podemos esquecer de\u00a0proteger a pele. Utilize protetor solar com fator de prote\u00e7\u00e3o adequado e evite a exposi\u00e7\u00e3o direta nos hor\u00e1rios mais intensos. Procure um m\u00e9dico especializado para orienta\u00e7\u00f5es mais precisas para o seu tipo de pele.<\/p>\n<h3><strong>4. Atividade f\u00edsica com consci\u00eancia<\/strong><\/h3>\n<p>Mantenha-se ativo, mas escolha hor\u00e1rios mais frescos para exerc\u00edcios. Busque orienta\u00e7\u00e3o de um profissional e se necess\u00e1rio, realize exames de avalia\u00e7\u00e3o f\u00edsica que podem ser \u00fateis para guiar suas\u00a0atividades f\u00edsicas\u00a0de acordo com suas necessidades e limita\u00e7\u00f5es.<\/p>\n<h3><strong>5. Exames de rotina para preven\u00e7\u00e3o<\/strong><\/h3>\n<p>N\u00e3o negligencie os exames de rotina, mesmo durante o ver\u00e3o.\u00a0Exames preventivos\u00a0podem identificar precocemente potenciais problemas de sa\u00fade e \u00e9 uma maneira inteligente de cuidar da sua sa\u00fade a longo prazo.<\/p>\n<p>Neste ver\u00e3o, cuide da sua sa\u00fade: Hidrata\u00e7\u00e3o, alimenta\u00e7\u00e3o saud\u00e1vel, prote\u00e7\u00e3o solar, atividade f\u00edsica consciente e exames de rotina s\u00e3o fundamentais para aproveitar a esta\u00e7\u00e3o da maneira mais saud\u00e1vel poss\u00edvel.<\/p>\n<p>Consulte seu m\u00e9dico regularmente!<\/p>\n","protected":false},"excerpt":{"rendered":"<p>O ver\u00e3o \u00e9 uma temporada repleta de energia e vitalidade, e \u00e9 a\u00ed que devemos tomar cuidados especiais para aproveitar ao m\u00e1ximo essa esta\u00e7\u00e3o. Com as temperaturas mais elevadas, \u00e9 importante focar na sa\u00fade. Continue lendo este texto para conferir dicas valiosas para se manter saud\u00e1vel nos dias mais quentes 1. Hidrata\u00e7\u00e3o constante O calor [&hellip;]<\/p>\n","protected":false},"author":1,"featured_media":1537,"comment_status":"open","ping_status":"open","sticky":false,"template":"","format":"standard","meta":[],"categories":[3],"tags":[251,128,18,11,127],"_links":{"self":[{"href":"http:\/\/servicenterblog.institucional.ws\/index.php?rest_route=\/wp\/v2\/posts\/1536"}],"collection":[{"href":"http:\/\/servicenterblog.institucional.ws\/index.php?rest_route=\/wp\/v2\/posts"}],"about":[{"href":"http:\/\/servicenterblog.institucional.ws\/index.php?rest_route=\/wp\/v2\/types\/post"}],"author":[{"embeddable":true,"href":"http:\/\/servicenterblog.institucional.ws\/index.php?rest_route=\/wp\/v2\/users\/1"}],"replies":[{"embeddable":true,"href":"http:\/\/servicenterblog.institucional.ws\/index.php?rest_route=%2Fwp%2Fv2%2Fcomments&post=1536"}],"version-history":[{"count":1,"href":"http:\/\/servicenterblog.institucional.ws\/index.php?rest_route=\/wp\/v2\/posts\/1536\/revisions"}],"predecessor-version":[{"id":1538,"href":"http:\/\/servicenterblog.institucional.ws\/index.php?rest_route=\/wp\/v2\/posts\/1536\/revisions\/1538"}],"wp:featuredmedia":[{"embeddable":true,"href":"http:\/\/servicenterblog.institucional.ws\/index.php?rest_route=\/wp\/v2\/media\/1537"}],"wp:attachment":[{"href":"http:\/\/servicenterblog.institucional.ws\/index.php?rest_route=%2Fwp%2Fv2%2Fmedia&parent=1536"}],"wp:term":[{"taxonomy":"category","embeddable":true,"href":"http:\/\/servicenterblog.institucional.ws\/index.php?rest_route=%2Fwp%2Fv2%2Fcategories&post=1536"},{"taxonomy":"post_tag","embeddable":true,"href":"http:\/\/servicenterblog.institucional.ws\/index.php?rest_route=%2Fwp%2Fv2%2Ftags&post=1536"}],"curies":[{"name":"wp","href":"https:\/\/api.w.org\/{rel}","templated":true}]}}