{"id":1528,"date":"2024-01-02T16:09:46","date_gmt":"2024-01-02T19:09:46","guid":{"rendered":"http:\/\/servicenterblog.institucional.ws\/?p=1528"},"modified":"2024-01-02T16:09:46","modified_gmt":"2024-01-02T19:09:46","slug":"janeiro-branco-mes-de-conscientizacao-sobre-a-saude-mental","status":"publish","type":"post","link":"http:\/\/servicenterblog.institucional.ws\/?p=1528","title":{"rendered":"Janeiro Branco: m\u00eas de conscientiza\u00e7\u00e3o sobre a sa\u00fade mental"},"content":{"rendered":"<p>Em 2024, o tema do Movimento Janeiro Branco n\u00e3o poderia ser outro: Sa\u00fade Mental enquanto h\u00e1 tempo!<\/p>\n<div><\/div>\n<p>Juntos, a gente consegue levar essa mensagem ao mundo!<\/p>\n<div><\/div>\n<p>O Janeiro Branco \u00e9 um movimento social dedicado \u00e0 constru\u00e7\u00e3o de uma cultura da Sa\u00fade Mental na humanidade. \u00c9, tamb\u00e9m, o nome do Instituto que coordena esse movimento.<\/p>\n<div><\/div>\n<p>O seu objetivo \u00e9 chamar a aten\u00e7\u00e3o dos indiv\u00edduos, das institui\u00e7\u00f5es, das sociedades e das autoridades para as necessidades relacionadas \u00e0 Sa\u00fade Mental dos seres humanos.<\/p>\n<div><\/div>\n<p>Uma humanidade mais saud\u00e1vel pressup\u00f5e respeito \u00e0 condi\u00e7\u00e3o psicol\u00f3gica de todos!<\/p>\n<div><\/div>\n<p>Para mais informa\u00e7\u00f5es acesse: https:\/\/janeirobranco.com.br<\/p>\n<div><\/div>\n<p>A Servicenter apoia esta causa.<\/p>\n<div><\/div>\n<p>Servicenter\u2800<br \/>\nAtendimento online \u00a0(11) 97202-7875\u2800<br \/>\nTelefone: (11) 3722-2233\u2800\u2800\u2800<br \/>\nAcesse nosso site: www.scmedicamentos.com.br\u2800\u2800\u2800<\/p>\n<p>&nbsp;<\/p>\n","protected":false},"excerpt":{"rendered":"<p>Em 2024, o tema do Movimento Janeiro Branco n\u00e3o poderia ser outro: Sa\u00fade Mental enquanto h\u00e1 tempo! Juntos, a gente consegue levar essa mensagem ao mundo! O Janeiro Branco \u00e9 um movimento social dedicado \u00e0 constru\u00e7\u00e3o de uma cultura da Sa\u00fade Mental na humanidade. \u00c9, tamb\u00e9m, o nome do Instituto que coordena esse movimento. O [&hellip;]<\/p>\n","protected":false},"author":1,"featured_media":1529,"comment_status":"open","ping_status":"open","sticky":false,"template":"","format":"standard","meta":[],"categories":[2],"tags":[131,95],"_links":{"self":[{"href":"http:\/\/servicenterblog.institucional.ws\/index.php?rest_route=\/wp\/v2\/posts\/1528"}],"collection":[{"href":"http:\/\/servicenterblog.institucional.ws\/index.php?rest_route=\/wp\/v2\/posts"}],"about":[{"href":"http:\/\/servicenterblog.institucional.ws\/index.php?rest_route=\/wp\/v2\/types\/post"}],"author":[{"embeddable":true,"href":"http:\/\/servicenterblog.institucional.ws\/index.php?rest_route=\/wp\/v2\/users\/1"}],"replies":[{"embeddable":true,"href":"http:\/\/servicenterblog.institucional.ws\/index.php?rest_route=%2Fwp%2Fv2%2Fcomments&post=1528"}],"version-history":[{"count":1,"href":"http:\/\/servicenterblog.institucional.ws\/index.php?rest_route=\/wp\/v2\/posts\/1528\/revisions"}],"predecessor-version":[{"id":1530,"href":"http:\/\/servicenterblog.institucional.ws\/index.php?rest_route=\/wp\/v2\/posts\/1528\/revisions\/1530"}],"wp:featuredmedia":[{"embeddable":true,"href":"http:\/\/servicenterblog.institucional.ws\/index.php?rest_route=\/wp\/v2\/media\/1529"}],"wp:attachment":[{"href":"http:\/\/servicenterblog.institucional.ws\/index.php?rest_route=%2Fwp%2Fv2%2Fmedia&parent=1528"}],"wp:term":[{"taxonomy":"category","embeddable":true,"href":"http:\/\/servicenterblog.institucional.ws\/index.php?rest_route=%2Fwp%2Fv2%2Fcategories&post=1528"},{"taxonomy":"post_tag","embeddable":true,"href":"http:\/\/servicenterblog.institucional.ws\/index.php?rest_route=%2Fwp%2Fv2%2Ftags&post=1528"}],"curies":[{"name":"wp","href":"https:\/\/api.w.org\/{rel}","templated":true}]}}