{"id":1520,"date":"2023-11-24T16:15:56","date_gmt":"2023-11-24T19:15:56","guid":{"rendered":"http:\/\/servicenterblog.institucional.ws\/?p=1520"},"modified":"2023-11-24T16:15:56","modified_gmt":"2023-11-24T19:15:56","slug":"cientistas-podem-ter-desvendado-enigma-de-como-alzheimer-mata-neuronios","status":"publish","type":"post","link":"http:\/\/servicenterblog.institucional.ws\/?p=1520","title":{"rendered":"Cientistas podem ter desvendado enigma de como Alzheimer &#8216;mata&#8217; neur\u00f4nios"},"content":{"rendered":"<div class=\"bbc-19j92fr ebmt73l0\" dir=\"ltr\">\n<p class=\"bbc-hhl7in e17g058b0\" dir=\"ltr\">Cientistas do Reino Unido e da B\u00e9lgica acreditam ter finalmente entendido como as c\u00e9lulas cerebrais morrem na doen\u00e7a de Alzheimer.<\/p>\n<\/div>\n<div class=\"bbc-19j92fr ebmt73l0\" dir=\"ltr\">\n<p class=\"bbc-hhl7in e17g058b0\" dir=\"ltr\">H\u00e1 d\u00e9cadas, este \u00e9 um mist\u00e9rio e fonte de intenso debate cient\u00edfico.<\/p>\n<\/div>\n<div class=\"bbc-19j92fr ebmt73l0\" dir=\"ltr\">\n<p class=\"bbc-hhl7in e17g058b0\" dir=\"ltr\">Em artigo publicado na revista Science, a equipe associou as prote\u00ednas anormais que se acumulam no c\u00e9rebro com a \u201cnecroptose\u201d \u2013 uma forma de suic\u00eddio celular.<\/p>\n<\/div>\n<div class=\"bbc-19j92fr ebmt73l0\" dir=\"ltr\">\n<p class=\"bbc-hhl7in e17g058b0\" dir=\"ltr\">As descobertas foram descritas como \u201cinteressantes\u201d e \u201cexcitantes\u201d, pois abrem caminho para novas ideias para o tratamento da doen\u00e7a.<\/p>\n<div class=\"bbc-19j92fr ebmt73l0\" dir=\"ltr\">\n<h2 id=\"Novas-pistas-\" class=\"bbc-1f03ibc eglt09e0\" tabindex=\"-1\">Novas pistas<\/h2>\n<\/div>\n<div class=\"bbc-19j92fr ebmt73l0\" dir=\"ltr\">\n<p class=\"bbc-hhl7in e17g058b0\" dir=\"ltr\">A perda de c\u00e9lulas cerebrais, os neur\u00f4nios, leva aos sintomas do Alzheimer, incluindo perda de mem\u00f3ria.<\/p>\n<div class=\"bbc-19j92fr ebmt73l0\" dir=\"ltr\">\n<p class=\"bbc-hhl7in e17g058b0\" dir=\"ltr\">Dentro do c\u00e9rebro das pessoas com a doen\u00e7a acontece um ac\u00famulo de prote\u00ednas anormais chamadas amil\u00f3ide e TAU.<\/p>\n<\/div>\n<div class=\"bbc-19j92fr ebmt73l0\" dir=\"ltr\">\n<p class=\"bbc-hhl7in e17g058b0\" dir=\"ltr\">Mas os cientistas n\u00e3o haviam conseguido entender essas caracter\u00edsticas-chave da doen\u00e7a.<\/p>\n<\/div>\n<div class=\"bbc-19j92fr ebmt73l0\" dir=\"ltr\">\n<p class=\"bbc-hhl7in e17g058b0\" dir=\"ltr\">\u00c9 isso o que os pesquisadores do Instituto de Pesquisa de Dem\u00eancia do Reino Unido, nas universidades College London e KU Leuven, na B\u00e9lgica, pensam estar acontecendo agora.<\/p>\n<\/div>\n<div class=\"bbc-19j92fr ebmt73l0\" dir=\"ltr\">\n<p class=\"bbc-hhl7in e17g058b0\" dir=\"ltr\">Eles dizem que a amiloide anormal come\u00e7a a se acumular nos espa\u00e7os entre os neur\u00f4nios, levando a uma inflama\u00e7\u00e3o cerebral &#8211; algo que \u00e9 nocivo aos neur\u00f4nios. Isso come\u00e7aria a mudar sua qu\u00edmica interna.<\/p>\n<\/div>\n<div class=\"bbc-19j92fr ebmt73l0\" dir=\"ltr\">\n<p class=\"bbc-hhl7in e17g058b0\" dir=\"ltr\">Emaranhados de TAU come\u00e7am a surgir e as c\u00e9lulas cerebrais come\u00e7am a produzir uma mol\u00e9cula espec\u00edfica, chamada MEG3, que provoca sua morte por necroptose.<\/p>\n<\/div>\n<div class=\"bbc-19j92fr ebmt73l0\" dir=\"ltr\">\n<p class=\"bbc-hhl7in e17g058b0\" dir=\"ltr\">A necroptose \u00e9 um dos m\u00e9todos que nosso corpo normalmente usa para eliminar c\u00e9lulas indesejadas \u00e0 medida que c\u00e9lulas novas s\u00e3o produzidas.<\/p>\n<\/div>\n<div class=\"bbc-19j92fr ebmt73l0\" dir=\"ltr\">\n<p class=\"bbc-hhl7in e17g058b0\" dir=\"ltr\">As c\u00e9lulas cerebrais sobreviveram quando a equipe conseguiu bloquear a MEG3.<\/p>\n<\/div>\n<div class=\"bbc-19j92fr ebmt73l0\" dir=\"ltr\">\n<p class=\"bbc-hhl7in e17g058b0\" dir=\"ltr\">\u201cEsta \u00e9 uma descoberta muito importante e interessante\u201d, disse \u00e0 BBC o pesquisador Bart De Strooper, do Instituto de Pesquisa de Dem\u00eancia do Reino Unido.<\/p>\n<\/div>\n<div class=\"bbc-19j92fr ebmt73l0\" dir=\"ltr\">\n<p class=\"bbc-hhl7in e17g058b0\" dir=\"ltr\">\u201cPela primeira vez temos uma pista sobre como e por que os neur\u00f4nios morrem na doen\u00e7a de Alzheimer. Tem havido muita especula\u00e7\u00e3o nos \u00faltimos 30 a 40 anos, mas ningu\u00e9m foi capaz de identificar os mecanismos&#8221;, afirmou Strooper.<\/p>\n<\/div>\n<div class=\"bbc-19j92fr ebmt73l0\" dir=\"ltr\">\n<p class=\"bbc-hhl7in e17g058b0\" dir=\"ltr\">Estas respostas vieram de experimentos em que c\u00e9lulas cerebrais humanas foram transplantadas para c\u00e9rebros de camundongos geneticamente modificados.<\/p>\n<\/div>\n<div class=\"bbc-19j92fr ebmt73l0\" dir=\"ltr\">\n<p class=\"bbc-hhl7in e17g058b0\" dir=\"ltr\">Os animais foram programados para produzir grandes quantidades de amiloide anormal.<\/p>\n<\/div>\n<div class=\"bbc-19j92fr ebmt73l0\" dir=\"ltr\">\n<p class=\"bbc-hhl7in e17g058b0\" dir=\"ltr\">Recentemente, medicamentos que eliminam a amiloide do c\u00e9rebro foram desenvolvidos com sucesso, marcando os primeiros tratamentos j\u00e1 criados para retardar a destrui\u00e7\u00e3o das c\u00e9lulas cerebrais.<\/p>\n<\/div>\n<div class=\"bbc-19j92fr ebmt73l0\" dir=\"ltr\">\n<h2 id=\"Cautela\" class=\"bbc-1f03ibc eglt09e0\" tabindex=\"-1\">Cautela<\/h2>\n<\/div>\n<div class=\"bbc-19j92fr ebmt73l0\" dir=\"ltr\">\n<p class=\"bbc-hhl7in e17g058b0\" dir=\"ltr\">O professor De Strooper diz que a descoberta de que o bloqueio da mol\u00e9cula MEG3 pode adiar a morte das c\u00e9lulas cerebrais poder\u00e1 abrir caminho para uma \u201clinha totalmente nova de desenvolvimento de medicamentos\u201d.<\/p>\n<\/div>\n<div class=\"bbc-19j92fr ebmt73l0\" dir=\"ltr\">\n<p class=\"bbc-hhl7in e17g058b0\" dir=\"ltr\">No entanto, isso levar\u00e1 anos de pesquisa.<\/p>\n<\/div>\n<div class=\"bbc-19j92fr ebmt73l0\" dir=\"ltr\">\n<p class=\"bbc-hhl7in e17g058b0\" dir=\"ltr\">A professora da Universidade de Edimburgo Tara Spires-Jones, presidente da Associa\u00e7\u00e3o Brit\u00e2nica de Neuroci\u00eancias, disse que \u201ceste \u00e9 um artigo interessante\u201d.<\/p>\n<\/div>\n<div class=\"bbc-19j92fr ebmt73l0\" dir=\"ltr\">\n<p class=\"bbc-hhl7in e17g058b0\" dir=\"ltr\">Ela afirma que o estudo &#8220;aborda uma das lacunas fundamentais na pesquisa sobre Alzheimer&#8221;<\/p>\n<\/div>\n<div class=\"bbc-19j92fr ebmt73l0\" dir=\"ltr\">\n<p class=\"bbc-hhl7in e17g058b0\" dir=\"ltr\">&#8220;Estes resultados s\u00e3o fascinantes e ser\u00e3o importantes para o avan\u00e7o neste campo.&#8221;<\/p>\n<\/div>\n<div class=\"bbc-19j92fr ebmt73l0\" dir=\"ltr\">\n<p class=\"bbc-hhl7in e17g058b0\" dir=\"ltr\">No entanto, ela enfatizou que \u201cmuitos passos s\u00e3o necess\u00e1rios\u201d antes de sabermos se as descobertas poder\u00e3o ser aproveitadas como tratamento eficaz para a doen\u00e7a de Alzheimer.<\/p>\n<\/div>\n<div class=\"bbc-19j92fr ebmt73l0\" dir=\"ltr\">\n<p class=\"bbc-hhl7in e17g058b0\" dir=\"ltr\">Susan Kohlhaas, da organiza\u00e7\u00e3o Alzheimer&#8217;s Research UK, disse que as descobertas s\u00e3o &#8220;excitantes&#8221;, mas ainda est\u00e3o em est\u00e1gio inicial.<\/p>\n<\/div>\n<div class=\"bbc-19j92fr ebmt73l0\" dir=\"ltr\">\n<p class=\"bbc-hhl7in e17g058b0\" dir=\"ltr\">\u201cEsta descoberta \u00e9 importante porque aponta para novos mecanismos de morte celular na doen\u00e7a de Alzheimer que n\u00e3o entend\u00edamos anteriormente e pode abrir caminho para novos tratamentos para retardar ou mesmo parar a progress\u00e3o da doen\u00e7a no futuro\u201d, disse.<\/p>\n<p>Fonte: BBC News Brasil<br \/>\nhttps:\/\/www.bbc.com\/portuguese\/articles\/ce52j77k812o<\/p>\n<\/div>\n<\/div>\n<\/div>\n","protected":false},"excerpt":{"rendered":"<p>Cientistas do Reino Unido e da B\u00e9lgica acreditam ter finalmente entendido como as c\u00e9lulas cerebrais morrem na doen\u00e7a de Alzheimer. H\u00e1 d\u00e9cadas, este \u00e9 um mist\u00e9rio e fonte de intenso debate cient\u00edfico. Em artigo publicado na revista Science, a equipe associou as prote\u00ednas anormais que se acumulam no c\u00e9rebro com a \u201cnecroptose\u201d \u2013 uma forma [&hellip;]<\/p>\n","protected":false},"author":1,"featured_media":1521,"comment_status":"open","ping_status":"open","sticky":false,"template":"","format":"standard","meta":[],"categories":[3],"tags":[381],"_links":{"self":[{"href":"http:\/\/servicenterblog.institucional.ws\/index.php?rest_route=\/wp\/v2\/posts\/1520"}],"collection":[{"href":"http:\/\/servicenterblog.institucional.ws\/index.php?rest_route=\/wp\/v2\/posts"}],"about":[{"href":"http:\/\/servicenterblog.institucional.ws\/index.php?rest_route=\/wp\/v2\/types\/post"}],"author":[{"embeddable":true,"href":"http:\/\/servicenterblog.institucional.ws\/index.php?rest_route=\/wp\/v2\/users\/1"}],"replies":[{"embeddable":true,"href":"http:\/\/servicenterblog.institucional.ws\/index.php?rest_route=%2Fwp%2Fv2%2Fcomments&post=1520"}],"version-history":[{"count":1,"href":"http:\/\/servicenterblog.institucional.ws\/index.php?rest_route=\/wp\/v2\/posts\/1520\/revisions"}],"predecessor-version":[{"id":1522,"href":"http:\/\/servicenterblog.institucional.ws\/index.php?rest_route=\/wp\/v2\/posts\/1520\/revisions\/1522"}],"wp:featuredmedia":[{"embeddable":true,"href":"http:\/\/servicenterblog.institucional.ws\/index.php?rest_route=\/wp\/v2\/media\/1521"}],"wp:attachment":[{"href":"http:\/\/servicenterblog.institucional.ws\/index.php?rest_route=%2Fwp%2Fv2%2Fmedia&parent=1520"}],"wp:term":[{"taxonomy":"category","embeddable":true,"href":"http:\/\/servicenterblog.institucional.ws\/index.php?rest_route=%2Fwp%2Fv2%2Fcategories&post=1520"},{"taxonomy":"post_tag","embeddable":true,"href":"http:\/\/servicenterblog.institucional.ws\/index.php?rest_route=%2Fwp%2Fv2%2Ftags&post=1520"}],"curies":[{"name":"wp","href":"https:\/\/api.w.org\/{rel}","templated":true}]}}