{"id":1513,"date":"2023-11-09T13:48:45","date_gmt":"2023-11-09T16:48:45","guid":{"rendered":"http:\/\/servicenterblog.institucional.ws\/?p=1513"},"modified":"2023-11-09T13:48:45","modified_gmt":"2023-11-09T16:48:45","slug":"sede-tonturas-cerveja-veja-riscos-no-calor-forte-e-cuidados-para-se-proteger","status":"publish","type":"post","link":"http:\/\/servicenterblog.institucional.ws\/?p=1513","title":{"rendered":"Sede, tonturas, cerveja: veja riscos no calor forte e cuidados para se proteger"},"content":{"rendered":"<p>Cardiologistas entrevistados pela CNN explicam o que fazer em meio a onda de calor at\u00edpico que atinge v\u00e1rios estados do pa\u00eds<\/p>\n<p>O Instituto Nacional de Meteorologia (Inmet) acionou nos \u00faltimos dias\u00a0o alerta vermelho para diversos estados do pa\u00eds\u00a0por conta das altas temperaturas, o que significa que\u00a0a onda de calor que assola o Brasil implica, inclusive, em riscos para a sa\u00fade, em especial de crian\u00e7as e idosos.<\/p>\n<p>A exposi\u00e7\u00e3o direta ao sol e a falta de hidrata\u00e7\u00e3o podem levar a consequ\u00eancias que v\u00e3o de queda na press\u00e3o at\u00e9 desmaios, al\u00e9m de aumentar o risco de doen\u00e7as graves como o melanoma, uma das formas mais graves e c\u00e2ncer de pele.<\/p>\n<div class=\"whatsapp__cta__single\">\n<div class=\"whatsapp__cta__imgs\">\n<p>A\u00a0<strong>CNN<\/strong>\u00a0conversou com os cardiologistas Sergio Timerman, diretor do Instituto do Cora\u00e7\u00e3o (InCor), e Augusto Scalabrini Neto, do Hospital S\u00edrio Liban\u00eas, que explicaram quais s\u00e3o os riscos implicados para a sa\u00fade das pessoas sob temperaturas acima do normal.<\/p>\n<p>Eles listam os principais cuidados a se tomar para evitar esses impactos e a que sinais de alerta do corpo estar atento para procurar ajuda, se necess\u00e1rio.<\/p>\n<h3>Cuidados<\/h3>\n<ul>\n<li><strong>Tomar \u00e1gua<\/strong><\/li>\n<\/ul>\n<p>\u201cQuando a pessoa est\u00e1 sentindo sede ela j\u00e1 est\u00e1 desidratada. N\u00e3o espere ficar com sede e comece a se hidratar com \u00e1gua\u201d, disse Timerman, do InCor.<\/p>\n<p>De acordo com ele, a velha e boa \u00e1gua j\u00e1 \u00e9 a melhor op\u00e7\u00e3o e n\u00e3o pode faltar, dispensando isot\u00f4nicos ou outros tipos de bebidas.<\/p>\n<p>Scalabrini, do S\u00edrio Liban\u00eas, explica que a indica\u00e7\u00e3o \u00e9 manter uma garrafa de \u00e1gua sempre por perto, beb\u00ea-la ao longo do dia todo e, nas altas temperaturas, ingerir ao menos\u00a0<strong>2 litros de \u00e1gua<\/strong>.<\/p>\n<p>Como a atual onda de calor est\u00e1 acompanhada, tamb\u00e9m, de um\u00a0<strong>tempo muito seco<\/strong>, os riscos de desidrata\u00e7\u00e3o ficam ainda maiores.<\/p>\n<ul>\n<li><strong>Outras formas de hidrata\u00e7\u00e3o<\/strong><\/li>\n<\/ul>\n<p>O diretor do InCor lembra que a desidrata\u00e7\u00e3o atinge o corpo por diversas frentes al\u00e9m da sede, podendo ser sentida tamb\u00e9m em mucosas como a do\u00a0<strong>nariz<\/strong>\u00a0e na\u00a0<strong>pele<\/strong>.<\/p>\n<p>Por isso, outras formas de hidrata\u00e7\u00e3o, al\u00e9m da ingest\u00e3o de \u00e1gua, tamb\u00e9m s\u00e3o importantes;<\/p>\n<p>As vias nasais tamb\u00e9m podem ser hidratadas, com\u00a0<strong>soro fisiol\u00f3gico<\/strong>\u00a0por exemplo.<\/p>\n<p>Para a pele, ajudam\u00a0<strong>compressas<\/strong>\u00a0com pano umedecido,\u00a0<strong>banhos<\/strong>\u00a0e\u00a0<strong>cremes hidratantes<\/strong>.<\/p>\n<p>Pequenos \u201ctruques\u201d para ajudar a elevar a umidade dos ambientes tamb\u00e9m ajudam, como panos ou outros objetivos molhados no ambiente.<\/p>\n<ul>\n<li><strong>Filtro solar<\/strong><\/li>\n<\/ul>\n<p>Os protetores solares s\u00e3o essenciais para proteger a pele, inclusive para reduzir os riscos da evolu\u00e7\u00e3o de doen\u00e7as como o melanoma e outros tipos de c\u00e2ncer de pele.<\/p>\n<p>Os protetores devem ter\u00a0<strong>fator 30,<\/strong>\u00a0pelo menos, de acordo com Scalabrini, e serem repostos na pele\u00a0<strong>a cada duas horas<\/strong>, para que n\u00e3o percam o efeito.<\/p>\n<ul>\n<li><b>Hor\u00e1rios de exposi\u00e7\u00e3o<\/b><\/li>\n<\/ul>\n<p>A indica\u00e7\u00e3o dos especialistas \u00e9 evitar a exposi\u00e7\u00e3o ao sol, aproximadamente,\u00a0<strong>das 10h da manh\u00e3 at\u00e9 as 16h ou 17h<\/strong>, no fim da tarde, per\u00edodo em que o calor fica mais intenso.<\/p>\n<p>O pico de calor, explica Timerman, acontece entre 13h e 14h.<\/p>\n<p>Isto vale, por exemplo, para passeios, parques, praia, piscina, caminhadas e, principalmente, atividades esportivas \u2013 que devem ser feitas pela manh\u00e3 ou ao fim da tarde.<\/p>\n<p>Al\u00e9m do protetor solar, que \u00e9 essencial, outras prote\u00e7\u00f5es como\u00a0<strong>bon\u00e9<\/strong>,\u00a0<strong>chap\u00e9u<\/strong>,\u00a0<strong>guarda-sol<\/strong>\u00a0ou\u00a0<strong>sombrinha<\/strong>\u00a0tamb\u00e9m ajudam a reduzir os efeitos da exposi\u00e7\u00e3o direta ao sol.<\/p>\n<h3>Pode beber \u00e1lcool?<\/h3>\n<p>Embora a combina\u00e7\u00e3o entre calor e cerveja seja muito atraente, as bebidas alcoolicas, no geral, colaboram para acelerar a\u00a0<strong>desidrata\u00e7\u00e3o<\/strong>, e devem ser consumidas de maneira\u00a0<strong>moderada<\/strong>\u00a0e sempre\u00a0<strong>intercaladas com \u00e1gua<\/strong>.<\/p>\n<p>\u201cO \u00e1lcool inibe um horm\u00f4nio chamado antidiur\u00e9tico e faz voc\u00ea urinar mais\u201d, explica Scalabrini, do S\u00edrio Liban\u00eas.<\/p>\n<p>\u201cPor isso, quando tomamos cerveja, aumenta a diurese [elimina\u00e7\u00e3o de urina].\u00a0 Isso faz com que a pessoa perca mais \u00e1gua e, com certeza, se desidrate mais r\u00e1pido.\u201d<\/p>\n<h3>Como se alimentar<\/h3>\n<p>Evitar refei\u00e7\u00f5es pesadas e gordurosas tamb\u00e9m ajuda a evitar as sensa\u00e7\u00f5es de mal estar causadas pelo calor.<\/p>\n<p>As refei\u00e7\u00f5es devem ser\u00a0<strong>leves<\/strong>, feitas em\u00a0<strong>quantidades menores<\/strong>\u00a0e com intervalos mais curtos,\u00a0<strong>a cada duas horas<\/strong>, o que ajuda a n\u00e3o pesar a digest\u00e3o.<\/p>\n<p>\u201cQuando voc\u00ea come, parte da circula\u00e7\u00e3o \u00e9 desviada para o sistema digestivo, para fazer a digest\u00e3o, o que diminuiu o aporte de sangue para outras regi\u00f5es do corpo\u201d, diz Scalabrini.<\/p>\n<p>\u201cIsso, junto com desidrata\u00e7\u00e3o, facilita as quedas de press\u00e3o e o mal estar que podem levar at\u00e9 ao desmaio.\u201d<\/p>\n<h3>O que pode acontecer e sintomas<\/h3>\n<p>De acordo com os m\u00e9dicos, h\u00e1 alguns sintomas t\u00edpicos do calor em excesso e quem podem, tamb\u00e9m, ser os primeiros sinais de uma situa\u00e7\u00e3o de estresse no corpo.<\/p>\n<p>Entre os principais, est\u00e3o:<\/p>\n<ul>\n<li>Fadiga e cansa\u00e7o<\/li>\n<li>Sede<\/li>\n<li>Sudorese<\/li>\n<li>Dor de cabe\u00e7a<\/li>\n<li>Pele avermelhada<\/li>\n<\/ul>\n<p>Beber \u00e1gua, tomar um banho frio e sair do local para uma \u00e1rea mais fresca s\u00e3o algumas medidas que ajudam a revert\u00ea-los, recomenda Timerman, do InCor.<\/p>\n<p>\u201cA pessoa tamb\u00e9m pode fazer uma compressa com gelo ou com \u00e1gua fria\u201d, diz o cardiologista.<\/p>\n<p>Os demais cuidados, como a hidrata\u00e7\u00e3o constante e a alimenta\u00e7\u00e3o leve ajudam tamb\u00e9m a evit\u00e1-los.<\/p>\n<h3>Quando procurar um m\u00e9dico<\/h3>\n<p>Os sinais de mal estar podem evoluir para sintomas mais graves, em especial nas crian\u00e7as e nos idosos, e que merecem aten\u00e7\u00e3o.<\/p>\n<p>\u201cEm uma segunda fase, que tem acontecido muito na Europa, h\u00e1 o que chamamos de golpe de calor, ou\u00a0<strong>acidente vascular causado pelo calor<\/strong>\u201c, diz Timerman.<\/p>\n<p>\u201c\u00c9 como se fosse um derrame. Se a pessoa tiver\u00a0<strong>taquicardia<\/strong>\u00a0e\u00a0<strong>mal estar<\/strong>, pode procurar um servi\u00e7o de emerg\u00eancia.\u201d<\/p>\n<p>Entre os sintomas mais graves, e que podem valer a procurar por ajuda especializada, est\u00e3o:<\/p>\n<ul>\n<li>Tontura forte<\/li>\n<li>Sensa\u00e7\u00e3o de desmaio<\/li>\n<li>Queda forte da press\u00e3o arterial<\/li>\n<li>Aumento expressivo da frequ\u00eancia card\u00edaca (acima de 100 batimentos por segundo em repouso)<\/li>\n<\/ul>\n<\/div>\n<p>Fonte: CNN Brasil<\/p>\n<blockquote class=\"wp-embedded-content\" data-secret=\"tMW8bxIa5H\"><p><a href=\"https:\/\/www.cnnbrasil.com.br\/saude\/sede-tonturas-cerveja-veja-riscos-no-calor-forte-e-cuidados-para-se-proteger\/\">Sede, tonturas, cerveja: veja riscos no calor forte e cuidados para se proteger<\/a><\/p><\/blockquote>\n<p><iframe class=\"wp-embedded-content\" sandbox=\"allow-scripts\" security=\"restricted\" style=\"position: absolute; clip: rect(1px, 1px, 1px, 1px);\" title=\"&#8220;Sede, tonturas, cerveja: veja riscos no calor forte e cuidados para se proteger&#8221; &#8212; CNN Brasil\" src=\"https:\/\/www.cnnbrasil.com.br\/saude\/sede-tonturas-cerveja-veja-riscos-no-calor-forte-e-cuidados-para-se-proteger\/embed\/#?secret=WdC6cfD2F3#?secret=tMW8bxIa5H\" data-secret=\"tMW8bxIa5H\" width=\"600\" height=\"338\" frameborder=\"0\" marginwidth=\"0\" marginheight=\"0\" scrolling=\"no\"><\/iframe><\/p>\n<div class=\"whatsapp__cta__imgs\">\n<p>&nbsp;<\/p>\n<\/div>\n<\/div>\n","protected":false},"excerpt":{"rendered":"<p>Cardiologistas entrevistados pela CNN explicam o que fazer em meio a onda de calor at\u00edpico que atinge v\u00e1rios estados do pa\u00eds O Instituto Nacional de Meteorologia (Inmet) acionou nos \u00faltimos dias\u00a0o alerta vermelho para diversos estados do pa\u00eds\u00a0por conta das altas temperaturas, o que significa que\u00a0a onda de calor que assola o Brasil implica, inclusive, [&hellip;]<\/p>\n","protected":false},"author":1,"featured_media":1514,"comment_status":"open","ping_status":"open","sticky":false,"template":"","format":"standard","meta":[],"categories":[3],"tags":[245,128,379,18,129],"_links":{"self":[{"href":"http:\/\/servicenterblog.institucional.ws\/index.php?rest_route=\/wp\/v2\/posts\/1513"}],"collection":[{"href":"http:\/\/servicenterblog.institucional.ws\/index.php?rest_route=\/wp\/v2\/posts"}],"about":[{"href":"http:\/\/servicenterblog.institucional.ws\/index.php?rest_route=\/wp\/v2\/types\/post"}],"author":[{"embeddable":true,"href":"http:\/\/servicenterblog.institucional.ws\/index.php?rest_route=\/wp\/v2\/users\/1"}],"replies":[{"embeddable":true,"href":"http:\/\/servicenterblog.institucional.ws\/index.php?rest_route=%2Fwp%2Fv2%2Fcomments&post=1513"}],"version-history":[{"count":1,"href":"http:\/\/servicenterblog.institucional.ws\/index.php?rest_route=\/wp\/v2\/posts\/1513\/revisions"}],"predecessor-version":[{"id":1515,"href":"http:\/\/servicenterblog.institucional.ws\/index.php?rest_route=\/wp\/v2\/posts\/1513\/revisions\/1515"}],"wp:featuredmedia":[{"embeddable":true,"href":"http:\/\/servicenterblog.institucional.ws\/index.php?rest_route=\/wp\/v2\/media\/1514"}],"wp:attachment":[{"href":"http:\/\/servicenterblog.institucional.ws\/index.php?rest_route=%2Fwp%2Fv2%2Fmedia&parent=1513"}],"wp:term":[{"taxonomy":"category","embeddable":true,"href":"http:\/\/servicenterblog.institucional.ws\/index.php?rest_route=%2Fwp%2Fv2%2Fcategories&post=1513"},{"taxonomy":"post_tag","embeddable":true,"href":"http:\/\/servicenterblog.institucional.ws\/index.php?rest_route=%2Fwp%2Fv2%2Ftags&post=1513"}],"curies":[{"name":"wp","href":"https:\/\/api.w.org\/{rel}","templated":true}]}}