{"id":1490,"date":"2023-09-13T10:31:04","date_gmt":"2023-09-13T13:31:04","guid":{"rendered":"http:\/\/servicenterblog.institucional.ws\/?p=1490"},"modified":"2023-09-13T10:31:04","modified_gmt":"2023-09-13T13:31:04","slug":"vacina-contra-cancer-de-pele-mais-letal-entra-na-ultima-fase-de-teste-saiba-como-funciona","status":"publish","type":"post","link":"http:\/\/servicenterblog.institucional.ws\/?p=1490","title":{"rendered":"Vacina contra c\u00e2ncer de pele mais letal entra na \u00faltima fase de teste; saiba como funciona"},"content":{"rendered":"<p>As farmac\u00eauticas\u00a0Moderna\u00a0e\u00a0MSD\u00a0anunciaram que o tratamento conjunto que est\u00e3o desenvolvendo contra o melanoma, o tipo mais letal de\u00a0c\u00e2ncer de pele, ir\u00e1 para a terceira e \u00faltima fase de testes cl\u00ednicos. Ele inclui uma nova\u00a0vacina\u00a0e um medicamento j\u00e1 utilizado contra a doen\u00e7a.<\/p>\n<p>Ser\u00e3o recrutadas aproximadamente 1.089 pessoas maiores de 18 anos em cerca de 25 pa\u00edses para os testes. As primeiras inscri\u00e7\u00f5es j\u00e1 come\u00e7aram na Austr\u00e1lia, segundo a nota conjunta das empresas. A pesquisa deve levar mais de um ano para ser conclu\u00edda.<\/p>\n<p>Dados de um estudo intermedi\u00e1rio em 157 pacientes indicaram que a combina\u00e7\u00e3o da vacina com a imunoterapia Keytruda reduziu o risco de recorr\u00eancia ou morte em 44% em pacientes com melanoma quando comparada com a utiliza\u00e7\u00e3o apenas de Keytruda, conforme noticiou a ag\u00eancia de not\u00edcias \u201cReuters\u201d.<\/p>\n<p>Kyle Holen, vice-presidente s\u00eanior e chefe de desenvolvimento, terap\u00eautica e oncologia da Moderna, classificou o in\u00edcio do estudo de fase 3 como \u201cum marco empolgante e importante\u201d.<\/p>\n<p>Ele destacou que os laborat\u00f3rios continuar\u00e3o trabalhando em conjunto para \u201cinvestigar como a terapia individualizada com neoant\u00edgenos pode potencialmente transformar o tratamento da forma mais grave\u00a0c\u00e2ncer\u00a0de pele\u201d.<\/p>\n<p>A Moderna e a MSD informaram que planejam expandir o programa para outros tipos de c\u00e2ncer, incluindo o de pulm\u00e3o de c\u00e9lulas n\u00e3o pequenas.<\/p>\n<h2>Entenda como funciona o tratamento<\/h2>\n<p>A vacina experimental contra o c\u00e2ncer da Moderna foi projetada para preparar o sistema imunol\u00f3gico para gerar uma resposta a tumores espec\u00edficos.<\/p>\n<p>Ela utiliza a tecnologia de RNA mensageiro (mRNA) \u2013que foi utilizado em algumas vacinas para a Covid-19, por exemplo\u2013, uma esp\u00e9cie de \u201creceita\u201d que ser\u00e1 decodificada pelo organismo do paciente para a produ\u00e7\u00e3o de anticorpos.<\/p>\n<p>Essa vacina \u00e9 \u201cindividualizada\u201d, pois ser\u00e1 produzida com base na sequ\u00eancia gen\u00e9tica do tumor de cada paciente.<\/p>\n<p>Neste caso, a vacina n\u00e3o ser\u00e1 utilizada para a preven\u00e7\u00e3o em pacientes que nunca tiveram o c\u00e2ncer, mas para evitar morte ou recorr\u00eancia em quem j\u00e1 o teve.<\/p>\n<p>A imunoterapia Keytruda, da MSD, j\u00e1 \u00e9 usada no tratamento do melanoma. Ela estimula o sistema imunol\u00f3gico a atacar os tumores.<\/p>\n<h2>Entenda como funciona o teste<\/h2>\n<p>Esse estudo \u00e9\u00a0<strong>randomizado<\/strong>\u00a0(pacientes recebem o medicamento\/vacina testado ou placebo de forma aleat\u00f3ria),<strong>\u00a0duplo-cego<\/strong>\u00a0(nem o aplicador, nem o paciente sabem se est\u00e1 sendo usado o placebo ou medicamento\/vacina testado) e\u00a0<strong>controlado por placebo e comparador ativo\u00a0<\/strong>(h\u00e1 compara\u00e7\u00e3o entre o tratamento testado e outro j\u00e1 utilizado pela medicina).<\/p>\n<p>A pesquisa visa testar a efic\u00e1cia e seguran\u00e7a do imunizante.\u00a0Ser\u00e3o recrutadas aproximadamente 1.089 pessoas maiores de 18 anos em cerca de 25 pa\u00edses para os testes. As primeiras inscri\u00e7\u00f5es j\u00e1 come\u00e7aram na Austr\u00e1lia, segundo a nota conjunta das empresas.<\/p>\n<p>Segundo a Moderna e a MSD, ap\u00f3s \u201cremo\u00e7\u00e3o cir\u00fargica completa\u201d, alguns pacientes receber\u00e3o 1 mg a cada tr\u00eas semanas da vacina \u2013at\u00e9 que sejam aplicadas 9 doses\u2013 e 400 mg de Keytruda a cada seis semanas.<\/p>\n<p>Outros receber\u00e3o apenas Keytruda por aproximadamente um ano \u201cat\u00e9 a recorr\u00eancia da doen\u00e7a ou toxicidade inaceit\u00e1vel, ou por uma dura\u00e7\u00e3o total do tratamento de at\u00e9 aproximadamente 56 semanas, o que ocorrer primeiro\u201d.<\/p>\n<h2>Perigo do melanoma<\/h2>\n<p>Segundo as farmac\u00eauticas, o melanoma \u00e9 caracterizado pelo crescimento descontrolado de c\u00e9lulas produtoras de pigmento, com cada vez mais casos mundialmente nas \u00faltimas d\u00e9cadas.<\/p>\n<p>Em 2020, ainda de acordo com a nota da Moderna e da MSD, cerca de 325 mil novos casos foram diagnosticados em todo o mundo.<\/p>\n<p>As empresas ressaltam que especialistas estimam que ser\u00e3o diagnosticados cerca de 100 mil novos casos de melanoma e quase 8.000 mortes pela doen\u00e7a apenas nos Estados Unidos neste ano.<\/p>\n<p>O c\u00e2ncer de pele \u00e9 um dos tipos mais comuns de c\u00e2ncer diagnosticados nos EUA, e o melanoma \u00e9 respons\u00e1vel pela grande maioria de mortes nos c\u00e2nceres de pele, finaliza a nota das farmac\u00eauticas.<\/p>\n<p>Fonte: CNN Brasil<\/p>\n<blockquote class=\"wp-embedded-content\" data-secret=\"14GvVnGWp7\"><p><a href=\"https:\/\/www.cnnbrasil.com.br\/saude\/vacina-contra-cancer-de-pele-mais-letal-entra-na-ultima-fase-de-teste-saiba-como-funciona\/\">Vacina contra c\u00e2ncer de pele mais letal entra na \u00faltima fase de teste; saiba como funciona<\/a><\/p><\/blockquote>\n<p><iframe class=\"wp-embedded-content\" sandbox=\"allow-scripts\" security=\"restricted\" style=\"position: absolute; clip: rect(1px, 1px, 1px, 1px);\" title=\"&#8220;Vacina contra c\u00e2ncer de pele mais letal entra na \u00faltima fase de teste; saiba como funciona&#8221; &#8212; CNN Brasil\" src=\"https:\/\/www.cnnbrasil.com.br\/saude\/vacina-contra-cancer-de-pele-mais-letal-entra-na-ultima-fase-de-teste-saiba-como-funciona\/embed\/#?secret=7eLuUl0rsh#?secret=14GvVnGWp7\" data-secret=\"14GvVnGWp7\" width=\"600\" height=\"338\" frameborder=\"0\" marginwidth=\"0\" marginheight=\"0\" scrolling=\"no\"><\/iframe><\/p>\n","protected":false},"excerpt":{"rendered":"<p>As farmac\u00eauticas\u00a0Moderna\u00a0e\u00a0MSD\u00a0anunciaram que o tratamento conjunto que est\u00e3o desenvolvendo contra o melanoma, o tipo mais letal de\u00a0c\u00e2ncer de pele, ir\u00e1 para a terceira e \u00faltima fase de testes cl\u00ednicos. Ele inclui uma nova\u00a0vacina\u00a0e um medicamento j\u00e1 utilizado contra a doen\u00e7a. Ser\u00e3o recrutadas aproximadamente 1.089 pessoas maiores de 18 anos em cerca de 25 pa\u00edses para [&hellip;]<\/p>\n","protected":false},"author":1,"featured_media":1491,"comment_status":"open","ping_status":"open","sticky":false,"template":"","format":"standard","meta":[],"categories":[3],"tags":[72,153,73,144,56],"_links":{"self":[{"href":"http:\/\/servicenterblog.institucional.ws\/index.php?rest_route=\/wp\/v2\/posts\/1490"}],"collection":[{"href":"http:\/\/servicenterblog.institucional.ws\/index.php?rest_route=\/wp\/v2\/posts"}],"about":[{"href":"http:\/\/servicenterblog.institucional.ws\/index.php?rest_route=\/wp\/v2\/types\/post"}],"author":[{"embeddable":true,"href":"http:\/\/servicenterblog.institucional.ws\/index.php?rest_route=\/wp\/v2\/users\/1"}],"replies":[{"embeddable":true,"href":"http:\/\/servicenterblog.institucional.ws\/index.php?rest_route=%2Fwp%2Fv2%2Fcomments&post=1490"}],"version-history":[{"count":1,"href":"http:\/\/servicenterblog.institucional.ws\/index.php?rest_route=\/wp\/v2\/posts\/1490\/revisions"}],"predecessor-version":[{"id":1492,"href":"http:\/\/servicenterblog.institucional.ws\/index.php?rest_route=\/wp\/v2\/posts\/1490\/revisions\/1492"}],"wp:featuredmedia":[{"embeddable":true,"href":"http:\/\/servicenterblog.institucional.ws\/index.php?rest_route=\/wp\/v2\/media\/1491"}],"wp:attachment":[{"href":"http:\/\/servicenterblog.institucional.ws\/index.php?rest_route=%2Fwp%2Fv2%2Fmedia&parent=1490"}],"wp:term":[{"taxonomy":"category","embeddable":true,"href":"http:\/\/servicenterblog.institucional.ws\/index.php?rest_route=%2Fwp%2Fv2%2Fcategories&post=1490"},{"taxonomy":"post_tag","embeddable":true,"href":"http:\/\/servicenterblog.institucional.ws\/index.php?rest_route=%2Fwp%2Fv2%2Ftags&post=1490"}],"curies":[{"name":"wp","href":"https:\/\/api.w.org\/{rel}","templated":true}]}}