{"id":1486,"date":"2023-09-01T18:43:59","date_gmt":"2023-09-01T21:43:59","guid":{"rendered":"http:\/\/servicenterblog.institucional.ws\/?p=1486"},"modified":"2023-09-01T18:43:59","modified_gmt":"2023-09-01T21:43:59","slug":"adolescente-com-condicao-rara-volta-a-enxergar-apos-tratamento-com-colirio-inovador","status":"publish","type":"post","link":"http:\/\/servicenterblog.institucional.ws\/?p=1486","title":{"rendered":"Adolescente com condi\u00e7\u00e3o rara volta a enxergar ap\u00f3s tratamento com col\u00edrio inovador"},"content":{"rendered":"<p><em>Antonio Vento Carvajal, de 14 anos, nasceu com epiderm\u00f3lise bolhosa distr\u00f3fica &#8211; doen\u00e7a caracterizada pela forma\u00e7\u00e3o de bolhas ou ves\u00edculas que surgem espontaneamente pelo corpo<\/em><\/p>\n<p>O adolescente cubano Antonio Vento Carvajal, de 14 anos, diagnosticado com Epiderm\u00f3lise Bolhosa (EB), voltou a enxergar ap\u00f3s passar por tratamento com col\u00edrio desenvolvido por pesquisadores da Universidade de Miami, nos EUA, de acordo com a ag\u00eancia Associated Press (AP).<\/p>\n<p>Antonio nasceu com epiderm\u00f3lise bolhosa distr\u00f3fica \u2013 doen\u00e7a caracterizada pela forma\u00e7\u00e3o de bolhas ou ves\u00edculas que surgem espontaneamente pelo corpo. A condi\u00e7\u00e3o do jovem \u00e9 causada por muta\u00e7\u00f5es em um gene que ajuda a produzir uma prote\u00edna chamada col\u00e1geno 7, que mant\u00e9m unidas a pele e as c\u00f3rneas.<\/p>\n<p>O tratamento ao qual Antonio foi submetido, chamado Vyjuvek, usa um v\u00edrus da herpes inativado para fornecer c\u00f3pias funcionais desse gene. O col\u00edrio utilizado para fazer o adolescente voltar a enxergar foi adaptado a partir um gel experimental de terapia gen\u00e9tica que Antonio utilizava para tratar as bolhas pelo corpo.<\/p>\n<p>Depois de dois anos de testes em camundongos, a equipe de pesquisadores recebeu autoriza\u00e7\u00e3o do \u00f3rg\u00e3o regulador de sa\u00fade norte-americano \u2013\u00a0Food and Drug Administration (FDA) \u2013 para aplicar o medicamento. Em agosto de 2022, Antonio passou por uma cirurgia no olho direito, e ent\u00e3o come\u00e7ou a receber o col\u00edrio.<\/p>\n<p>O adolescente apresentou melhora significativa a cada m\u00eas que se passava, conforme explicou o Dr. Alfonso Sabater, m\u00e9dico respons\u00e1vel pelo tratamento de Antonio. Em exame recente, a vis\u00e3o no olho direito do jovem foi estimada em 20\/25, \u201cuma vis\u00e3o muito boa\u201d, destacou Sabater.<\/p>\n<p>Neste ano, o m\u00e9dico voltou seus esfor\u00e7os para tratar o olho esquerdo do jovem, que ainda tinha cicatrizes. Sabater tamb\u00e9m aponta melhora constante no olho esquerdo de Antonio, com acuidade visual medida em 20\/50.<\/p>\n<p>Para a Dra. Aimee Payne, professora de dermatologia da Universidade da Pensilv\u00e2nia, que n\u00e3o faz parte da pesquisa com o col\u00edrio, a perspectiva de tratar mais condi\u00e7\u00f5es dessa maneira \u00e9 \u201canimadora\u201d.<\/p>\n<p>A abordagem \u201coferece terapia gen\u00e9tica que realmente aborda a causa raiz do problema\u201d, disse ela \u00e0 AP.<\/p>\n<p><em><strong>(Publicado por Lucas Schroeder)<br \/>\n<\/strong><\/em>Fonte: CNN Brasil<\/p>\n<blockquote class=\"wp-embedded-content\" data-secret=\"Gk0umUPREP\"><p><a href=\"https:\/\/www.cnnbrasil.com.br\/saude\/adolescente-com-condicao-rara-volta-a-enxergar-apos-tratamento-com-colirio-inovador\/\">Adolescente com condi\u00e7\u00e3o rara volta a enxergar ap\u00f3s tratamento com col\u00edrio inovador<\/a><\/p><\/blockquote>\n<p><iframe class=\"wp-embedded-content\" sandbox=\"allow-scripts\" security=\"restricted\" style=\"position: absolute; clip: rect(1px, 1px, 1px, 1px);\" title=\"&#8220;Adolescente com condi\u00e7\u00e3o rara volta a enxergar ap\u00f3s tratamento com col\u00edrio inovador&#8221; &#8212; CNN Brasil\" src=\"https:\/\/www.cnnbrasil.com.br\/saude\/adolescente-com-condicao-rara-volta-a-enxergar-apos-tratamento-com-colirio-inovador\/embed\/#?secret=1sfHtmVvJa#?secret=Gk0umUPREP\" data-secret=\"Gk0umUPREP\" width=\"600\" height=\"338\" frameborder=\"0\" marginwidth=\"0\" marginheight=\"0\" scrolling=\"no\"><\/iframe><\/p>\n","protected":false},"excerpt":{"rendered":"<p>Antonio Vento Carvajal, de 14 anos, nasceu com epiderm\u00f3lise bolhosa distr\u00f3fica &#8211; doen\u00e7a caracterizada pela forma\u00e7\u00e3o de bolhas ou ves\u00edculas que surgem espontaneamente pelo corpo O adolescente cubano Antonio Vento Carvajal, de 14 anos, diagnosticado com Epiderm\u00f3lise Bolhosa (EB), voltou a enxergar ap\u00f3s passar por tratamento com col\u00edrio desenvolvido por pesquisadores da Universidade de Miami, [&hellip;]<\/p>\n","protected":false},"author":1,"featured_media":1487,"comment_status":"open","ping_status":"open","sticky":false,"template":"","format":"standard","meta":[],"categories":[3],"tags":[153,246,375,53],"_links":{"self":[{"href":"http:\/\/servicenterblog.institucional.ws\/index.php?rest_route=\/wp\/v2\/posts\/1486"}],"collection":[{"href":"http:\/\/servicenterblog.institucional.ws\/index.php?rest_route=\/wp\/v2\/posts"}],"about":[{"href":"http:\/\/servicenterblog.institucional.ws\/index.php?rest_route=\/wp\/v2\/types\/post"}],"author":[{"embeddable":true,"href":"http:\/\/servicenterblog.institucional.ws\/index.php?rest_route=\/wp\/v2\/users\/1"}],"replies":[{"embeddable":true,"href":"http:\/\/servicenterblog.institucional.ws\/index.php?rest_route=%2Fwp%2Fv2%2Fcomments&post=1486"}],"version-history":[{"count":1,"href":"http:\/\/servicenterblog.institucional.ws\/index.php?rest_route=\/wp\/v2\/posts\/1486\/revisions"}],"predecessor-version":[{"id":1488,"href":"http:\/\/servicenterblog.institucional.ws\/index.php?rest_route=\/wp\/v2\/posts\/1486\/revisions\/1488"}],"wp:featuredmedia":[{"embeddable":true,"href":"http:\/\/servicenterblog.institucional.ws\/index.php?rest_route=\/wp\/v2\/media\/1487"}],"wp:attachment":[{"href":"http:\/\/servicenterblog.institucional.ws\/index.php?rest_route=%2Fwp%2Fv2%2Fmedia&parent=1486"}],"wp:term":[{"taxonomy":"category","embeddable":true,"href":"http:\/\/servicenterblog.institucional.ws\/index.php?rest_route=%2Fwp%2Fv2%2Fcategories&post=1486"},{"taxonomy":"post_tag","embeddable":true,"href":"http:\/\/servicenterblog.institucional.ws\/index.php?rest_route=%2Fwp%2Fv2%2Ftags&post=1486"}],"curies":[{"name":"wp","href":"https:\/\/api.w.org\/{rel}","templated":true}]}}