{"id":1479,"date":"2023-08-20T19:54:23","date_gmt":"2023-08-20T22:54:23","guid":{"rendered":"http:\/\/servicenterblog.institucional.ws\/?p=1479"},"modified":"2023-08-20T19:54:23","modified_gmt":"2023-08-20T22:54:23","slug":"encontros-conexoes-reune-pela-primeira-vez-alergicos-alimentares-de-todo-o-brasil","status":"publish","type":"post","link":"http:\/\/servicenterblog.institucional.ws\/?p=1479","title":{"rendered":"Encontros &#038; Conex\u00f5es re\u00fane pela primeira vez al\u00e9rgicos alimentares de todo o Brasil"},"content":{"rendered":"<p><strong>Por Fl\u00e1via Ribeiro<\/strong><\/p>\n<p>O 1\u00ba \u201cEncontros &amp; Conex\u00f5es\u201d sobre Alergias Alimentares \u2013 2023 foi o primeiro evento presencial nacional focado nos al\u00e9rgicos alimentares. Aproximadamente 100 crian\u00e7as maiores de sete anos, adolescentes com alergias alimentares, al\u00e9m de pais e respons\u00e1veis, participaram do evento durante todo o s\u00e1bado, dia 05 de agosto em S\u00e3o Paulo, capital.<\/p>\n<p>O encontro contou com programas informativos separados para os adultos e para os menores. A psic\u00f3loga\u00a0Erika Campos Gomes, psic\u00f3loga cl\u00ednica h\u00e1 mais de 20 anos, doutora e mestre em psicologia cl\u00ednica pela PUC-SP, com pesquisa publicada sobre os impactos sociais da alergia alimentar, guiou os al\u00e9rgicos por oficinas da sua\u00a0Liga da Alergia, especialmente organizadas para o evento. A tamb\u00e9m psic\u00f3loga Nahara Ribeiro apoiou as oficinas voltadas para os menores.<\/p>\n<p>A enfermeira\u00a0K\u00e1tia Pacheco\u00a0desenvolveu atividades com os menores e ensinou entre outras coisas a como utilizar uma caneta de adrenalina. Maira Figueiredo (CEO do App\u00a0\u00a0NuR\u00d3TULO\u00a0conversou com as crian\u00e7as e adolescentes sobre sua busca por r\u00f3tulos mais claros.<\/p>\n<p>Os pais e respons\u00e1veis pelos al\u00e9rgicos participaram de aulas com profissionais de sa\u00fade e militantes por conscientiza\u00e7\u00e3o sobre alergia alimentar e tamb\u00e9m tiveram a oportunidade de conversar e socializar com os outros pais\/respons\u00e1veis.<\/p>\n<p>O evento foi aberto por Bianca Kirschner, Fundadora do portal Conex\u00e3o Alimentar e por seu filho Lucas Kirschner de Almeida, que inspirou o evento. Os cerimonialistas Leda Alves, fundadora do portal\u00a0Livre Alimentar\u00a0e Vanderlei Munhoz, pais de al\u00e9rgicos alimentares, apresentaram as atividades que terminaram no in\u00edcio da noite.<\/p>\n<p>A m\u00e9dica Renata Rodrigues Cocco, especialista em alergia e imunologia abriu as aulas destinadas aos adultos, seguida pela tamb\u00e9m m\u00e9dica\u00a0Ana Carolina Rozalem, pediatra alergista e imunologista.<\/p>\n<p>A fonoaudi\u00f3loga\u00a0Patricia Junqueira\u00a0e a nutricionista Juliana Menezes tamb\u00e9m passaram conhecimento aos pais e respons\u00e1veis. J\u00e1 a alergista Ariana Yang falou sobre o panorama atual da alergia alimentar e encerrou a rodada de aulas para os adultos.<\/p>\n<p>A advogada Fernanda Mainier, cofundadora do movimento\u00a0P\u00f5e no R\u00f3tulo\u00a0e do portal\u00a0Alergia Alimentar Brasil, e a jornalista Fl\u00e1via Ribeiro Nunes Pizelli falaram sobre suas experi\u00eancias como m\u00e3es de al\u00e9rgicos e na luta por mudan\u00e7as. Fernanda faz parte do grupo de m\u00e3es que h\u00e1 14 anos conseguiu mudar a lei de rotulagem no Brasil.<br \/>\nDurante o almo\u00e7o todos compartilharam refei\u00e7\u00f5es instant\u00e2neas da\u00a0Mandala Comidas Especiais, que s\u00e3o livres dos principais al\u00e9rgenos.<\/p>\n<p>Os adolescentes Lucas Kirschner de Almeida e a dupla de irm\u00e3os Pedro e Joaquim Nunes Pizelli, todos al\u00e9rgicos alimentares m\u00faltiplos, participaram da mesa redonda \u201cNossas vidas, nossas vozes!\u201d moderada por Leda Alves.<\/p>\n<p>Tamb\u00e9m m\u00e3e de al\u00e9rgico e chef confeiteira inclusiva\u00a0Priscila Lorente\u00a0surpreendeu adultos, crian\u00e7as e adolescentes com o lanche servido no meio da tarde.<\/p>\n<p>Sucos\u00a0Life Mix\u00a0tamb\u00e9m foram servidos.\u00a0 \u00c9 uma linha de bebidas funcionais da WNutritional, desenvolvida com o apoio de m\u00e9dicos e nutricionistas, para complementar a alimenta\u00e7\u00e3o com os nutrientes essenciais que faltam na alimenta\u00e7\u00e3o do dia-a-dia.<\/p>\n<p>No encerramento todos sa\u00edram esperando pelo segundo encontro no pr\u00f3ximo ano e impactados pela alegria das trocas de experi\u00eancias compartilhadas. O evento contou com participantes das regi\u00f5es sudeste, sul e centro oeste.<\/p>\n<p>Ainda sob efeito de todas as viv\u00eancias presenciais que foram poss\u00edveis no 1\u00ba \u201cEncontros &amp; Conex\u00f5es\u201d sobre Alergias Alimentares queremos falar sobre a import\u00e2ncia de todos os apoios e patroc\u00ednios que recebemos. Eles foram fundamentais para que junto ao investimento da fam\u00edlia Kirschner de Almeida e das fam\u00edlias que realizaram as inscri\u00e7\u00f5es, todas as atividades pudessem acontecer durante um dia inteiro.<\/p>\n<p>Convidamos voc\u00eas a conhecerem cada empresa que de forma generosa e solid\u00e1ria apoiou ou patrocinou o Encontros &amp; Conex\u00f5es.<\/p>\n<p>Agradecemos tamb\u00e9m a todos os participantes e palestrantes que estiveram presentes demonstrando total responsabilidade social com a conscientiza\u00e7\u00e3o sobre alergia alimentar.<\/p>\n<p>&nbsp;<\/p>\n<h2>PATROCINADORES<\/h2>\n<p>&nbsp;<\/p>\n<div class=\"container text-center\">\n<div id=\"gallery-1\" class=\"gallery galleryid-4816 gallery-columns-4 gallery-size-full\">\n<figure class=\"gallery-item\">\n<div class=\"gallery-icon landscape\"><a href=\"https:\/\/www.scmedicamentos.com.br\/\" target=\"_blank\" rel=\"noopener\"><img loading=\"lazy\" class=\"attachment-full size-full\" src=\"https:\/\/conexaoalimentar.com.br\/wp-content\/uploads\/2023\/05\/servicenrterlogo.jpg\" sizes=\"(max-width: 1920px) 100vw, 1920px\" srcset=\"https:\/\/conexaoalimentar.com.br\/wp-content\/uploads\/2023\/05\/servicenrterlogo.jpg 1920w, https:\/\/conexaoalimentar.com.br\/wp-content\/uploads\/2023\/05\/servicenrterlogo-500x188.jpg 500w, https:\/\/conexaoalimentar.com.br\/wp-content\/uploads\/2023\/05\/servicenrterlogo-1024x384.jpg 1024w, https:\/\/conexaoalimentar.com.br\/wp-content\/uploads\/2023\/05\/servicenrterlogo-768x288.jpg 768w, https:\/\/conexaoalimentar.com.br\/wp-content\/uploads\/2023\/05\/servicenrterlogo-1536x576.jpg 1536w\" alt=\"https:\/\/www.scmedicamentos.com.br\/\" width=\"1920\" height=\"720\" \/><\/a><\/div>\n<\/figure>\n<figure class=\"gallery-item\">\n<div class=\"gallery-icon landscape\"><a href=\"https:\/\/www.thermofisher.com\/br\/en\/home.html\" target=\"_blank\" rel=\"noopener\"><img loading=\"lazy\" class=\"attachment-full size-full\" src=\"https:\/\/conexaoalimentar.com.br\/wp-content\/uploads\/2023\/05\/TFS_logo_tag_cmyk_ez.png\" sizes=\"(max-width: 558px) 100vw, 558px\" srcset=\"https:\/\/conexaoalimentar.com.br\/wp-content\/uploads\/2023\/05\/TFS_logo_tag_cmyk_ez.png 558w, https:\/\/conexaoalimentar.com.br\/wp-content\/uploads\/2023\/05\/TFS_logo_tag_cmyk_ez-500x232.png 500w\" alt=\"https:\/\/www.thermofisher.com\/br\/en\/home.html\" width=\"558\" height=\"259\" \/><\/a><\/div>\n<\/figure>\n<figure class=\"gallery-item\">\n<div class=\"gallery-icon landscape\"><a href=\"https:\/\/www.danonenutricia.com.br\/\" target=\"_blank\" rel=\"noopener\"><img loading=\"lazy\" class=\"attachment-full size-full\" src=\"https:\/\/conexaoalimentar.com.br\/wp-content\/uploads\/2023\/05\/DAN_00164_23A_LOGO_LINHA_NEO_CONVENCAO_2023_V2_roxo-e1689886173879.png\" sizes=\"(max-width: 1723px) 100vw, 1723px\" srcset=\"https:\/\/conexaoalimentar.com.br\/wp-content\/uploads\/2023\/05\/DAN_00164_23A_LOGO_LINHA_NEO_CONVENCAO_2023_V2_roxo-e1689886173879.png 1723w, https:\/\/conexaoalimentar.com.br\/wp-content\/uploads\/2023\/05\/DAN_00164_23A_LOGO_LINHA_NEO_CONVENCAO_2023_V2_roxo-e1689886173879-500x223.png 500w, https:\/\/conexaoalimentar.com.br\/wp-content\/uploads\/2023\/05\/DAN_00164_23A_LOGO_LINHA_NEO_CONVENCAO_2023_V2_roxo-e1689886173879-1024x456.png 1024w, https:\/\/conexaoalimentar.com.br\/wp-content\/uploads\/2023\/05\/DAN_00164_23A_LOGO_LINHA_NEO_CONVENCAO_2023_V2_roxo-e1689886173879-768x342.png 768w, https:\/\/conexaoalimentar.com.br\/wp-content\/uploads\/2023\/05\/DAN_00164_23A_LOGO_LINHA_NEO_CONVENCAO_2023_V2_roxo-e1689886173879-1536x685.png 1536w\" alt=\"https:\/\/www.danonenutricia.com.br\/\" width=\"1723\" height=\"768\" \/><\/a><\/div>\n<\/figure>\n<figure class=\"gallery-item\">\n<div class=\"gallery-icon landscape\"><a href=\"http:\/\/www.wnutri.com.br\/\" target=\"_blank\" rel=\"noopener\"><img loading=\"lazy\" class=\"attachment-full size-full\" src=\"https:\/\/conexaoalimentar.com.br\/wp-content\/uploads\/2023\/05\/logo_life.png\" sizes=\"(max-width: 889px) 100vw, 889px\" srcset=\"https:\/\/conexaoalimentar.com.br\/wp-content\/uploads\/2023\/05\/logo_life.png 889w, https:\/\/conexaoalimentar.com.br\/wp-content\/uploads\/2023\/05\/logo_life-500x195.png 500w, https:\/\/conexaoalimentar.com.br\/wp-content\/uploads\/2023\/05\/logo_life-768x299.png 768w\" alt=\"http:\/\/www.wnutri.com.br\/\" width=\"889\" height=\"346\" \/><\/a><\/div>\n<\/figure>\n<figure class=\"gallery-item\">\n<div class=\"gallery-icon landscape\"><a href=\"https:\/\/www.instagram.com\/guiasemglutenoficial\" target=\"_blank\" rel=\"noopener\"><img loading=\"lazy\" class=\"attachment-full size-full\" src=\"https:\/\/conexaoalimentar.com.br\/wp-content\/uploads\/2023\/05\/logo_verde.png\" sizes=\"(max-width: 2490px) 100vw, 2490px\" srcset=\"https:\/\/conexaoalimentar.com.br\/wp-content\/uploads\/2023\/05\/logo_verde.png 2490w, https:\/\/conexaoalimentar.com.br\/wp-content\/uploads\/2023\/05\/logo_verde-500x135.png 500w, https:\/\/conexaoalimentar.com.br\/wp-content\/uploads\/2023\/05\/logo_verde-1024x276.png 1024w, https:\/\/conexaoalimentar.com.br\/wp-content\/uploads\/2023\/05\/logo_verde-768x207.png 768w, https:\/\/conexaoalimentar.com.br\/wp-content\/uploads\/2023\/05\/logo_verde-1536x415.png 1536w, https:\/\/conexaoalimentar.com.br\/wp-content\/uploads\/2023\/05\/logo_verde-2048x553.png 2048w\" alt=\"https:\/\/www.instagram.com\/guiasemglutenoficial\" width=\"2490\" height=\"672\" \/><\/a><\/div>\n<\/figure>\n<figure class=\"gallery-item\">\n<div class=\"gallery-icon landscape\"><a href=\"https:\/\/www.gobeche.com.br\/\" target=\"_blank\" rel=\"noopener\"><img loading=\"lazy\" class=\"attachment-full size-full\" src=\"https:\/\/conexaoalimentar.com.br\/wp-content\/uploads\/2023\/05\/Gobeche-Logo-1-scaled.jpg\" sizes=\"(max-width: 2560px) 100vw, 2560px\" srcset=\"https:\/\/conexaoalimentar.com.br\/wp-content\/uploads\/2023\/05\/Gobeche-Logo-1-scaled.jpg 2560w, https:\/\/conexaoalimentar.com.br\/wp-content\/uploads\/2023\/05\/Gobeche-Logo-1-500x295.jpg 500w, https:\/\/conexaoalimentar.com.br\/wp-content\/uploads\/2023\/05\/Gobeche-Logo-1-1024x603.jpg 1024w, https:\/\/conexaoalimentar.com.br\/wp-content\/uploads\/2023\/05\/Gobeche-Logo-1-768x452.jpg 768w, https:\/\/conexaoalimentar.com.br\/wp-content\/uploads\/2023\/05\/Gobeche-Logo-1-1536x905.jpg 1536w, https:\/\/conexaoalimentar.com.br\/wp-content\/uploads\/2023\/05\/Gobeche-Logo-1-2048x1206.jpg 2048w\" alt=\"https:\/\/www.gobeche.com.br\/\" width=\"2560\" height=\"1508\" \/><\/a><\/div>\n<\/figure>\n<div>\n<h2><\/h2>\n<h2><\/h2>\n<h2><\/h2>\n<h2>\n<p>APOIADORES<\/h2>\n<div class=\"container text-center\">\n<div id=\"gallery-2\" class=\"gallery galleryid-4816 gallery-columns-4 gallery-size-full\">\n<figure class=\"gallery-item\">\n<div class=\"gallery-icon landscape\"><a href=\"https:\/\/livrealimentar.com.br\/\" target=\"_blank\" rel=\"noopener\"><img loading=\"lazy\" class=\"attachment-full size-full\" src=\"https:\/\/conexaoalimentar.com.br\/wp-content\/uploads\/2023\/05\/logo-01.png\" sizes=\"(max-width: 5692px) 100vw, 5692px\" srcset=\"https:\/\/conexaoalimentar.com.br\/wp-content\/uploads\/2023\/05\/logo-01.png 5692w, https:\/\/conexaoalimentar.com.br\/wp-content\/uploads\/2023\/05\/logo-01-500x281.png 500w, https:\/\/conexaoalimentar.com.br\/wp-content\/uploads\/2023\/05\/logo-01-1024x576.png 1024w, https:\/\/conexaoalimentar.com.br\/wp-content\/uploads\/2023\/05\/logo-01-768x432.png 768w, https:\/\/conexaoalimentar.com.br\/wp-content\/uploads\/2023\/05\/logo-01-1536x864.png 1536w, https:\/\/conexaoalimentar.com.br\/wp-content\/uploads\/2023\/05\/logo-01-2048x1151.png 2048w\" alt=\"https:\/\/livrealimentar.com.br\/\" width=\"5692\" height=\"3200\" \/><\/a><\/div>\n<\/figure>\n<figure class=\"gallery-item\">\n<div class=\"gallery-icon landscape\"><a href=\"https:\/\/alergiaalimentarbrasil.com.br\/\" target=\"_blank\" rel=\"noopener\"><img loading=\"lazy\" class=\"attachment-full size-full\" src=\"https:\/\/conexaoalimentar.com.br\/wp-content\/uploads\/2023\/05\/AAB_horizontal_sobre_branco@2x-8b.png\" sizes=\"(max-width: 1475px) 100vw, 1475px\" srcset=\"https:\/\/conexaoalimentar.com.br\/wp-content\/uploads\/2023\/05\/AAB_horizontal_sobre_branco@2x-8b.png 1475w, https:\/\/conexaoalimentar.com.br\/wp-content\/uploads\/2023\/05\/AAB_horizontal_sobre_branco@2x-8b-500x231.png 500w, https:\/\/conexaoalimentar.com.br\/wp-content\/uploads\/2023\/05\/AAB_horizontal_sobre_branco@2x-8b-1024x473.png 1024w, https:\/\/conexaoalimentar.com.br\/wp-content\/uploads\/2023\/05\/AAB_horizontal_sobre_branco@2x-8b-768x355.png 768w\" alt=\"https:\/\/alergiaalimentarbrasil.com.br\/\" width=\"1475\" height=\"681\" \/><\/a><\/div>\n<\/figure>\n<figure class=\"gallery-item\">\n<div class=\"gallery-icon landscape\"><a href=\"https:\/\/nurotulo.app\/\" target=\"_blank\" rel=\"noopener\"><img loading=\"lazy\" class=\"attachment-full size-full\" src=\"https:\/\/conexaoalimentar.com.br\/wp-content\/uploads\/2023\/05\/NuROTULO5.png\" sizes=\"(max-width: 3334px) 100vw, 3334px\" srcset=\"https:\/\/conexaoalimentar.com.br\/wp-content\/uploads\/2023\/05\/NuROTULO5.png 3334w, https:\/\/conexaoalimentar.com.br\/wp-content\/uploads\/2023\/05\/NuROTULO5-500x156.png 500w, https:\/\/conexaoalimentar.com.br\/wp-content\/uploads\/2023\/05\/NuROTULO5-1024x320.png 1024w, https:\/\/conexaoalimentar.com.br\/wp-content\/uploads\/2023\/05\/NuROTULO5-768x240.png 768w, https:\/\/conexaoalimentar.com.br\/wp-content\/uploads\/2023\/05\/NuROTULO5-1536x480.png 1536w, https:\/\/conexaoalimentar.com.br\/wp-content\/uploads\/2023\/05\/NuROTULO5-2048x640.png 2048w\" alt=\"https:\/\/nurotulo.app\" width=\"3334\" height=\"1042\" \/><\/a><\/div>\n<\/figure>\n<figure class=\"gallery-item\">\n<div class=\"gallery-icon landscape\"><a href=\"https:\/\/institutoinfantil.com.br\/\" target=\"_blank\" rel=\"noopener\"><img loading=\"lazy\" class=\"attachment-full size-full\" src=\"https:\/\/conexaoalimentar.com.br\/wp-content\/uploads\/2023\/05\/logoinstituto_alta_h-2.jpeg\" sizes=\"(max-width: 1280px) 100vw, 1280px\" srcset=\"https:\/\/conexaoalimentar.com.br\/wp-content\/uploads\/2023\/05\/logoinstituto_alta_h-2.jpeg 1280w, https:\/\/conexaoalimentar.com.br\/wp-content\/uploads\/2023\/05\/logoinstituto_alta_h-2-500x149.jpeg 500w, https:\/\/conexaoalimentar.com.br\/wp-content\/uploads\/2023\/05\/logoinstituto_alta_h-2-1024x306.jpeg 1024w, https:\/\/conexaoalimentar.com.br\/wp-content\/uploads\/2023\/05\/logoinstituto_alta_h-2-768x229.jpeg 768w\" alt=\"https:\/\/institutoinfantil.com.br\" width=\"1280\" height=\"382\" \/><\/a><\/div>\n<\/figure>\n<figure class=\"gallery-item\">\n<div class=\"gallery-icon landscape\"><a href=\"https:\/\/prilorente.com.br\/\" target=\"_blank\" rel=\"noopener\"><img loading=\"lazy\" class=\"attachment-full size-full\" src=\"https:\/\/conexaoalimentar.com.br\/wp-content\/uploads\/2023\/05\/pri.png\" sizes=\"(max-width: 1299px) 100vw, 1299px\" srcset=\"https:\/\/conexaoalimentar.com.br\/wp-content\/uploads\/2023\/05\/pri.png 1299w, https:\/\/conexaoalimentar.com.br\/wp-content\/uploads\/2023\/05\/pri-500x281.png 500w, https:\/\/conexaoalimentar.com.br\/wp-content\/uploads\/2023\/05\/pri-1024x575.png 1024w, https:\/\/conexaoalimentar.com.br\/wp-content\/uploads\/2023\/05\/pri-768x432.png 768w\" alt=\"https:\/\/prilorente.com.br\/\" width=\"1299\" height=\"730\" \/><\/a><\/div>\n<\/figure>\n<figure class=\"gallery-item\">\n<div class=\"gallery-icon landscape\"><a href=\"https:\/\/asbai.org.br\/\" target=\"_blank\" rel=\"noopener\"><img loading=\"lazy\" class=\"attachment-full size-full\" src=\"https:\/\/conexaoalimentar.com.br\/wp-content\/uploads\/2023\/05\/asbai-site.jpeg\" alt=\"https:\/\/asbai.org.br\/\" width=\"353\" height=\"176\" \/><\/a><\/div>\n<\/figure>\n<figure class=\"gallery-item\">\n<div class=\"gallery-icon landscape\"><a href=\"https:\/\/www.mandalacomidas.com.br\/\" target=\"_blank\" rel=\"noopener\"><img loading=\"lazy\" class=\"attachment-full size-full\" src=\"https:\/\/conexaoalimentar.com.br\/wp-content\/uploads\/2023\/05\/MAND_cor_Hor_cmyk_600-2-scaled.jpg\" sizes=\"(max-width: 2560px) 100vw, 2560px\" srcset=\"https:\/\/conexaoalimentar.com.br\/wp-content\/uploads\/2023\/05\/MAND_cor_Hor_cmyk_600-2-scaled.jpg 2560w, https:\/\/conexaoalimentar.com.br\/wp-content\/uploads\/2023\/05\/MAND_cor_Hor_cmyk_600-2-500x209.jpg 500w, https:\/\/conexaoalimentar.com.br\/wp-content\/uploads\/2023\/05\/MAND_cor_Hor_cmyk_600-2-1024x429.jpg 1024w, https:\/\/conexaoalimentar.com.br\/wp-content\/uploads\/2023\/05\/MAND_cor_Hor_cmyk_600-2-768x321.jpg 768w, https:\/\/conexaoalimentar.com.br\/wp-content\/uploads\/2023\/05\/MAND_cor_Hor_cmyk_600-2-1536x643.jpg 1536w, https:\/\/conexaoalimentar.com.br\/wp-content\/uploads\/2023\/05\/MAND_cor_Hor_cmyk_600-2-2048x857.jpg 2048w\" alt=\"https:\/\/www.mandalacomidas.com.br\/\" width=\"2560\" height=\"1071\" \/><\/a><\/div>\n<\/figure>\n<figure class=\"gallery-item\">\n<div class=\"gallery-icon landscape\"><a href=\"https:\/\/xoleite.com.br\/\" target=\"_blank\" rel=\"noopener\"><img loading=\"lazy\" class=\"attachment-full size-full\" src=\"https:\/\/conexaoalimentar.com.br\/wp-content\/uploads\/2023\/05\/logo_xoleite.png\" alt=\"https:\/\/xoleite.com.br\/\" width=\"400\" height=\"190\" \/><\/a><\/div>\n<\/figure>\n<figure class=\"gallery-item\">\n<div class=\"gallery-icon landscape\"><a href=\"https:\/\/emporio.paneladaju.com.br\/\" target=\"_blank\" rel=\"noopener\"><img loading=\"lazy\" class=\"attachment-full size-full\" src=\"https:\/\/conexaoalimentar.com.br\/wp-content\/uploads\/2023\/05\/logo_paneladaju4.png\" sizes=\"(max-width: 726px) 100vw, 726px\" srcset=\"https:\/\/conexaoalimentar.com.br\/wp-content\/uploads\/2023\/05\/logo_paneladaju4.png 726w, https:\/\/conexaoalimentar.com.br\/wp-content\/uploads\/2023\/05\/logo_paneladaju4-500x282.png 500w\" alt=\"https:\/\/emporio.paneladaju.com.br\/\" width=\"726\" height=\"409\" \/><\/a><\/div>\n<\/figure>\n<\/div>\n<\/div>\n<\/div>\n<\/div>\n<\/div>\n","protected":false},"excerpt":{"rendered":"<p>Por Fl\u00e1via Ribeiro O 1\u00ba \u201cEncontros &amp; Conex\u00f5es\u201d sobre Alergias Alimentares \u2013 2023 foi o primeiro evento presencial nacional focado nos al\u00e9rgicos alimentares. Aproximadamente 100 crian\u00e7as maiores de sete anos, adolescentes com alergias alimentares, al\u00e9m de pais e respons\u00e1veis, participaram do evento durante todo o s\u00e1bado, dia 05 de agosto em S\u00e3o Paulo, capital. O [&hellip;]<\/p>\n","protected":false},"author":1,"featured_media":1480,"comment_status":"open","ping_status":"open","sticky":false,"template":"","format":"standard","meta":[],"categories":[3],"tags":[371,372,17,373,71],"_links":{"self":[{"href":"http:\/\/servicenterblog.institucional.ws\/index.php?rest_route=\/wp\/v2\/posts\/1479"}],"collection":[{"href":"http:\/\/servicenterblog.institucional.ws\/index.php?rest_route=\/wp\/v2\/posts"}],"about":[{"href":"http:\/\/servicenterblog.institucional.ws\/index.php?rest_route=\/wp\/v2\/types\/post"}],"author":[{"embeddable":true,"href":"http:\/\/servicenterblog.institucional.ws\/index.php?rest_route=\/wp\/v2\/users\/1"}],"replies":[{"embeddable":true,"href":"http:\/\/servicenterblog.institucional.ws\/index.php?rest_route=%2Fwp%2Fv2%2Fcomments&post=1479"}],"version-history":[{"count":1,"href":"http:\/\/servicenterblog.institucional.ws\/index.php?rest_route=\/wp\/v2\/posts\/1479\/revisions"}],"predecessor-version":[{"id":1481,"href":"http:\/\/servicenterblog.institucional.ws\/index.php?rest_route=\/wp\/v2\/posts\/1479\/revisions\/1481"}],"wp:featuredmedia":[{"embeddable":true,"href":"http:\/\/servicenterblog.institucional.ws\/index.php?rest_route=\/wp\/v2\/media\/1480"}],"wp:attachment":[{"href":"http:\/\/servicenterblog.institucional.ws\/index.php?rest_route=%2Fwp%2Fv2%2Fmedia&parent=1479"}],"wp:term":[{"taxonomy":"category","embeddable":true,"href":"http:\/\/servicenterblog.institucional.ws\/index.php?rest_route=%2Fwp%2Fv2%2Fcategories&post=1479"},{"taxonomy":"post_tag","embeddable":true,"href":"http:\/\/servicenterblog.institucional.ws\/index.php?rest_route=%2Fwp%2Fv2%2Ftags&post=1479"}],"curies":[{"name":"wp","href":"https:\/\/api.w.org\/{rel}","templated":true}]}}