{"id":1475,"date":"2023-08-11T15:56:55","date_gmt":"2023-08-11T18:56:55","guid":{"rendered":"http:\/\/servicenterblog.institucional.ws\/?p=1475"},"modified":"2023-08-11T15:56:55","modified_gmt":"2023-08-11T18:56:55","slug":"homem-na-suica-se-torna-o-sexto-paciente-curado-do-virus-hiv-anunciam-pesquisadores","status":"publish","type":"post","link":"http:\/\/servicenterblog.institucional.ws\/?p=1475","title":{"rendered":"Homem na Su\u00ed\u00e7a se torna o sexto paciente curado do v\u00edrus HIV, anunciam pesquisadores"},"content":{"rendered":"<p>Um homem na\u00a0Su\u00ed\u00e7a, apelidado de \u201cPaciente de\u00a0Genebra\u201c, apresentou remiss\u00e3o do\u00a0v\u00edrus HIV\u00a0ap\u00f3s a realiza\u00e7\u00e3o de um\u00a0transplante\u00a0de medula \u00f3ssea, se tornando o sexto no mundo a se curar da doen\u00e7a.<\/p>\n<p>O resultado foi apresentado nesta quinta-feira (20), durante a Confer\u00eancia IAS sobre Ci\u00eancia do HIV 2023, em Brisbane, na\u00a0Austr\u00e1lia.<\/p>\n<p>No entanto, o caso do \u201cPaciente de Genebra\u201d apresenta uma particularidade que n\u00e3o aconteceu nos cinco casos anteriores, que haviam sido registados em Berlim, Londres, Dusseldorf, Nova York e no City of Hope.<\/p>\n<p>Nesses cinco casos, os pacientes haviam recebido um transplante de medula \u00f3ssea de um doador que portava uma rara muta\u00e7\u00e3o gen\u00e9tica, denominada CCR5 delta 32, que tornava as c\u00e9lulas do corpo resistentes ao HIV.<\/p>\n<p>J\u00e1 no caso do \u201cPaciente de Genebra\u201d, a medula \u00f3ssea doada n\u00e3o possui muta\u00e7\u00e3o CCR5 delta 32. Dessa forma, as c\u00e9lulas desse homem continuam permissivas ao v\u00edrus.<\/p>\n<p>Por\u00e9m, mesmo assim, o HIV permanece indetect\u00e1vel em seu organismo, cerca de 20 meses depois da interrup\u00e7\u00e3o do tratamento antirretroviral.<\/p>\n<p>O \u201cPaciente de Genebra\u201d convive com o HIV desde o in\u00edcio da d\u00e9cada de 1990, e fazia tratamento com antirretrovirais. Em 2018, ele realizou o transplante de medula para tratar de uma leucemia, e teve como consequ\u00eancia uma queda radical das c\u00e9lulas portadores do HIV. Desde 2021, ele come\u00e7ou a diminuir gradualmente o consumo dos medicamentos contra o HIV.<\/p>\n<p>\u201cO que est\u00e1 acontecendo comigo \u00e9 magn\u00edfico, m\u00e1gico, estamos olhando para o futuro\u201d, afirmou o paciente.<\/p>\n<p>Para os cientistas, o caso do \u201cPaciente de Genebra\u201d pode ser importante para o desenvolvimento de novas formas de combate e tratamento do HIV.<\/p>\n<p>\u201cEmbora este protocolo n\u00e3o seja transpon\u00edvel em larga escala devido \u00e0 sua agressividade, este novo caso traz elementos inesperados sobre os mecanismos de elimina\u00e7\u00e3o e controle dos reservat\u00f3rios virais, que ser\u00e3o importantes para o desenvolvimento de tratamentos curativos para o HIV\u201d, afirmou Asier Saez-Cirion, Chefe da Unidade de Reservat\u00f3rios Virais e Controle Imunol\u00f3gico do Institut Pasteur.<\/p>\n<p>Fonte: CNN Brasil<br \/>\nhttps:\/\/www.cnnbrasil.com.br\/saude\/homem-na-suica-se-torna-no-sexto-paciente-curado-do-virus-hiv-anunciam-pesquisadores\/<\/p>\n<p>&nbsp;<\/p>\n","protected":false},"excerpt":{"rendered":"<p>Um homem na\u00a0Su\u00ed\u00e7a, apelidado de \u201cPaciente de\u00a0Genebra\u201c, apresentou remiss\u00e3o do\u00a0v\u00edrus HIV\u00a0ap\u00f3s a realiza\u00e7\u00e3o de um\u00a0transplante\u00a0de medula \u00f3ssea, se tornando o sexto no mundo a se curar da doen\u00e7a. O resultado foi apresentado nesta quinta-feira (20), durante a Confer\u00eancia IAS sobre Ci\u00eancia do HIV 2023, em Brisbane, na\u00a0Austr\u00e1lia. No entanto, o caso do \u201cPaciente de Genebra\u201d [&hellip;]<\/p>\n","protected":false},"author":1,"featured_media":1476,"comment_status":"open","ping_status":"open","sticky":false,"template":"","format":"standard","meta":[],"categories":[1],"tags":[159,153,170,158],"_links":{"self":[{"href":"http:\/\/servicenterblog.institucional.ws\/index.php?rest_route=\/wp\/v2\/posts\/1475"}],"collection":[{"href":"http:\/\/servicenterblog.institucional.ws\/index.php?rest_route=\/wp\/v2\/posts"}],"about":[{"href":"http:\/\/servicenterblog.institucional.ws\/index.php?rest_route=\/wp\/v2\/types\/post"}],"author":[{"embeddable":true,"href":"http:\/\/servicenterblog.institucional.ws\/index.php?rest_route=\/wp\/v2\/users\/1"}],"replies":[{"embeddable":true,"href":"http:\/\/servicenterblog.institucional.ws\/index.php?rest_route=%2Fwp%2Fv2%2Fcomments&post=1475"}],"version-history":[{"count":1,"href":"http:\/\/servicenterblog.institucional.ws\/index.php?rest_route=\/wp\/v2\/posts\/1475\/revisions"}],"predecessor-version":[{"id":1477,"href":"http:\/\/servicenterblog.institucional.ws\/index.php?rest_route=\/wp\/v2\/posts\/1475\/revisions\/1477"}],"wp:featuredmedia":[{"embeddable":true,"href":"http:\/\/servicenterblog.institucional.ws\/index.php?rest_route=\/wp\/v2\/media\/1476"}],"wp:attachment":[{"href":"http:\/\/servicenterblog.institucional.ws\/index.php?rest_route=%2Fwp%2Fv2%2Fmedia&parent=1475"}],"wp:term":[{"taxonomy":"category","embeddable":true,"href":"http:\/\/servicenterblog.institucional.ws\/index.php?rest_route=%2Fwp%2Fv2%2Fcategories&post=1475"},{"taxonomy":"post_tag","embeddable":true,"href":"http:\/\/servicenterblog.institucional.ws\/index.php?rest_route=%2Fwp%2Fv2%2Ftags&post=1475"}],"curies":[{"name":"wp","href":"https:\/\/api.w.org\/{rel}","templated":true}]}}