{"id":1471,"date":"2023-07-12T12:02:14","date_gmt":"2023-07-12T15:02:14","guid":{"rendered":"http:\/\/servicenterblog.institucional.ws\/?p=1471"},"modified":"2023-07-12T12:02:14","modified_gmt":"2023-07-12T15:02:14","slug":"glaucoma-mitos-e-falta-de-informacao-afetam-pacientes","status":"publish","type":"post","link":"http:\/\/servicenterblog.institucional.ws\/?p=1471","title":{"rendered":"Glaucoma: mitos e falta de informa\u00e7\u00e3o afetam pacientes"},"content":{"rendered":"<p><em>Apesar de ser uma doen\u00e7a ocular trat\u00e1vel, o glaucoma pode levar \u00e0 cegueira caso n\u00e3o haja cuidado e tratamento corretos<\/em><\/p>\n<p>Dentre os v\u00e1rios mitos relacionados ao\u00a0glaucoma, alguns causam confus\u00e3o entre a popula\u00e7\u00e3o e podem adiar o in\u00edcio do tratamento ou at\u00e9 mesmo afastar o paciente dos cuidados com a doen\u00e7a, tida como a principal causa evit\u00e1vel de cegueira no mundo.<\/p>\n<p>Um dos mitos mais replicados entre os pacientes com glaucoma, segundo o CBO, \u00e9 que n\u00e3o se pode \u201cfor\u00e7ar\u201d o olho. Alguns pacientes t\u00eam medo de que, ao fazerem isso para ler, bordar ou assistir televis\u00e3o, por exemplo, possam prejudicar a vis\u00e3o, causando aumento da press\u00e3o do olho.<\/p>\n<p>\u201cO que pode ocorrer \u00e9 que algumas pessoas j\u00e1 tenham uma irrita\u00e7\u00e3o nos olhos em decorr\u00eancia do uso de col\u00edrios ou at\u00e9 por uma quest\u00e3o ambiental. Da\u00ed fazem a associa\u00e7\u00e3o equivocada de que for\u00e7ar ao realizar atividades comuns do cotidiano causa desconforto ou complica\u00e7\u00e3o\u201d, destacou o conselho.<\/p>\n<h4><strong>Cegueira<\/strong><\/h4>\n<p>Outro mito que corre entre os pacientes \u00e9 o da certeza de cegueira para quem tem glaucoma. A cren\u00e7a, segundo o CBO, vem de uma \u00e9poca em que a doen\u00e7a n\u00e3o possu\u00eda muitas op\u00e7\u00f5es terap\u00eauticas. \u201cContudo, atualmente, a situa\u00e7\u00e3o \u00e9 bem diferente por conta da evolu\u00e7\u00e3o da ci\u00eancia e da medicina\u201d. O diagn\u00f3stico precoce reduz consideravelmente as chances de perda da vis\u00e3o.<\/p>\n<p>Outro problema relacionado ao glaucoma que atrasa o enfrentamento da doen\u00e7a \u00e9 o desconhecimento de que \u00e9 poss\u00edvel encontrar tratamento no Sistema \u00danico de Sa\u00fade (SUS). A rede p\u00fablica garante aos pacientes acesso gratuito a consultas, exames, medicamentos e cirurgias.<\/p>\n<p>O conselho \u00e9 taxativo: se o paciente tem d\u00favidas sobre o glaucoma, deve procurar a resposta para suas perguntas com um oftalmologista. \u201cO desconhecimento \u00e9 prejudicial para a sa\u00fade, pois dificulta a aceita\u00e7\u00e3o do diagn\u00f3stico, causa atrasos no in\u00edcio do tratamento e pode levar ao seu abandono. Em todos os casos, os efeitos s\u00e3o negativos, contribuindo para o avan\u00e7o do glaucoma\u201d.<\/p>\n<h4><strong>A doen\u00e7a<\/strong><\/h4>\n<p>O glaucoma, apesar de ser uma doen\u00e7a ocular trat\u00e1vel, pode levar \u00e0 cegueira caso n\u00e3o haja cuidado e tratamento corretos. Estudos estimam que entre 1% e 2% da popula\u00e7\u00e3o mundial vivem com glaucoma. As proje\u00e7\u00f5es n\u00e3o s\u00e3o animadoras: 111,8 milh\u00f5es de pessoas podem sofrer com a doen\u00e7a em 2040.<\/p>\n<p>Diante de sinais e sintomas de problemas oculares, a orienta\u00e7\u00e3o \u00e9 que o paciente passe por um exame oftalmol\u00f3gico completo, que inclui, entre outras avalia\u00e7\u00f5es, a medida da vis\u00e3o, o exame na l\u00e2mpada de fenda \u2013 aparelho no qual o oftalmologista observa detalhes microsc\u00f3picos do olho \u2013, a medida da press\u00e3o intraocular e o exame de fundo de olho. Al\u00e9m disso, \u00e9 feita ainda a documenta\u00e7\u00e3o fotogr\u00e1fica do olho por meio da retinografia.<\/p>\n<p>Fonte: CNN Brasil<br \/>\nhttps:\/\/www.cnnbrasil.com.br\/saude\/glaucoma-mitos-e-falta-de-informacao-afetam-pacientes\/<\/p>\n","protected":false},"excerpt":{"rendered":"<p>Apesar de ser uma doen\u00e7a ocular trat\u00e1vel, o glaucoma pode levar \u00e0 cegueira caso n\u00e3o haja cuidado e tratamento corretos Dentre os v\u00e1rios mitos relacionados ao\u00a0glaucoma, alguns causam confus\u00e3o entre a popula\u00e7\u00e3o e podem adiar o in\u00edcio do tratamento ou at\u00e9 mesmo afastar o paciente dos cuidados com a doen\u00e7a, tida como a principal causa [&hellip;]<\/p>\n","protected":false},"author":1,"featured_media":1472,"comment_status":"open","ping_status":"open","sticky":false,"template":"","format":"standard","meta":[],"categories":[1],"tags":[370,54,122,26,11,53],"_links":{"self":[{"href":"http:\/\/servicenterblog.institucional.ws\/index.php?rest_route=\/wp\/v2\/posts\/1471"}],"collection":[{"href":"http:\/\/servicenterblog.institucional.ws\/index.php?rest_route=\/wp\/v2\/posts"}],"about":[{"href":"http:\/\/servicenterblog.institucional.ws\/index.php?rest_route=\/wp\/v2\/types\/post"}],"author":[{"embeddable":true,"href":"http:\/\/servicenterblog.institucional.ws\/index.php?rest_route=\/wp\/v2\/users\/1"}],"replies":[{"embeddable":true,"href":"http:\/\/servicenterblog.institucional.ws\/index.php?rest_route=%2Fwp%2Fv2%2Fcomments&post=1471"}],"version-history":[{"count":1,"href":"http:\/\/servicenterblog.institucional.ws\/index.php?rest_route=\/wp\/v2\/posts\/1471\/revisions"}],"predecessor-version":[{"id":1473,"href":"http:\/\/servicenterblog.institucional.ws\/index.php?rest_route=\/wp\/v2\/posts\/1471\/revisions\/1473"}],"wp:featuredmedia":[{"embeddable":true,"href":"http:\/\/servicenterblog.institucional.ws\/index.php?rest_route=\/wp\/v2\/media\/1472"}],"wp:attachment":[{"href":"http:\/\/servicenterblog.institucional.ws\/index.php?rest_route=%2Fwp%2Fv2%2Fmedia&parent=1471"}],"wp:term":[{"taxonomy":"category","embeddable":true,"href":"http:\/\/servicenterblog.institucional.ws\/index.php?rest_route=%2Fwp%2Fv2%2Fcategories&post=1471"},{"taxonomy":"post_tag","embeddable":true,"href":"http:\/\/servicenterblog.institucional.ws\/index.php?rest_route=%2Fwp%2Fv2%2Ftags&post=1471"}],"curies":[{"name":"wp","href":"https:\/\/api.w.org\/{rel}","templated":true}]}}