{"id":1463,"date":"2023-06-26T21:24:16","date_gmt":"2023-06-27T00:24:16","guid":{"rendered":"http:\/\/servicenterblog.institucional.ws\/?p=1463"},"modified":"2023-06-26T21:24:16","modified_gmt":"2023-06-27T00:24:16","slug":"dia-nacional-do-diabetes-saiba-como-prevenir-os-riscos-de-complicacoes-da-doenca","status":"publish","type":"post","link":"http:\/\/servicenterblog.institucional.ws\/?p=1463","title":{"rendered":"Dia Nacional do Diabetes: saiba como prevenir os riscos de complica\u00e7\u00f5es da doen\u00e7a"},"content":{"rendered":"<p>O\u00a0<strong>Dia Nacional do Diabetes<\/strong>, 26 de junho, promove a conscientiza\u00e7\u00e3o sobre fatores de risco, diagn\u00f3stico e preven\u00e7\u00e3o contra a doen\u00e7a.<\/p>\n<p>Dados da\u00a010\u00aa edi\u00e7\u00e3o do Atlas Diabetes, realizado pela federa\u00e7\u00e3o, indicam que 537 milh\u00f5es de adultos (20 a 79 anos) vivem com diabetes \u2013\u00a0 o que representa uma em cada 10 pessoas. Estimativas apontam que\u00a0esse n\u00famero aumente para 643 milh\u00f5es em 2030 e 784 milh\u00f5es em 2045.<\/p>\n<p>Segundo o levantamento, 4 entre 5 (81%) adultos com diabetes vivem em pa\u00edses de baixa e de m\u00e9dia rendas. Em 2021, o diabetes foi respons\u00e1vel por 6,7 milh\u00f5es de mortes: 1 a cada 5 segundos.<\/p>\n<p>A carga da doen\u00e7a\u00a0causou pelo menos US$ 966 bilh\u00f5es em gastos com sa\u00fade: um aumento de 316% nos \u00faltimos 15 anos.<\/p>\n<p>Ao menos 541 milh\u00f5es de adultos t\u00eam\u00a0toler\u00e2ncia \u00e0 glicose diminu\u00edda, o que os coloca em alto risco de diabetes tipo 2.<\/p>\n<h4><strong>Sobre o diabetes<\/strong><\/h4>\n<p>A\u00a0doen\u00e7a\u00a0\u00e9 causada por uma insufici\u00eancia na produ\u00e7\u00e3o de insulina pelo p\u00e2ncreas ou pela dificuldade de uso da insulina produzida pelo corpo.<\/p>\n<p>\u201cN\u00f3s temos um \u00f3rg\u00e3o dentro da cavidade abdominal chamado p\u00e2ncreas, que tem a fun\u00e7\u00e3o de produzir um horm\u00f4nio chamado insulina. Nas c\u00e9lulas, a insulina influencia a entrada da glicose. Ent\u00e3o, voc\u00ea come, ingere os nutrientes que s\u00e3o absorvidos no aparelho digestivo, e na corrente sangu\u00ednea voc\u00ea tem a glicose, que entra dentro das diversas c\u00e9lulas do corpo atrav\u00e9s do trabalho desse horm\u00f4nio\u201d, explica o neurocirurgi\u00e3o Fernando Gomes, apresentador do\u00a0Correspondente M\u00e9dico\u00a0da\u00a0<strong>CNN (veja o v\u00eddeo abaixo)<\/strong>.<\/p>\n<p>O aumento da glicose no sangue pode causar danos aos olhos,\u00a0<a href=\"https:\/\/www.cnnbrasil.com.br\/tudo-sobre\/rins\/\">rins<\/a>\u00a0e nervos, al\u00e9m de aumentar o risco de desenvolvimento de doen\u00e7as cardiovasculares, como infarto agudo do mioc\u00e1rdio e os derrames vasculares.<\/p>\n<p>\u201cO diabetes n\u00e3o tratado a longo prazo pode causar malef\u00edcios para o corpo, como problemas na retina, problemas relacionados ao cora\u00e7\u00e3o e ao c\u00e9rebro. Em longo prazo, at\u00e9 amputa\u00e7\u00f5es podem acontecer\u201d, disse.<\/p>\n<p>Um dos valores de refer\u00eancia que indica o desenvolvimento da doen\u00e7a \u00e9 o resultado do teste de hemoglobina glicada, capaz de medir os n\u00edveis de a\u00e7\u00facares no sangue tamb\u00e9m chamado de \u00edndice glic\u00eamico.<\/p>\n<p>\u201cA taxa normal de hemoglobina glicada \u00e9 de at\u00e9 5,7% da hemoglobina total, a mol\u00e9cula que carrega oxig\u00eanio no sangue. Valores entre 5,7% e 6,5% o indiv\u00edduo \u00e9 considerado com pr\u00e9-diabetes. Acima de 6,5% \u00e9 considerado um quadro de diabetes\u201d, explica Domingos Malerbi, presidente do Departamento de Diabetes da Sociedade Brasileira de Endocrinologia e Metabologia (SBEM).<\/p>\n<h4><strong>Diferentes tipos de diabetes<\/strong><\/h4>\n<p>O diabetes \u00e9 classificado em diferentes tipos (1 e 2), de acordo com a forma de apresenta\u00e7\u00e3o da doen\u00e7a.<\/p>\n<p>O mais comum \u00e9 o tipo 2, que compreende cerca de 90 a 95% dos casos. A doen\u00e7a \u00e9 caracterizada pela m\u00e1 absor\u00e7\u00e3o da insulina produzida pelo p\u00e2ncreas, o que leva a uma dificuldade para manter o a\u00e7\u00facar no sangue em n\u00edveis normais.<\/p>\n<p>O desenvolvimento da diabetes tipo 1 est\u00e1 relacionado \u00e0 destrui\u00e7\u00e3o permanente da maior parte das c\u00e9lulas do p\u00e2ncreas que produzem a insulina pelo pr\u00f3prio sistema imunol\u00f3gico do paciente. Quando isso acontece, o \u00f3rg\u00e3o passa a produzir pouca ou nenhuma insulina. Em geral, o tipo 1 atinge crian\u00e7as, adolescentes e jovens adultos.<\/p>\n<h4><strong>Como prevenir o diabetes<\/strong><\/h4>\n<p>Assim como no caso da hipertens\u00e3o, fatores comportamentais t\u00eam importante papel no surgimento do diabetes. O neurocirurgi\u00e3o Fernando Gomes alerta que a ado\u00e7\u00e3o de h\u00e1bitos saud\u00e1veis pode ajudar a prevenir a doen\u00e7a.<\/p>\n<p>Comer diariamente verduras e legumes, reduzir o consumo de sal, a\u00e7\u00facar e gorduras, parar de fumar, manter o peso controlado e praticar exerc\u00edcios f\u00edsicos regularmente s\u00e3o as formas mais eficazes de se combater a doen\u00e7a.<\/p>\n<p>\u201cManter alimenta\u00e7\u00e3o saud\u00e1vel e equilibrada,\u00a0seguir o tratamento\u00a0orientado pelo especialista e a pr\u00e1tica di\u00e1ria de atividade f\u00edsica s\u00e3o as principais formas para prevenir a evolu\u00e7\u00e3o do diabetes e todas as consequ\u00eancias que a doen\u00e7a pode trazer\u201d, explica Bruno Helman, Fundador e CEO do Instituto Correndo Pelo Diabetes, que foi diagnosticado com a doen\u00e7a aos 18 anos.<\/p>\n<p>De acordo com a Sociedade Brasileira de Diabetes, a preven\u00e7\u00e3o de complica\u00e7\u00f5es inclui a educa\u00e7\u00e3o sobre o assunto tanto de pacientes como de seus cuidadores e at\u00e9 mesmo de equipes m\u00e9dicas, al\u00e9m de exames anuais para identificar indiv\u00edduos em risco de ulcera\u00e7\u00e3o, cuidados com os p\u00e9s e uso de cal\u00e7ados apropriados.<\/p>\n<p>As medidas de preven\u00e7\u00e3o tamb\u00e9m contam com o tratamento efetivo e imediato quando houver qualquer complica\u00e7\u00e3o nos p\u00e9s e com a estrutura\u00e7\u00e3o dos servi\u00e7os de sa\u00fade, com o objetivo de atender \u00e0s necessidades do paciente com rela\u00e7\u00e3o a um cuidado cr\u00f4nico.<\/p>\n<h4><strong>Complica\u00e7\u00f5es<\/strong><\/h4>\n<p>Entre as in\u00fameras\u00a0complica\u00e7\u00f5es que podem ser desencadeadas\u00a0pela falta de controle do diabetes est\u00e1 a \u00falcera de p\u00e9s diab\u00e9ticos (UPD) que, em 85% dos casos, precede a amputa\u00e7\u00e3o. Um milh\u00e3o de indiv\u00edduos com diabetes mellitus sofre uma amputa\u00e7\u00e3o em todo mundo.<\/p>\n<p>A m\u00e9dica endocrinologista Denise Franco, do Instituto Correndo Pelo Diabetes (CPD), organiza\u00e7\u00e3o sem fins lucrativos, explica que o p\u00e9 diab\u00e9tico progride de forma silenciosa e, em alguns casos, o paciente sente formigamento.<\/p>\n<p>\u201cNo exame f\u00edsico \u00e9 poss\u00edvel perceber pele seca, rachaduras, unha encravada, com micose, calos, machucados, aus\u00eancia de pelos, entre outros. \u00c9 a causa mais comum de interna\u00e7\u00f5es prolongadas e com custos elevados. Grande propor\u00e7\u00e3o dos leitos hospitalares em emerg\u00eancias e enfermarias, nos pa\u00edses em desenvolvimento, \u00e9 ocupada por pacientes com \u00falcera de p\u00e9s diab\u00e9ticos\u201d, afirma a especialista.<\/p>\n<p>O diabetes, quando n\u00e3o tratado, pode reduzir a sensibilidade \u00e0 dor e\u00a0temperatura\u00a0nas extremidades do corpo, por causa da hiperglicemia, que impede uma boa circula\u00e7\u00e3o sangu\u00ednea. Sem a oxigena\u00e7\u00e3o correta dos vasos naquela regi\u00e3o, a resposta inflamat\u00f3ria fica comprometida, sendo assim, uma simples topada ou um calo de um sapato apertado n\u00e3o se regeneram e a ferida aumenta cada vez mais.<\/p>\n<p>Estima-se que 40% dos pacientes com hist\u00f3rico de \u00falcera de p\u00e9s diab\u00e9ticos apresentem recidiva em um ano; 60%, em dois anos; 65% em at\u00e9 cinco anos, o que enfatiza a necessidade de estimular a ades\u00e3o do paciente por meio de processo educativo, motivar o\u00a0autocuidado\u00a0e consultas regulares para avalia\u00e7\u00e3o por equipe especializada.<\/p>\n<p>Fonte: CNN Brasil<br \/>\nhttps:\/\/www.cnnbrasil.com.br\/saude\/dia-nacional-do-diabetes-saiba-como-prevenir-os-riscos-de-complicacoes-da-doenca\/<\/p>\n","protected":false},"excerpt":{"rendered":"<p>O\u00a0Dia Nacional do Diabetes, 26 de junho, promove a conscientiza\u00e7\u00e3o sobre fatores de risco, diagn\u00f3stico e preven\u00e7\u00e3o contra a doen\u00e7a. Dados da\u00a010\u00aa edi\u00e7\u00e3o do Atlas Diabetes, realizado pela federa\u00e7\u00e3o, indicam que 537 milh\u00f5es de adultos (20 a 79 anos) vivem com diabetes \u2013\u00a0 o que representa uma em cada 10 pessoas. Estimativas apontam que\u00a0esse n\u00famero [&hellip;]<\/p>\n","protected":false},"author":1,"featured_media":1464,"comment_status":"open","ping_status":"open","sticky":false,"template":"","format":"standard","meta":[],"categories":[1],"tags":[153,141,320,71,26,11],"_links":{"self":[{"href":"http:\/\/servicenterblog.institucional.ws\/index.php?rest_route=\/wp\/v2\/posts\/1463"}],"collection":[{"href":"http:\/\/servicenterblog.institucional.ws\/index.php?rest_route=\/wp\/v2\/posts"}],"about":[{"href":"http:\/\/servicenterblog.institucional.ws\/index.php?rest_route=\/wp\/v2\/types\/post"}],"author":[{"embeddable":true,"href":"http:\/\/servicenterblog.institucional.ws\/index.php?rest_route=\/wp\/v2\/users\/1"}],"replies":[{"embeddable":true,"href":"http:\/\/servicenterblog.institucional.ws\/index.php?rest_route=%2Fwp%2Fv2%2Fcomments&post=1463"}],"version-history":[{"count":1,"href":"http:\/\/servicenterblog.institucional.ws\/index.php?rest_route=\/wp\/v2\/posts\/1463\/revisions"}],"predecessor-version":[{"id":1465,"href":"http:\/\/servicenterblog.institucional.ws\/index.php?rest_route=\/wp\/v2\/posts\/1463\/revisions\/1465"}],"wp:featuredmedia":[{"embeddable":true,"href":"http:\/\/servicenterblog.institucional.ws\/index.php?rest_route=\/wp\/v2\/media\/1464"}],"wp:attachment":[{"href":"http:\/\/servicenterblog.institucional.ws\/index.php?rest_route=%2Fwp%2Fv2%2Fmedia&parent=1463"}],"wp:term":[{"taxonomy":"category","embeddable":true,"href":"http:\/\/servicenterblog.institucional.ws\/index.php?rest_route=%2Fwp%2Fv2%2Fcategories&post=1463"},{"taxonomy":"post_tag","embeddable":true,"href":"http:\/\/servicenterblog.institucional.ws\/index.php?rest_route=%2Fwp%2Fv2%2Ftags&post=1463"}],"curies":[{"name":"wp","href":"https:\/\/api.w.org\/{rel}","templated":true}]}}