{"id":1460,"date":"2023-06-25T15:30:03","date_gmt":"2023-06-25T18:30:03","guid":{"rendered":"http:\/\/servicenterblog.institucional.ws\/?p=1460"},"modified":"2023-06-25T15:30:03","modified_gmt":"2023-06-25T18:30:03","slug":"dia-do-vitiligo-faz-homenagem-a-michael-jackson-veja-como-tratar-doenca","status":"publish","type":"post","link":"http:\/\/servicenterblog.institucional.ws\/?p=1460","title":{"rendered":"Dia do Vitiligo faz homenagem a Michael Jackson; veja como tratar doen\u00e7a"},"content":{"rendered":"<p>O Dia Mundial do Vitiligo \u00e9 marcado todos os anos em 25 de junho, sendo que a primeira celebra\u00e7\u00e3o global para conscientizar sobre a doen\u00e7a ocorreu em 2011. A data \u00e9 uma homenagem ao cantor Michael Jackson, que tinha o diagn\u00f3stico da enfermidade e morreu em 25 de junho de 2009. Como a condi\u00e7\u00e3o leva \u00e0 perda da cor natural da pele, o rei do pop chamou aten\u00e7\u00e3o quando come\u00e7ou a aparecer ao p\u00fablico com a pele mais clara, no final dos anos 1980.<\/p>\n<p>O fato causou muitas especula\u00e7\u00f5es e controv\u00e9rsias, com pessoas chegando a acus\u00e1-lo de &#8220;querer ser branco&#8221; porque &#8220;n\u00e3o gostava de ser negro&#8221;. Mas foi s\u00f3 em 1993, em uma entrevista \u00e0 Oprah Winfrey, que Jackson revelou o que estava acontecendo.<\/p>\n<p>&#8220;Eu tenho uma doen\u00e7a de pele que destr\u00f3i a pigmenta\u00e7\u00e3o da pele. \u00c9 algo que n\u00e3o posso fazer nada. Mas quando as pessoas criam hist\u00f3rias de que eu n\u00e3o quero ser quem sou, isso me magoa&#8221;, Michael Jackson em entrevista em 1993. Na ocasi\u00e3o, o cantor disse que a pele dele come\u00e7ou a mudar &#8220;em algum momento depois de Thriller&#8221;, \u00e1lbum que lan\u00e7ou em 1982, &#8220;ou entre Off The Wall (1979) e Thriller&#8221;. Jackson tamb\u00e9m falou que a doen\u00e7a j\u00e1 estava na fam\u00edlia pelo lado paterno, segundo o pai dele. &#8220;Eu n\u00e3o posso controlar, eu n\u00e3o entendo. Isso me deixa muito triste&#8221;, disse o cantor.<\/p>\n<p>Em trechos da entrevista \u00e0 Winfrey, Michael Jackson n\u00e3o cita o nome da doen\u00e7a, mas a aut\u00f3psia do cantor registrou vitiligo como um dos diagn\u00f3sticos dele.<\/p>\n<p><strong>Causas do vitiligo <\/strong><\/p>\n<p>Embora a compreens\u00e3o sobre o vitiligo tenha aumentado ao longo dos anos, ainda n\u00e3o se sabe exatamente o que provoca a doen\u00e7a. Mas h\u00e1 evid\u00eancias de que ela seja uma enfermidade autoimune, isto \u00e9, come\u00e7a quando o organismo ataca a si. Outros mecanismos podem estar envolvidos no surgimento do vitiligo:<\/p>\n<p>-Fatores gen\u00e9ticos;<\/p>\n<p>-Fatores ambientais;<\/p>\n<p>-Hist\u00f3rico familiar;<\/p>\n<p>-Ter outras doen\u00e7as autoimunes.<\/p>\n<p>E justamente porque as causas n\u00e3o s\u00e3o totalmente compreendidas, as formas de tratar o vitiligo varia de uma pessoa para outra. Atualmente, diferentes tratamentos est\u00e3o dispon\u00edveis: alguns podem restaurar o pigmento, mas nenhum pode ainda curar.<\/p>\n<p>O que se alerta nesse cen\u00e1rio, em especial no Dia Mundial do Vitiligo, \u00e9 para o diagn\u00f3stico precoce e in\u00edcio imediato do tratamento, que \u00e9 eficaz. Como ainda n\u00e3o h\u00e1 cura, o objetivo das terapias, em geral, \u00e9 controlar o avan\u00e7o da doen\u00e7a, estimular o crescimento dos melan\u00f3citos, trazer de volta e manter a cor natural da pele, reduzindo o impacto psicossocial causado pelo problema.<\/p>\n<p><strong>Como tratar vitiligo <\/strong><\/p>\n<p>Quando Michael Jackson falou sobre a doen\u00e7a para Winfrey, disse que estavam tentando controlar a enfermidade e usando maquiagem para igualar a cor da pele, uma vez que a condi\u00e7\u00e3o deixa manchas. Hoje em dia, est\u00e3o dispon\u00edveis as seguintes op\u00e7\u00f5es de tratamento, que podem ser usadas isoladamente ou em conjunto:<\/p>\n<p>-Medicamentos t\u00f3picos: cremes ou pomadas \u00e0 base de corticoides, an\u00e1logos da vitamina D e inibidores de calcineurina;<\/p>\n<p>-Medicamentos orais: antioxidantes orais e corticosteroide, por exemplo;<\/p>\n<p>-Terapias de luz: luz ultravioleta B de banda estreita (UVB) \u00e9 indicada para todos os tipos de vitiligo;<\/p>\n<p>-Laser;<\/p>\n<p>-Cirurgias: transplante de melan\u00f3citos (indicada quando n\u00e3o h\u00e1 resposta \u00e0s pr\u00e1ticas anteriores ou em casos est\u00e1veis). Uma revis\u00e3o da Cochrane Library indica que a maioria dos estudos sobre interven\u00e7\u00f5es para vitiligo avaliou terapias combinadas, que geralmente apresentam melhores resultados.<\/p>\n<p><strong>Tratamento multidisciplinar <\/strong><\/p>\n<p>Ter acesso a um servi\u00e7o multidisciplinar, que combina diferentes especialidades da sa\u00fade, \u00e9 importante para um bom tratamento da doen\u00e7a. Al\u00e9m de dermatologista, o acompanhamento psicol\u00f3gico ajuda nas implica\u00e7\u00f5es psicoemocionais da doen\u00e7a. O paciente tamb\u00e9m deve cooperar com o tratamento, praticando h\u00e1bitos que proteger a pele, como evitar a exposi\u00e7\u00e3o solar.<\/p>\n<p>Veja as medidas sugeridas indicadas pela AAD (Academia Americana de Dermatologia) para garantir a prote\u00e7\u00e3o dos raios solares:<\/p>\n<p>-Use protetor solar todos os dias contra os raios UVA\/UVB. Ele deve ser \u00e0 prova d&#8217;\u00e1gua e ter fator de prote\u00e7\u00e3o maior que 30; Repita a opera\u00e7\u00e3o a cada duas horas se estiver ao ar livre, ap\u00f3s entrar na \u00e1gua ou quando estiver suado;<\/p>\n<p>-Prefira roupas que protejam do sol. H\u00e1 algumas especialmente fabricadas para esse fim. Mas entre uma camiseta branca e uma camisa jeans, prefira a camisa jeans;<\/p>\n<p>-Procure sempre estar \u00e0 sombra quando estiver em \u00e1reas externas;<\/p>\n<p>-Evite bronzeamento artificial; Use produtos seguros que possam dar cor \u00e0 pele como autobronzeadores, corretivos ou maquiagem.<\/p>\n<p>Fonte: UOL<br \/>\nhttps:\/\/www.uol.com.br\/vivabem\/noticias\/redacao\/2023\/06\/25\/dia-do-vitiligo-faz-homenagem-a-michael-jackson-veja-como-tratar-doenca.htm#:~:text=O%20Dia%20Mundial%20do%20Vitiligo,25%20de%20junho%20de%202009.<\/p>\n","protected":false},"excerpt":{"rendered":"<p>O Dia Mundial do Vitiligo \u00e9 marcado todos os anos em 25 de junho, sendo que a primeira celebra\u00e7\u00e3o global para conscientizar sobre a doen\u00e7a ocorreu em 2011. A data \u00e9 uma homenagem ao cantor Michael Jackson, que tinha o diagn\u00f3stico da enfermidade e morreu em 25 de junho de 2009. Como a condi\u00e7\u00e3o leva [&hellip;]<\/p>\n","protected":false},"author":1,"featured_media":1461,"comment_status":"open","ping_status":"open","sticky":false,"template":"","format":"standard","meta":[],"categories":[2],"tags":[153,320,71,11,368],"_links":{"self":[{"href":"http:\/\/servicenterblog.institucional.ws\/index.php?rest_route=\/wp\/v2\/posts\/1460"}],"collection":[{"href":"http:\/\/servicenterblog.institucional.ws\/index.php?rest_route=\/wp\/v2\/posts"}],"about":[{"href":"http:\/\/servicenterblog.institucional.ws\/index.php?rest_route=\/wp\/v2\/types\/post"}],"author":[{"embeddable":true,"href":"http:\/\/servicenterblog.institucional.ws\/index.php?rest_route=\/wp\/v2\/users\/1"}],"replies":[{"embeddable":true,"href":"http:\/\/servicenterblog.institucional.ws\/index.php?rest_route=%2Fwp%2Fv2%2Fcomments&post=1460"}],"version-history":[{"count":1,"href":"http:\/\/servicenterblog.institucional.ws\/index.php?rest_route=\/wp\/v2\/posts\/1460\/revisions"}],"predecessor-version":[{"id":1462,"href":"http:\/\/servicenterblog.institucional.ws\/index.php?rest_route=\/wp\/v2\/posts\/1460\/revisions\/1462"}],"wp:featuredmedia":[{"embeddable":true,"href":"http:\/\/servicenterblog.institucional.ws\/index.php?rest_route=\/wp\/v2\/media\/1461"}],"wp:attachment":[{"href":"http:\/\/servicenterblog.institucional.ws\/index.php?rest_route=%2Fwp%2Fv2%2Fmedia&parent=1460"}],"wp:term":[{"taxonomy":"category","embeddable":true,"href":"http:\/\/servicenterblog.institucional.ws\/index.php?rest_route=%2Fwp%2Fv2%2Fcategories&post=1460"},{"taxonomy":"post_tag","embeddable":true,"href":"http:\/\/servicenterblog.institucional.ws\/index.php?rest_route=%2Fwp%2Fv2%2Ftags&post=1460"}],"curies":[{"name":"wp","href":"https:\/\/api.w.org\/{rel}","templated":true}]}}