{"id":1446,"date":"2023-06-05T21:10:26","date_gmt":"2023-06-06T00:10:26","guid":{"rendered":"http:\/\/servicenterblog.institucional.ws\/?p=1446"},"modified":"2023-06-05T21:10:26","modified_gmt":"2023-06-06T00:10:26","slug":"vacina-brasileira-contra-vicio-em-crack-e-cocaina-concorre-a-premio-internacional","status":"publish","type":"post","link":"http:\/\/servicenterblog.institucional.ws\/?p=1446","title":{"rendered":"Vacina brasileira contra v\u00edcio em crack e coca\u00edna concorre a pr\u00eamio internacional"},"content":{"rendered":"<p>Pesquisadores brasileiros avan\u00e7am no desenvolvimento de uma\u00a0vacina que busca minimizar os efeitos da coca\u00edna e do crack\u00a0no organismo.<\/p>\n<p>O candidato a imunizante da Universidade Federal de Minas Gerais (UFMG) concorre ao Pr\u00eamio Euro Inova\u00e7\u00e3o na Sa\u00fade, que reconhece grandes inova\u00e7\u00f5es da \u00e1rea m\u00e9dica e incentiva o desenvolvimento de solu\u00e7\u00f5es. A vacina anticoca\u00edna concorre na categoria Inova\u00e7\u00e3o Tecnol\u00f3gica Aplicada em Sa\u00fade. Os vencedores das categorias concorrem ao pr\u00eamio de Grande Destaque.<\/p>\n<p>\u201cEstamos na final de um pr\u00eamio latino-americano que proveria os recursos para terminarmos estas etapas cl\u00ednicas, caso sejamos finalistas\u201d, afirma o professor do Departamento de Sa\u00fade Mental da Faculdade de Medicina e pesquisador respons\u00e1vel, Frederico Garcia.<\/p>\n<p>Para votar \u00e9 necess\u00e1rio ser m\u00e9dico com registro em um dos pa\u00edses com participa\u00e7\u00e3o da farmac\u00eautica financiadora da premia\u00e7\u00e3o. Podem votar profissionais de medicina com registro ativo nos seguintes pa\u00edses: Argentina, Bol\u00edvia, Brasil, Chile, Uruguai, Paraguai, Peru, Equador, M\u00e9xico, Col\u00f4mbia, Guatemala, El Salvador, Nicar\u00e1gua, Panam\u00e1, Costa Rica, Honduras ou Rep\u00fablica Dominicana.<\/p>\n<h2>Resultados promissores<\/h2>\n<p>A etapa dos ensaios pr\u00e9-cl\u00ednicos, realizados com animais, mostrou resultados promissores na redu\u00e7\u00e3o do impacto da droga em camundongos, como mostrou a\u00a0<strong>CNN<\/strong>\u00a0em 2021.<\/p>\n<p>Desde ent\u00e3o, o projeto concluiu as etapas pr\u00e9-cl\u00ednicas, em que foram constatadas seguran\u00e7a e efic\u00e1cia para tratamento da depend\u00eancia e preven\u00e7\u00e3o de consequ\u00eancias obst\u00e9tricas e fetais da\u00a0exposi\u00e7\u00e3o \u00e0 droga durante a gravidez\u00a0em animais.<\/p>\n<p>Os pr\u00f3ximos passos incluem a realiza\u00e7\u00e3o dos estudos cl\u00ednicos, com volunt\u00e1rios humanos. O pedido deve ser encaminhado \u00e0\u00a0Ag\u00eancia Nacional de Vigil\u00e2ncia Sanit\u00e1ria\u00a0(Anvisa). De acordo com o professor Frederico Garcia, a pandemia impactou o andamento do projeto e que o avan\u00e7o para as pr\u00f3ximas fases depende de recursos.<\/p>\n<p>Atualmente, n\u00e3o existem tratamentos registrados em ag\u00eancias regulat\u00f3rias para essas depend\u00eancias. As alternativas dispon\u00edveis s\u00e3o comportamentais ou usam medicamentos que ajudam a tolerar a abstin\u00eancia ou diminuir a impulsividade.<\/p>\n<p>\u201cEsse \u00e9 um problema prevalente, vulnerabilizante e sem tratamento espec\u00edfico. Os nossos estudos pr\u00e9-cl\u00ednicos comprovam a seguran\u00e7a e efic\u00e1cia da vacina nesta aplica\u00e7\u00e3o. Ela aporta uma solu\u00e7\u00e3o que permite aos pacientes com depend\u00eancia se reinserir socialmente e voltar a realizar seus sonhos\u201d, explica Garcia.<\/p>\n<p>O crack e a coca\u00edna s\u00e3o consumidos por mais de 18 milh\u00f5es de pessoas no mundo, segundo o Escrit\u00f3rio das Na\u00e7\u00f5es Unidas (ONU) para Drogas e Crimes. Desse total, 25% podem se tornar dependentes.<\/p>\n<p>A candidata a vacina desenvolvida na UFMG induz o sistema imune a produzir anticorpos que se ligam \u00e0 coca\u00edna na corrente sangu\u00ednea. Essa liga\u00e7\u00e3o transforma a droga numa mol\u00e9cula grande, que n\u00e3o passa pela barreira hematoencef\u00e1lica, uma estrutura que regula o transporte de subst\u00e2ncias entre o sangue e o sistema nervoso central.<\/p>\n<p>\u201cDemonstramos a redu\u00e7\u00e3o dos efeitos, o que sugere efic\u00e1cia no tratamento da depend\u00eancia. Pensamos em utilizar o f\u00e1rmaco para evitar reca\u00eddas em pacientes que est\u00e3o em tratamento, dando mais tempo para eles reconstru\u00edrem sua vida sem a droga\u201d, detalha o pesquisador.<\/p>\n<p>Outra possibilidade de uso foi observada nos testes em ratas gr\u00e1vidas, que produziram n\u00edveis significativos de anticorpos. \u201cA vacina impediu a a\u00e7\u00e3o da droga sobre a placenta e o feto. Observamos menos complica\u00e7\u00f5es obst\u00e9tricas, maior n\u00famero de filhotes e maior peso do que as n\u00e3o vacinadas\u201d, diz Frederico.<\/p>\n<p>De acordo com o especialista, uma vacina para a preven\u00e7\u00e3o prim\u00e1ria de transtornos mentais \u2013 como no caso da prote\u00e7\u00e3o aos fetos gerados por dependentes de coca\u00edna gr\u00e1vidas que forem vacinadas \u2013 seria algo in\u00e9dito no campo da psiquiatria. A patente j\u00e1 foi depositada pela Coordenadoria de Transfer\u00eancia e Inova\u00e7\u00e3o Tecnol\u00f3gica (CTIT) da UFMG.<\/p>\n<p>A proposta visa enfrentar a depend\u00eancia em coca\u00edna e seus derivados, como o caso do crack, que \u00e9 uma mistura da subst\u00e2ncia com bicarbonato de s\u00f3dio ou am\u00f4nia. O projeto j\u00e1 concluiu os testes pr\u00e9-cl\u00ednicos e busca financiamento para avan\u00e7ar at\u00e9 a etapa com humanos.<\/p>\n<p>\u201cAt\u00e9 ent\u00e3o, este projeto foi inteiramente desenvolvido com recursos governamentais. Para restaurar a liberdade das pessoas com depend\u00eancia e prevenir as consequ\u00eancias fetais precisamos dar in\u00edcio nos estudos com humanos\u201d, completa o professor.<\/p>\n<p>Fonte: CNN Brasil<br \/>\nhttps:\/\/www.cnnbrasil.com.br\/saude\/vacina-brasileira-contra-vicio-em-crack-e-cocaina-concorre-a-premio-internacional\/<\/p>\n","protected":false},"excerpt":{"rendered":"<p>Pesquisadores brasileiros avan\u00e7am no desenvolvimento de uma\u00a0vacina que busca minimizar os efeitos da coca\u00edna e do crack\u00a0no organismo. O candidato a imunizante da Universidade Federal de Minas Gerais (UFMG) concorre ao Pr\u00eamio Euro Inova\u00e7\u00e3o na Sa\u00fade, que reconhece grandes inova\u00e7\u00f5es da \u00e1rea m\u00e9dica e incentiva o desenvolvimento de solu\u00e7\u00f5es. A vacina anticoca\u00edna concorre na categoria [&hellip;]<\/p>\n","protected":false},"author":1,"featured_media":1447,"comment_status":"open","ping_status":"open","sticky":false,"template":"","format":"standard","meta":[],"categories":[3],"tags":[245,153,365,56,366],"_links":{"self":[{"href":"http:\/\/servicenterblog.institucional.ws\/index.php?rest_route=\/wp\/v2\/posts\/1446"}],"collection":[{"href":"http:\/\/servicenterblog.institucional.ws\/index.php?rest_route=\/wp\/v2\/posts"}],"about":[{"href":"http:\/\/servicenterblog.institucional.ws\/index.php?rest_route=\/wp\/v2\/types\/post"}],"author":[{"embeddable":true,"href":"http:\/\/servicenterblog.institucional.ws\/index.php?rest_route=\/wp\/v2\/users\/1"}],"replies":[{"embeddable":true,"href":"http:\/\/servicenterblog.institucional.ws\/index.php?rest_route=%2Fwp%2Fv2%2Fcomments&post=1446"}],"version-history":[{"count":1,"href":"http:\/\/servicenterblog.institucional.ws\/index.php?rest_route=\/wp\/v2\/posts\/1446\/revisions"}],"predecessor-version":[{"id":1448,"href":"http:\/\/servicenterblog.institucional.ws\/index.php?rest_route=\/wp\/v2\/posts\/1446\/revisions\/1448"}],"wp:featuredmedia":[{"embeddable":true,"href":"http:\/\/servicenterblog.institucional.ws\/index.php?rest_route=\/wp\/v2\/media\/1447"}],"wp:attachment":[{"href":"http:\/\/servicenterblog.institucional.ws\/index.php?rest_route=%2Fwp%2Fv2%2Fmedia&parent=1446"}],"wp:term":[{"taxonomy":"category","embeddable":true,"href":"http:\/\/servicenterblog.institucional.ws\/index.php?rest_route=%2Fwp%2Fv2%2Fcategories&post=1446"},{"taxonomy":"post_tag","embeddable":true,"href":"http:\/\/servicenterblog.institucional.ws\/index.php?rest_route=%2Fwp%2Fv2%2Ftags&post=1446"}],"curies":[{"name":"wp","href":"https:\/\/api.w.org\/{rel}","templated":true}]}}