{"id":1441,"date":"2023-06-02T13:53:55","date_gmt":"2023-06-02T16:53:55","guid":{"rendered":"http:\/\/servicenterblog.institucional.ws\/?p=1441"},"modified":"2023-06-02T13:56:50","modified_gmt":"2023-06-02T16:56:50","slug":"agencia-dos-eua-aprova-pilula-antiviral-da-pfizer-contra-covid-19","status":"publish","type":"post","link":"http:\/\/servicenterblog.institucional.ws\/?p=1441","title":{"rendered":"Ag\u00eancia dos EUA aprova p\u00edlula antiviral da Pfizer contra Covid-19"},"content":{"rendered":"<p>Paxlovid \u00e9 uma combina\u00e7\u00e3o de dois medicamentos \u2013 nirmatrelvir e ritonavir \u2013 que s\u00e3o tomados juntos como comprimidos por cinco dias nos primeiros cinco dias dos sintomas<\/p>\n<p>O Paxlovid estava dispon\u00edvel para adultos e adolescentes nos\u00a0Estados Unidos\u00a0sob uma autoriza\u00e7\u00e3o de uso de emerg\u00eancia, que limitava estritamente a forma como o medicamento poderia ser prescrito.<\/p>\n<p>Os padr\u00f5es da\u00a0FDA\u00a0para aprova\u00e7\u00e3o total s\u00e3o mais rigorosos do que os de uma autoriza\u00e7\u00e3o emergencial.<\/p>\n<p>\u201cA aprova\u00e7\u00e3o demonstra que Paxlovid atendeu aos rigorosos padr\u00f5es de seguran\u00e7a e efic\u00e1cia da ag\u00eancia e que continua sendo uma importante op\u00e7\u00e3o de tratamento para pessoas com alto risco de progress\u00e3o para Covid-19 grave, incluindo aquelas com imunidade pr\u00e9via\u201d, disse Patrizia Cavazzoni , diretora do Centro de Avalia\u00e7\u00e3o e Pesquisa de Medicamentos da FDA, em um comunicado \u00e0 imprensa.<\/p>\n<p>A aprova\u00e7\u00e3o plena dar\u00e1 aos m\u00e9dicos mais liberdade para usar o medicamento. Por exemplo, eles podem optar por prescrever um curso mais longo se uma pessoa mostrar sinais de que sua infec\u00e7\u00e3o pode voltar, um fen\u00f4meno chamado rebote.<\/p>\n<p>A FDA diz que o Paxlovid s\u00f3 deve ser usado para tratar a Covid-19. N\u00e3o deve ser usado como medida preventiva pr\u00e9-exposi\u00e7\u00e3o ou p\u00f3s-exposi\u00e7\u00e3o \u00e0 infec\u00e7\u00e3o.<\/p>\n<p>Paxlovid \u00e9 uma combina\u00e7\u00e3o de dois medicamentos \u2013 nirmatrelvir e ritonavir \u2013 que s\u00e3o tomados juntos como comprimidos por cinco dias nos primeiros cinco dias dos sintomas de Covid-19 de uma pessoa.<\/p>\n<p>Nos ensaios cl\u00ednicos que levaram \u00e0 aprova\u00e7\u00e3o, o Paxlovid reduziu o risco de hospitaliza\u00e7\u00e3o ou morte em 86% em compara\u00e7\u00e3o com um placebo em pacientes com risco de doen\u00e7a grave devido \u00e0 idade ou a uma condi\u00e7\u00e3o de sa\u00fade subjacente.<\/p>\n<p>A FDA diz que o Paxlovid \u00e9 o quarto medicamento e o primeiro comprimido a ser aprovado para o tratamento da Covid-19.<\/p>\n<p>\u00c9 dif\u00edcil para algumas pessoas tom\u00e1-lo porque tem intera\u00e7\u00f5es com muitos outros tipos de medicamentos. Por esse motivo, ele vir\u00e1 com uma caixa preta alertando sobre seu potencial de interferir com outras drogas.<\/p>\n<p>A aprova\u00e7\u00e3o de hoje cobre apenas o tratamento para adultos, mas a FDA diz que o medicamento ainda estar\u00e1 dispon\u00edvel para adolescentes de 12 a 18 anos sob autoriza\u00e7\u00e3o de uso emergencial.<\/p>\n<p>&nbsp;<\/p>\n<div class=\"translated_stamp\">Fonte: CNN Brasil<br \/>\nhttps:\/\/www.cnnbrasil.com.br\/saude\/agencia-dos-eua-aprova-pilula-antiviral-da-pfizer-contra-covid-19\/<\/div>\n","protected":false},"excerpt":{"rendered":"<p>Paxlovid \u00e9 uma combina\u00e7\u00e3o de dois medicamentos \u2013 nirmatrelvir e ritonavir \u2013 que s\u00e3o tomados juntos como comprimidos por cinco dias nos primeiros cinco dias dos sintomas O Paxlovid estava dispon\u00edvel para adultos e adolescentes nos\u00a0Estados Unidos\u00a0sob uma autoriza\u00e7\u00e3o de uso de emerg\u00eancia, que limitava estritamente a forma como o medicamento poderia ser prescrito. Os [&hellip;]<\/p>\n","protected":false},"author":1,"featured_media":1442,"comment_status":"open","ping_status":"open","sticky":false,"template":"","format":"standard","meta":[],"categories":[3],"tags":[153,207,246,184,32,56],"_links":{"self":[{"href":"http:\/\/servicenterblog.institucional.ws\/index.php?rest_route=\/wp\/v2\/posts\/1441"}],"collection":[{"href":"http:\/\/servicenterblog.institucional.ws\/index.php?rest_route=\/wp\/v2\/posts"}],"about":[{"href":"http:\/\/servicenterblog.institucional.ws\/index.php?rest_route=\/wp\/v2\/types\/post"}],"author":[{"embeddable":true,"href":"http:\/\/servicenterblog.institucional.ws\/index.php?rest_route=\/wp\/v2\/users\/1"}],"replies":[{"embeddable":true,"href":"http:\/\/servicenterblog.institucional.ws\/index.php?rest_route=%2Fwp%2Fv2%2Fcomments&post=1441"}],"version-history":[{"count":3,"href":"http:\/\/servicenterblog.institucional.ws\/index.php?rest_route=\/wp\/v2\/posts\/1441\/revisions"}],"predecessor-version":[{"id":1445,"href":"http:\/\/servicenterblog.institucional.ws\/index.php?rest_route=\/wp\/v2\/posts\/1441\/revisions\/1445"}],"wp:featuredmedia":[{"embeddable":true,"href":"http:\/\/servicenterblog.institucional.ws\/index.php?rest_route=\/wp\/v2\/media\/1442"}],"wp:attachment":[{"href":"http:\/\/servicenterblog.institucional.ws\/index.php?rest_route=%2Fwp%2Fv2%2Fmedia&parent=1441"}],"wp:term":[{"taxonomy":"category","embeddable":true,"href":"http:\/\/servicenterblog.institucional.ws\/index.php?rest_route=%2Fwp%2Fv2%2Fcategories&post=1441"},{"taxonomy":"post_tag","embeddable":true,"href":"http:\/\/servicenterblog.institucional.ws\/index.php?rest_route=%2Fwp%2Fv2%2Ftags&post=1441"}],"curies":[{"name":"wp","href":"https:\/\/api.w.org\/{rel}","templated":true}]}}