{"id":1414,"date":"2023-03-21T17:41:15","date_gmt":"2023-03-21T20:41:15","guid":{"rendered":"http:\/\/servicenterblog.institucional.ws\/?p=1414"},"modified":"2023-03-21T17:45:27","modified_gmt":"2023-03-21T20:45:27","slug":"dia-mundial-da-sindrome-de-down-como-contribuir-para-a-inclusao","status":"publish","type":"post","link":"http:\/\/servicenterblog.institucional.ws\/?p=1414","title":{"rendered":"Dia Mundial da S\u00edndrome de Down: como contribuir para a inclus\u00e3o?"},"content":{"rendered":"<p>O objetivo do Dia Mundial da S\u00edndrome de Down, comemorado anualmente em 21 de mar\u00e7o, \u00e9 refor\u00e7ar a pr\u00e1tica de inclus\u00e3o que deve ser levada diariamente, por meio de conscientiza\u00e7\u00e3o da sociedade e de pol\u00edticas p\u00fablicas.<\/p>\n<p class=\"text\">Estima-se que no Brasil a S\u00edndrome esteja presente em 1 a cada 700 nascimentos, totalizando algo em torno de 270 mil pessoas com Down. As leis brasileiras possuem um grande est\u00edmulo \u00e0 empregabilidade e ao acesso ao ensino. No entanto, a realidade mostra que muitas vezes essas leis n\u00e3o s\u00e3o cumpridas ou apenas parcialmente cumpridas,\u00a0 j\u00e1 que falta uma boa estrutura de apoio para agregar os portadores da S\u00edndrome e deix\u00e1-los \u00e0 vontade e felizes.<\/p>\n<h3>Import\u00e2ncia de subs\u00eddios para pessoas com S\u00edndrome de Down<\/h3>\n<p class=\"text\">Muitas escolas t\u00eam adotado medidas para atender \u00e0s necessidades educacionais especiais de pessoas com S\u00edndrome de Down, como a adapta\u00e7\u00e3o do ambiente de ensino e a contrata\u00e7\u00e3o de professores especializados.\u00a0<em>&#8220;Embora o n\u00famero ainda seja insuficiente em muitas escolas, principalmente na rede p\u00fablica, temos hoje muitos exemplos positivos de inclus\u00e3o na educa\u00e7\u00e3o e no mercado de trabalho que devem ser destacados&#8221;<\/em>, explica o defensor p\u00fablico federal\u00a0<strong>Andr\u00e9 Naves<\/strong>, especialista em Direitos Humanos e Sociais.<\/p>\n<p class=\"text\">No mercado de trabalho, a Lei de Cotas e os subs\u00eddios para as empresas tamb\u00e9m ajudam no aumento de contrata\u00e7\u00f5es. Muitas t\u00eam adotado pol\u00edticas de inclus\u00e3o e contratado pessoas com Down para diversas fun\u00e7\u00f5es, como atendimento ao cliente, produ\u00e7\u00e3o e servi\u00e7os administrativos. &#8220;Os empres\u00e1rios t\u00eam percebido que os portadores da s\u00edndrome s\u00e3o capazes de desempenhar bem suas fun\u00e7\u00f5es e podem contribuir para a produtividade do neg\u00f3cio&#8221;, afirma Andr\u00e9 Naves.<\/p>\n<p class=\"text\">No entanto, segundo o defensor p\u00fablico federal, ainda h\u00e1 muito o que melhorar. &#8220;Parece que nem sempre est\u00e1 t\u00e3o claro o quanto a diversidade \u00e9 importante para as organiza\u00e7\u00f5es, gerando lucro, mas principalmente trazendo ganhos de capital humano. Em muitos locais, ainda n\u00e3o existe treinamento adequado nem uma pol\u00edtica de conscientiza\u00e7\u00e3o dos funcion\u00e1rios em apoi\u00e1-los&#8221;, comenta.<\/p>\n<h3>Dificuldades para a entrada no mercado de trabalho<\/h3>\n<p class=\"text\">O defensor p\u00fablico lembra que pessoas com Down que n\u00e3o est\u00e3o empregadas tendem a ter mais depress\u00e3o e menor autoestima e que a entrada no mercado de trabalho \u00e9 um passo importante para que os jovens que t\u00eam a s\u00edndrome possam fazer a transi\u00e7\u00e3o entre o mundo da inf\u00e2ncia e o mundo adulto. No entanto, o excesso de preocupa\u00e7\u00e3o por parte de familiares e amigos torna essa passagem dif\u00edcil &#8211; e com raz\u00e3o, muitas vezes -, principalmente pela forma com que pessoas com Down s\u00e3o tratadas no dia a dia, o olhar de pena ou de desprezo de outras pessoas; sem falar na baixa expectativa que a sociedade nutre em rela\u00e7\u00e3o \u00e0 contribui\u00e7\u00e3o deles \u00e0 comunidade e ao emprego onde est\u00e3o inseridos.<\/p>\n<p class=\"text\">Ainda h\u00e1 preconceitos e uma s\u00e9rie de mitos que envolve esses profissionais. &#8220;\u00c9 importante ressaltar que a rela\u00e7\u00e3o com o trabalho n\u00e3o envolve apenas a pessoa com Down e a empresa. A fam\u00edlia, a escola e sociedade em geral precisam caminhar juntas na defesa de uma inclus\u00e3o efetiva, para que a entrada desses indiv\u00edduos no mercado de trabalho possa se tornar uma realidade, trazendo satisfa\u00e7\u00e3o para eles e bons resultados para todos&#8221;, lembra o defensor.<\/p>\n<div id=\"image_7a1a775b3958b8f016210583119a538b7wzc49py\" class=\"article__image-embed \">\n<h2>Desafio da educa\u00e7\u00e3o inclusiva<\/h2>\n<p class=\"text\">Em 1998, apenas cerca de 200 mil crian\u00e7as brasileiras que necessitavam de educa\u00e7\u00e3o especial estavam matriculadas nas classes comuns da Educa\u00e7\u00e3o B\u00e1sica. Em 2014, elas j\u00e1 eram quase 700 mil, distribu\u00eddas em 80% das mais de 145 mil escolas de todo o pa\u00eds. Em 2017, o n\u00famero de alunos da educa\u00e7\u00e3o especial j\u00e1 ultrapassava a barreira de um milh\u00e3o e, em 2018, chegou a 1,18 milh\u00e3o; um crescimento de quase 11% em apenas um ano.<\/p>\n<p class=\"text\">A maior parte &#8211; pouco mais de 992 mil &#8211; estuda em escolas p\u00fablicas do ensino regular. Por\u00e9m, na pr\u00e1tica, o desafio de levar conhecimento a todos encontra barreiras na inclus\u00e3o de pessoas com Down. Dentre as mais de 270 mil pessoas com a s\u00edndrome, apenas 74 alcan\u00e7aram \u00eaxito e conclu\u00edram uma gradua\u00e7\u00e3o, conforme o Movimento Down.<\/p>\n<h2>Metas a serem atingidas<\/h2>\n<p class=\"text\">O Plano Nacional de Educa\u00e7\u00e3o (PNE), aprovado em 2014, lista 20 metas a serem alcan\u00e7adas em 10 anos \u2014 2024, ou seja, no ano que vem! Dentre elas, a meta de inclus\u00e3o na rede regular de educa\u00e7\u00e3o: &#8220;Universalizar, para a popula\u00e7\u00e3o de 4 (quatro) a 17 (dezessete) anos com defici\u00eancia, transtornos globais do desenvolvimento e altas habilidades, ou superdota\u00e7\u00e3o, o acesso \u00e0 educa\u00e7\u00e3o b\u00e1sica e ao atendimento educacional especializado, preferencialmente na rede regular de ensino, com a garantia de sistema educacional inclusivo, de salas de recursos multifuncionais, classes, escolas ou servi\u00e7os especializados, p\u00fablicos ou conveniados&#8221;, diz meta 4 do Plano. Al\u00e9m do PNE, a Lei Brasileira de Inclus\u00e3o (LBI) tamb\u00e9m assegura que pessoas com s\u00edndromes tenham garantido o direito \u00e0 educa\u00e7\u00e3o.<\/p>\n<p class=\"text\">Andr\u00e9 Naves ressalta que \u00e9 fundamental que as escolas se esforcem para cumprir a meta de inclus\u00e3o e estejam cada vez mais preparadas para acolher e valorizar as habilidades e potencialidades dos alunos com Down. Ele destaca a necessidade de as atividades curriculares serem adaptadas para atender as demandas desses estudantes. &#8220;\u00c9 important\u00edssima a participa\u00e7\u00e3o ativa dos pais no processo educacional de seus filhos. A educa\u00e7\u00e3o \u00e9 um direito fundamental para que crian\u00e7as com Down possam desenvolver-se plenamente&#8221;, declara.<\/p>\n<h2>Grupo Chaverim auxilia na inclus\u00e3o<\/h2>\n<p class=\"text\">Em S\u00e3o Paulo, o Grupo Chaverim &#8211; &#8220;Amigos&#8221;, em hebraico &#8211; \u00e9 uma associa\u00e7\u00e3o privada de car\u00e1ter beneficente, com foco no atendimento \u00e0s pessoas com defici\u00eancia intelectual e psicossocial, visando \u00e0 sociabiliza\u00e7\u00e3o e inclus\u00e3o social. A institui\u00e7\u00e3o j\u00e1 auxiliou dezenas de pessoas com Down nas \u00e1reas da educa\u00e7\u00e3o e do trabalho.<\/p>\n<p class=\"text\">Um bom exemplo \u00e9 Estela Brick, de 57 anos, que atualmente trabalha na Serasa e \u00e9 volunt\u00e1ria no Chaverim fazendo o cadastro de cupons da Nota Fiscal Paulista, o que ajuda muito na arrecada\u00e7\u00e3o das doa\u00e7\u00f5es. &#8220;Gosto de jogar bola, domin\u00f3. Separo minha roupa para o trabalho. Gosto de nadar, pular Carnaval, de ir ao teatro&#8221;, diz ela, feliz por ter conquistado o seu espa\u00e7o na sociedade.<\/p>\n<p class=\"text\">Outro que tamb\u00e9m conta com apoio do Chaverim \u00e9 David Goldzveig, de 30 anos, que estuda na ADID. &#8220;Gosto de pintura, desenho e tamb\u00e9m de esportes. Fa\u00e7o nata\u00e7\u00e3o e gin\u00e1stica art\u00edstica. Tenho muitos amigos na Hebraica e no Chaverim. Eu gosto de ter amigos e assim sou feliz&#8221;, declara ele, que tamb\u00e9m participa do Dog Day Club &#8211; creche e hotel para c\u00e3es -, onde cuida dos cachorros, coloca ra\u00e7\u00e3o, brinca com eles e \u00e9 respons\u00e1vel pela limpeza do local. A propriet\u00e1ria do neg\u00f3cio tem tamb\u00e9m uma filha com Down e, quando a fam\u00edlia de David procurou o local para deixar o cachorro dele, Max, a empres\u00e1ria acabou acolhendo tamb\u00e9m o David, que trabalha \u00e0s ter\u00e7as e quartas \u00e0 tarde.<\/p>\n<h3>Como incluir pessoas com S\u00edndrome de Down nas empresas?<\/h3>\n<p class=\"text\">Segundo o Movimento Down, o ambiente de trabalho ajuda as pessoas com Down a ganharem responsabilidades e desenvolverem relacionamentos com grupos diversos, o que tem impacto direto nas habilidades cognitivas, mec\u00e2nicas e de adapta\u00e7\u00e3o a diferentes situa\u00e7\u00f5es, inclusive na vida pessoal. Para o Movimento, uma pessoa com a s\u00edndrome deve ter as mesmas oportunidades de outras, por\u00e9m dentro de suas singularidades, tendo suas necessidades respeitadas por meio de n\u00edveis de apoio para sua efetiva inser\u00e7\u00e3o e autonomia.<\/p>\n<h3>Confira algumas dicas para garantir a inclus\u00e3o no trabalho<\/h3>\n<ul>\n<li>Garantir acessibilidade f\u00edsica;<\/li>\n<li>Implantar uma tecnologia assistiva (produtos, recursos, equipamentos, pr\u00e1ticas e metodologias que promovem a funcionalidade, visando aumentar a autonomia, a independ\u00eancia, a qualidade de vida e a inclus\u00e3o social);<\/li>\n<li>Superar vieses inconscientes (padr\u00f5es que mantemos ao longo da vida que influenciam no modo como nos percebemos, nos relacionamos e interagimos uns com os outros);<\/li>\n<li>Combater o capacitismo (\u00e9 preciso reconhecer e identificar atitudes capacitistas para evitar constrangimentos e combater o preconceito);<\/li>\n<li>Preparar o RH da empresa para mapear cargos e fun\u00e7\u00f5es; an\u00e1lise da acessibilidade; sensibiliza\u00e7\u00e3o; recrutamento e sele\u00e7\u00e3o; avalia\u00e7\u00e3o da sa\u00fade ocupacional; treinamento; e reten\u00e7\u00e3o de profissionais com Down.<\/li>\n<\/ul>\n<p class=\"text\">As empresas precisam envolver todas as suas equipes em a\u00e7\u00f5es de inclus\u00e3o. &#8220;Se necess\u00e1rio, devem contar, inclusive, com o apoio de uma consultoria especializada&#8221;, conclui o defensor Andr\u00e9 Naves, que \u00e9 tamb\u00e9m Conselheiro do Chaverim.<\/p>\n<p>Fonte: <em>Por Andreia Const\u00e2ncio &#8211; Terra<br \/>\nhttps:\/\/www.terra.com.br\/nos\/dia-mundial-da-sindrome-de-down-como-contribuir-para-a-inclusao,32afef7e93f059598eb633e53f8fc4a0knmzzu93.html<br \/>\n<\/em><\/p>\n<\/div>\n","protected":false},"excerpt":{"rendered":"<p>O objetivo do Dia Mundial da S\u00edndrome de Down, comemorado anualmente em 21 de mar\u00e7o, \u00e9 refor\u00e7ar a pr\u00e1tica de inclus\u00e3o que deve ser levada diariamente, por meio de conscientiza\u00e7\u00e3o da sociedade e de pol\u00edticas p\u00fablicas. Estima-se que no Brasil a S\u00edndrome esteja presente em 1 a cada 700 nascimentos, totalizando algo em torno de [&hellip;]<\/p>\n","protected":false},"author":1,"featured_media":1415,"comment_status":"open","ping_status":"open","sticky":false,"template":"","format":"standard","meta":[],"categories":[1],"tags":[358,359,357],"_links":{"self":[{"href":"http:\/\/servicenterblog.institucional.ws\/index.php?rest_route=\/wp\/v2\/posts\/1414"}],"collection":[{"href":"http:\/\/servicenterblog.institucional.ws\/index.php?rest_route=\/wp\/v2\/posts"}],"about":[{"href":"http:\/\/servicenterblog.institucional.ws\/index.php?rest_route=\/wp\/v2\/types\/post"}],"author":[{"embeddable":true,"href":"http:\/\/servicenterblog.institucional.ws\/index.php?rest_route=\/wp\/v2\/users\/1"}],"replies":[{"embeddable":true,"href":"http:\/\/servicenterblog.institucional.ws\/index.php?rest_route=%2Fwp%2Fv2%2Fcomments&post=1414"}],"version-history":[{"count":3,"href":"http:\/\/servicenterblog.institucional.ws\/index.php?rest_route=\/wp\/v2\/posts\/1414\/revisions"}],"predecessor-version":[{"id":1418,"href":"http:\/\/servicenterblog.institucional.ws\/index.php?rest_route=\/wp\/v2\/posts\/1414\/revisions\/1418"}],"wp:featuredmedia":[{"embeddable":true,"href":"http:\/\/servicenterblog.institucional.ws\/index.php?rest_route=\/wp\/v2\/media\/1415"}],"wp:attachment":[{"href":"http:\/\/servicenterblog.institucional.ws\/index.php?rest_route=%2Fwp%2Fv2%2Fmedia&parent=1414"}],"wp:term":[{"taxonomy":"category","embeddable":true,"href":"http:\/\/servicenterblog.institucional.ws\/index.php?rest_route=%2Fwp%2Fv2%2Fcategories&post=1414"},{"taxonomy":"post_tag","embeddable":true,"href":"http:\/\/servicenterblog.institucional.ws\/index.php?rest_route=%2Fwp%2Fv2%2Ftags&post=1414"}],"curies":[{"name":"wp","href":"https:\/\/api.w.org\/{rel}","templated":true}]}}