{"id":1407,"date":"2023-03-15T17:10:02","date_gmt":"2023-03-15T20:10:02","guid":{"rendered":"http:\/\/servicenterblog.institucional.ws\/?p=1407"},"modified":"2023-03-15T17:10:13","modified_gmt":"2023-03-15T20:10:13","slug":"entenda-quais-atividades-podem-ajudar-a-proteger-o-cerebro-da-demencia","status":"publish","type":"post","link":"http:\/\/servicenterblog.institucional.ws\/?p=1407","title":{"rendered":"Entenda quais atividades podem ajudar a proteger o c\u00e9rebro da dem\u00eancia"},"content":{"rendered":"<p>Em fevereiro, a fam\u00edlia do ator Bruce Willis\u00a0divulgou que ele est\u00e1 com uma\u00a0forma de dem\u00eancia chamada frontotemporal, ou FTD.<\/p>\n<p>No ano passado, ele j\u00e1 havia anunciado uma pausa na carreira justamente para lidar com uma condi\u00e7\u00e3o m\u00e9dica \u2013 \u00e0 \u00e9poca n\u00e3o diagnosticada desconhecida \u2013 que afetava suas habilidades cognitivas.<\/p>\n<div class=\"cnnTeads\"><\/div>\n<p>Em entrevista \u00e0\u00a0<strong>CNN R\u00e1dio<\/strong>, o neurologista Raphael Spera, que \u00e9 membro da Academia Brasileira de Neurologia, explicou que h\u00e1 m\u00e9todos de \u201cresili\u00eancia cerebral\u201d que s\u00e3o capazes de proteger preventivamente o c\u00e9rebro de futuras agress\u00f5es, como\u00a0a dem\u00eancia.<\/p>\n<p>\u201cOs mecanismos protetores s\u00e3o de atividade intelectual, como palavras cruzadas, mas com altern\u00e2ncia de est\u00edmulos, ou seja, fazer coisas diferentes, n\u00e3o s\u00f3 uma atividade.\u201d<\/p>\n<p>Entre elas, est\u00e3o a \u201cleitura de livros diferentes, tocar um instrumento musical, jogos de tabuleiro, como xadrez, dama, e at\u00e9 jogos de carta.\u201d<\/p>\n<p>O tric\u00f4 e o croch\u00ea tamb\u00e9m s\u00e3o atividades interessantes, j\u00e1 que \u201ctrabalham as duas m\u00e3os e estimulam racioc\u00ednio.\u201d<\/p>\n<p>O importante, Spera refor\u00e7a, \u00e9 que essas atividades sejam feitas de forma alternada e constante.<\/p>\n<p>Fonte: CNN Brasil<\/p>\n","protected":false},"excerpt":{"rendered":"<p>Em fevereiro, a fam\u00edlia do ator Bruce Willis\u00a0divulgou que ele est\u00e1 com uma\u00a0forma de dem\u00eancia chamada frontotemporal, ou FTD. No ano passado, ele j\u00e1 havia anunciado uma pausa na carreira justamente para lidar com uma condi\u00e7\u00e3o m\u00e9dica \u2013 \u00e0 \u00e9poca n\u00e3o diagnosticada desconhecida \u2013 que afetava suas habilidades cognitivas. Em entrevista \u00e0\u00a0CNN R\u00e1dio, o neurologista [&hellip;]<\/p>\n","protected":false},"author":1,"featured_media":1408,"comment_status":"open","ping_status":"open","sticky":false,"template":"","format":"standard","meta":[],"categories":[3],"tags":[353,354,327,352,91,26],"_links":{"self":[{"href":"http:\/\/servicenterblog.institucional.ws\/index.php?rest_route=\/wp\/v2\/posts\/1407"}],"collection":[{"href":"http:\/\/servicenterblog.institucional.ws\/index.php?rest_route=\/wp\/v2\/posts"}],"about":[{"href":"http:\/\/servicenterblog.institucional.ws\/index.php?rest_route=\/wp\/v2\/types\/post"}],"author":[{"embeddable":true,"href":"http:\/\/servicenterblog.institucional.ws\/index.php?rest_route=\/wp\/v2\/users\/1"}],"replies":[{"embeddable":true,"href":"http:\/\/servicenterblog.institucional.ws\/index.php?rest_route=%2Fwp%2Fv2%2Fcomments&post=1407"}],"version-history":[{"count":1,"href":"http:\/\/servicenterblog.institucional.ws\/index.php?rest_route=\/wp\/v2\/posts\/1407\/revisions"}],"predecessor-version":[{"id":1409,"href":"http:\/\/servicenterblog.institucional.ws\/index.php?rest_route=\/wp\/v2\/posts\/1407\/revisions\/1409"}],"wp:featuredmedia":[{"embeddable":true,"href":"http:\/\/servicenterblog.institucional.ws\/index.php?rest_route=\/wp\/v2\/media\/1408"}],"wp:attachment":[{"href":"http:\/\/servicenterblog.institucional.ws\/index.php?rest_route=%2Fwp%2Fv2%2Fmedia&parent=1407"}],"wp:term":[{"taxonomy":"category","embeddable":true,"href":"http:\/\/servicenterblog.institucional.ws\/index.php?rest_route=%2Fwp%2Fv2%2Fcategories&post=1407"},{"taxonomy":"post_tag","embeddable":true,"href":"http:\/\/servicenterblog.institucional.ws\/index.php?rest_route=%2Fwp%2Fv2%2Ftags&post=1407"}],"curies":[{"name":"wp","href":"https:\/\/api.w.org\/{rel}","templated":true}]}}