{"id":1395,"date":"2023-02-23T09:24:50","date_gmt":"2023-02-23T12:24:50","guid":{"rendered":"http:\/\/servicenterblog.institucional.ws\/?p=1395"},"modified":"2023-02-23T09:26:05","modified_gmt":"2023-02-23T12:26:05","slug":"cientistas-anunciam-quinto-caso-de-cura-da-aids","status":"publish","type":"post","link":"http:\/\/servicenterblog.institucional.ws\/?p=1395","title":{"rendered":"Cientistas anunciam quinto caso de cura da AIDS"},"content":{"rendered":"<h5 class=\"description\"><em>Ap\u00f3s transplante de medula \u00f3ssea, homem de 53 anos com leucemia entrou em remiss\u00e3o do v\u00edrus HIV na Alemanha<\/em><\/h5>\n<p>Em estudo publicado na segunda-feira 20, na revista cient\u00edfica Nature Medicine, cientistas do Hospital Universit\u00e1rio de D\u00fcsseldorf, na Alemanha, anunciaram o quinto paciente curado do HIV \u2013 v\u00edrus que provoca a AIDS \u2013 ap\u00f3s transplante de medula \u00f3ssea. Segundo o relat\u00f3rio, o homem de 53 anos, cuja identidade n\u00e3o foi revelada, mas \u00e9 chamado de \u201cpaciente de D\u00fcsseldorf\u201d, tinha leucemia, era positivo para HIV tipo 1 (HIV-1) e entrou em remiss\u00e3o para o v\u00edrus depois que recebeu c\u00e9lulas-tronco de um doador com gen\u00e9tica resistente ao v\u00edrus, tal como os casos anteriores.<\/p>\n<p>\u201cDesde o in\u00edcio, o objetivo do transplante era controlar tanto a leucemia quanto o v\u00edrus HIV\u201d, afirmou Guido Kobbe, m\u00e9dico que realizou o procedimento. A leucemia do paciente \u00e9 do tipo mieloide aguda (LMA), esp\u00e9cie de c\u00e2ncer diagnosticada em 2011, seis meses depois que ele come\u00e7ou o tratamento contra o v\u00edrus da AIDS. Dois anos depois, em 2013, para conter o avan\u00e7o do tumor, ele passou por um transplante de medula \u00f3ssea, \u00e9poca em que os especialistas iniciaram uma busca por um doador que possu\u00edsse o CCR5, muta\u00e7\u00e3o rara, mas natural, que torna o indiv\u00edduo geneticamente resistente \u00e0 maioria das cepas do HIV, bloqueando a infec\u00e7\u00e3o e interrompendo a replica\u00e7\u00e3o viral.<\/p>\n<p>Em 2018, ap\u00f3s cinco anos de acompanhamento, os m\u00e9dicos resolveram interromper o tratamento antiviral, argumentando que era a \u00fanica forma de saber se ele estava realmente curado. Observaram ent\u00e3o que o paciente n\u00e3o apresentava nenhum tra\u00e7o do v\u00edrus da AIDS capaz de provocar uma infec\u00e7\u00e3o, al\u00e9m de medirem n\u00edveis decrescentes de anticorpos espec\u00edficos para o pat\u00f3geno. \u201cEsses resultados s\u00e3o fortes evid\u00eancias de que o HIV-1 foi curado\u201d, escreveram os cientistas no estudo.<\/p>\n<p>\u201cIsso mostra que essas abordagens s\u00e3o promissoras e tamb\u00e9m reprodut\u00edveis, j\u00e1 que n\u00e3o \u00e9 um caso isolado\u201d, disse J\u00fcrgen Rockstroh, professor e chefe de infectologia no Hospital Universit\u00e1rio de Bonn, na Alemanha, que n\u00e3o esteve envolvido na pesquisa.<\/p>\n<p><b>Primeiros casos<\/b><\/p>\n<p>Em 2009, foi a primeira vez que um transplante de medula \u00f3ssea provocou o retrocesso em um paciente. Ou seja, Timothy Ray Brown, chamado de \u201cpaciente de Berlim\u201d, tornou-se a primeira pessoa no mundo a ser considerada curada do HIV. Brown viveu 12 anos sem o v\u00edrus, at\u00e9 falecer em 2020 por conta de um c\u00e2ncer. Depois, veio Adam Castillejo, em 2019, que ficou conhecido como o \u201cpaciente de Londres\u201d, al\u00e9m de\u00a0uma mulher\u00a0e\u00a0um homem, em 2022, terceiro e quarto caso, respectivamente, que mantiveram anonimato.<\/p>\n<p>Mesmo com os casos de cura, especialistas alertam que o transplante n\u00e3o \u00e9 uma alternativa segura e vi\u00e1vel ao tratamento do HIV e nem indicado a todos os pacientes, apenas para quem tem est\u00e1gio de c\u00e2ncer avan\u00e7ado, j\u00e1 que envolve muitos riscos e depende de doadores compat\u00edveis.<\/p>\n<p>Pesquisadores tamb\u00e9m dizem que \u00e9 dif\u00edcil provar conclusivamente que algu\u00e9m est\u00e1 curado do HIV. \u201cO v\u00edrus pode permanecer escondido dentro de c\u00e9lulas imunol\u00f3gicas de vida muito longa, al\u00e9m dos m\u00e9todos dispon\u00edveis para detect\u00e1-los ainda serem limitados\u201d, escreveram as especialistas em HIV, Sharon Lewin e Jennifer Zerbato, no The Lancet, em 2020. De qualquer forma, esse estudo serve como mais uma evid\u00eancia de que as terapias de edi\u00e7\u00e3o de genes direcionadas aos receptores CCR5 podem ser a chave para a cura da AIDS.<\/p>\n<p>Fonte: Veja<br \/>\nhttps:\/\/veja.abril.com.br\/saude\/cientistas-anunciam-quinto-caso-de-cura-da-aids\/<\/p>\n","protected":false},"excerpt":{"rendered":"<p>Ap\u00f3s transplante de medula \u00f3ssea, homem de 53 anos com leucemia entrou em remiss\u00e3o do v\u00edrus HIV na Alemanha Em estudo publicado na segunda-feira 20, na revista cient\u00edfica Nature Medicine, cientistas do Hospital Universit\u00e1rio de D\u00fcsseldorf, na Alemanha, anunciaram o quinto paciente curado do HIV \u2013 v\u00edrus que provoca a AIDS \u2013 ap\u00f3s transplante de [&hellip;]<\/p>\n","protected":false},"author":1,"featured_media":1396,"comment_status":"open","ping_status":"open","sticky":false,"template":"","format":"standard","meta":[],"categories":[3],"tags":[159,153,170,73,158],"_links":{"self":[{"href":"http:\/\/servicenterblog.institucional.ws\/index.php?rest_route=\/wp\/v2\/posts\/1395"}],"collection":[{"href":"http:\/\/servicenterblog.institucional.ws\/index.php?rest_route=\/wp\/v2\/posts"}],"about":[{"href":"http:\/\/servicenterblog.institucional.ws\/index.php?rest_route=\/wp\/v2\/types\/post"}],"author":[{"embeddable":true,"href":"http:\/\/servicenterblog.institucional.ws\/index.php?rest_route=\/wp\/v2\/users\/1"}],"replies":[{"embeddable":true,"href":"http:\/\/servicenterblog.institucional.ws\/index.php?rest_route=%2Fwp%2Fv2%2Fcomments&post=1395"}],"version-history":[{"count":2,"href":"http:\/\/servicenterblog.institucional.ws\/index.php?rest_route=\/wp\/v2\/posts\/1395\/revisions"}],"predecessor-version":[{"id":1398,"href":"http:\/\/servicenterblog.institucional.ws\/index.php?rest_route=\/wp\/v2\/posts\/1395\/revisions\/1398"}],"wp:featuredmedia":[{"embeddable":true,"href":"http:\/\/servicenterblog.institucional.ws\/index.php?rest_route=\/wp\/v2\/media\/1396"}],"wp:attachment":[{"href":"http:\/\/servicenterblog.institucional.ws\/index.php?rest_route=%2Fwp%2Fv2%2Fmedia&parent=1395"}],"wp:term":[{"taxonomy":"category","embeddable":true,"href":"http:\/\/servicenterblog.institucional.ws\/index.php?rest_route=%2Fwp%2Fv2%2Fcategories&post=1395"},{"taxonomy":"post_tag","embeddable":true,"href":"http:\/\/servicenterblog.institucional.ws\/index.php?rest_route=%2Fwp%2Fv2%2Ftags&post=1395"}],"curies":[{"name":"wp","href":"https:\/\/api.w.org\/{rel}","templated":true}]}}