{"id":1392,"date":"2023-02-16T14:12:57","date_gmt":"2023-02-16T17:12:57","guid":{"rendered":"http:\/\/servicenterblog.institucional.ws\/?p=1392"},"modified":"2023-02-16T14:12:57","modified_gmt":"2023-02-16T17:12:57","slug":"exame-pode-indicar-diagnostico-de-alzheimer-dez-anos-antes-do-inicio-dos-sintomas-sugere-estudo","status":"publish","type":"post","link":"http:\/\/servicenterblog.institucional.ws\/?p=1392","title":{"rendered":"Exame pode indicar diagn\u00f3stico de Alzheimer dez anos antes do in\u00edcio dos sintomas, sugere estudo"},"content":{"rendered":"<p>Um novo exame poder\u00e1 otimizar o diagn\u00f3stico do<strong>\u00a0Alzheimer<\/strong>\u00a0em at\u00e9 dez anos antes do in\u00edcio dos sintomas. As causas da doen\u00e7a neurodegenerativa ainda n\u00e3o s\u00e3o totalmente esclarecidas pela ci\u00eancia, mas acredita-se que seja geneticamente determinada.<\/p>\n<p>Nas investiga\u00e7\u00f5es sobre o Alzheimer, cientistas em todo o mundo se desdobram para estudar os chamados biomarcadores, que s\u00e3o indicadores mensur\u00e1veis do desenvolvimento de uma doen\u00e7a.<\/p>\n<div class=\"cnnTeads\"><\/div>\n<p>Pesquisadores do Karolinska Institutet, na Su\u00e9cia, desenvolveram um m\u00e9todo que pode apontar uma forma heredit\u00e1ria da doen\u00e7a a partir de biomarcadores sangu\u00edneos. Os resultados foram publicados no\u00a0peri\u00f3dico cient\u00edfico Brain.<\/p>\n<p>A progress\u00e3o do Alzheimer est\u00e1 associada \u00e0 perda de fun\u00e7\u00f5es cognitivas, como\u00a0mem\u00f3ria, linguagem, planejamento e habilidades visuais-espaciais. O diagn\u00f3stico precoce da doen\u00e7a contribui para evitar a progress\u00e3o r\u00e1pida.<\/p>\n<p>Dados recentes do Minist\u00e9rio da Sa\u00fade apontam que a preval\u00eancia em\u00a0pessoas com 65 anos ou mais\u00a0corresponde a mais da metade dos casos. Estima-se que cerca de 1,2 milh\u00e3o de pessoas vivam com alguma forma de dem\u00eancia no Brasil.<\/p>\n<p>Os primeiros sintomas podem aparecer alguns anos antes de chamar a aten\u00e7\u00e3o de familiares, mas s\u00e3o pontuais, como esquecimentos simples, troca de nomes, repeti\u00e7\u00e3o da mesma hist\u00f3ria e mudan\u00e7as no comportamento. A perda de mem\u00f3ria recente \u00e9 o principal sinal de alerta, segundo o Minist\u00e9rio da Sa\u00fade.<\/p>\n<p>Por ser uma doen\u00e7a progressiva, os sintomas aumentam com o passar do tempo e come\u00e7am a trazer irritabilidade, falhas na linguagem, preju\u00edzo na capacidade de se orientar no espa\u00e7o e no tempo. Nos casos mais graves, h\u00e1 perda da capacidade de realizar tarefas cotidianas.<\/p>\n<p>A doen\u00e7a tamb\u00e9m pode vir acompanhada tamb\u00e9m de depress\u00e3o, ansiedade e apatia. Por isso, o diagn\u00f3stico precoce aumenta as chances de retardar o processo e evitar a evolu\u00e7\u00e3o r\u00e1pida do Alzheimer.<\/p>\n<p>O estudo recente aponta que os biomarcadores presentes no\u00a0sangue\u00a0emergentes da doen\u00e7a de Alzheimer podem ser ferramentas n\u00e3o invasivas para rastrear anormalidades precoces relacionadas \u00e0 doen\u00e7a, como o ac\u00famulo de prote\u00ednas beta-amil\u00f3ide, emaranhados neurofibrilares e mecanismos como ativa\u00e7\u00e3o glial e neurodegenera\u00e7\u00e3o.<\/p>\n<p>No entanto, n\u00e3o est\u00e1 claro quais processos patol\u00f3gicos no\u00a0sistema nervoso\u00a0central podem ser detectados adequadamente por medi\u00e7\u00f5es perif\u00e9ricas e se os biomarcadores plasm\u00e1ticos s\u00e3o igualmente aplic\u00e1veis nas fases cl\u00ednica e pr\u00e9-cl\u00ednica da doen\u00e7a.<\/p>\n<p>No estudo, os especialistas avaliaram o tempo e o desempenho dos biomarcadores no sangue em portadores de muta\u00e7\u00f5es em compara\u00e7\u00e3o com n\u00e3o portadores na doen\u00e7a de Alzheimer. Foram analisadas 164 amostras de plasma sangu\u00edneo, sendo 33 de pessoas com uma muta\u00e7\u00e3o que aumenta a disposi\u00e7\u00e3o ao Alzheimer e de 42 parentes que n\u00e3o contavam com a predisposi\u00e7\u00e3o gen\u00e9tica.<\/p>\n<p>Os resultados das an\u00e1lises apontaram que biomarcadores indicam a presen\u00e7a de altera\u00e7\u00f5es patol\u00f3gicas de maneira precoce em pacientes com a doen\u00e7a. O grupo identificou mudan\u00e7as em uma prote\u00edna chamada glial fibrilar \u00e1cida (GFAP) cerca de dez anos antes do aparecimento dos sintomas caracter\u00edsticos. Os especialistas verificaram tamb\u00e9m concentra\u00e7\u00f5es aumentadas de prote\u00ednas como a tau (P-tau181) e a leve de neurofilamento (NfL), relacionadas ao dano neuronal.<\/p>\n<p>A amostragem foi realizada durante os anos de 1994 a 2018. Todos os biomarcadores foram analisados no Laborat\u00f3rio de Neuroqu\u00edmica Cl\u00ednica do Hospital Universit\u00e1rio Sahlgrenska, em M\u00f6lndal, na Su\u00e9cia. O prazo do estudo permitiu a an\u00e1lise e detec\u00e7\u00e3o de altera\u00e7\u00f5es nas concentra\u00e7\u00f5es de prote\u00ednas no sangue de pessoas com a muta\u00e7\u00e3o uma d\u00e9cada antes do in\u00edcio dos sinais da doen\u00e7a.<\/p>\n<p>\u201cJuntas, P-tau181, GFAP e NfL parecem ser biomarcadores vi\u00e1veis para detectar diferentes patologias relacionadas \u00e0 doen\u00e7a de Alzheimer j\u00e1 em indiv\u00edduos pr\u00e9-sintom\u00e1ticos. Curiosamente, altera\u00e7\u00f5es nas concentra\u00e7\u00f5es plasm\u00e1ticas de GFAP foram detectadas antes de P-tau181 e NfL. Nossos resultados sugerem que o plasma GFAP pode refletir a patologia da doen\u00e7a de Alzheimer a montante do ac\u00famulo de emaranhados e neurodegenera\u00e7\u00e3o\u201d, diz trecho do artigo.<\/p>\n<p>Fonte: CNN Brasil<\/p>\n<p>https:\/\/www.cnnbrasil.com.br\/saude\/exame-pode-indicar-diagnostico-de-alzheimer-dez-anos-antes-do-inicio-dos-sintomas-sugere-estudo\/<\/p>\n","protected":false},"excerpt":{"rendered":"<p>Um novo exame poder\u00e1 otimizar o diagn\u00f3stico do\u00a0Alzheimer\u00a0em at\u00e9 dez anos antes do in\u00edcio dos sintomas. As causas da doen\u00e7a neurodegenerativa ainda n\u00e3o s\u00e3o totalmente esclarecidas pela ci\u00eancia, mas acredita-se que seja geneticamente determinada. Nas investiga\u00e7\u00f5es sobre o Alzheimer, cientistas em todo o mundo se desdobram para estudar os chamados biomarcadores, que s\u00e3o indicadores mensur\u00e1veis [&hellip;]<\/p>\n","protected":false},"author":1,"featured_media":1393,"comment_status":"open","ping_status":"open","sticky":false,"template":"","format":"standard","meta":[],"categories":[3],"tags":[111,153,320,152,26],"_links":{"self":[{"href":"http:\/\/servicenterblog.institucional.ws\/index.php?rest_route=\/wp\/v2\/posts\/1392"}],"collection":[{"href":"http:\/\/servicenterblog.institucional.ws\/index.php?rest_route=\/wp\/v2\/posts"}],"about":[{"href":"http:\/\/servicenterblog.institucional.ws\/index.php?rest_route=\/wp\/v2\/types\/post"}],"author":[{"embeddable":true,"href":"http:\/\/servicenterblog.institucional.ws\/index.php?rest_route=\/wp\/v2\/users\/1"}],"replies":[{"embeddable":true,"href":"http:\/\/servicenterblog.institucional.ws\/index.php?rest_route=%2Fwp%2Fv2%2Fcomments&post=1392"}],"version-history":[{"count":1,"href":"http:\/\/servicenterblog.institucional.ws\/index.php?rest_route=\/wp\/v2\/posts\/1392\/revisions"}],"predecessor-version":[{"id":1394,"href":"http:\/\/servicenterblog.institucional.ws\/index.php?rest_route=\/wp\/v2\/posts\/1392\/revisions\/1394"}],"wp:featuredmedia":[{"embeddable":true,"href":"http:\/\/servicenterblog.institucional.ws\/index.php?rest_route=\/wp\/v2\/media\/1393"}],"wp:attachment":[{"href":"http:\/\/servicenterblog.institucional.ws\/index.php?rest_route=%2Fwp%2Fv2%2Fmedia&parent=1392"}],"wp:term":[{"taxonomy":"category","embeddable":true,"href":"http:\/\/servicenterblog.institucional.ws\/index.php?rest_route=%2Fwp%2Fv2%2Fcategories&post=1392"},{"taxonomy":"post_tag","embeddable":true,"href":"http:\/\/servicenterblog.institucional.ws\/index.php?rest_route=%2Fwp%2Fv2%2Ftags&post=1392"}],"curies":[{"name":"wp","href":"https:\/\/api.w.org\/{rel}","templated":true}]}}