{"id":1354,"date":"2022-11-16T22:16:49","date_gmt":"2022-11-17T01:16:49","guid":{"rendered":"http:\/\/servicenterblog.institucional.ws\/?p=1354"},"modified":"2022-11-16T22:16:49","modified_gmt":"2022-11-17T01:16:49","slug":"novembro-azul-veja-quais-sao-os-sintomas-e-quais-os-exames-que-detectam-o-cancer-de-prostata","status":"publish","type":"post","link":"http:\/\/servicenterblog.institucional.ws\/?p=1354","title":{"rendered":"NOVEMBRO AZUL: veja quais s\u00e3o os sintomas e quais os exames que detectam o c\u00e2ncer de pr\u00f3stata"},"content":{"rendered":"<p class=\"texto\">No dia 17 de novembro\u00a0\u00e9 celebrado o\u00a0<strong>Dia Mundial de Combate ao C\u00e2ncer de Pr\u00f3stata<\/strong>. A data traz consigo a import\u00e2ncia da\u00a0<strong>preven\u00e7\u00e3o<\/strong>, do tratamento e, mais importante, da realiza\u00e7\u00e3o do\u00a0<strong>exame que pode salvar a vida<\/strong>\u00a0de v\u00e1rios homens.<\/p>\n<p class=\"texto\">Embora ainda seja um tabu para muitos homens, a<strong>\u00a0preven\u00e7\u00e3o do c\u00e2ncer<\/strong>\u00a0de pr\u00f3stata tem grande import\u00e2ncia e vantagens, isso porque o<strong>\u00a0diagn\u00f3stico do tumor<\/strong>, quando feito precocemente, garante\u00a0<strong>maiores chances de cura<\/strong>.<\/p>\n<p class=\"texto\">O\u00a0<strong>c<\/strong><strong>\u00e2ncer de pr\u00f3stata<\/strong>\u00a0\u00e9 uma das doen\u00e7as que mais afetam a popula\u00e7\u00e3o masculina, e\u00a0<strong>representa 29,2% dos tumores diagnosticados na popula\u00e7\u00e3o<\/strong>. Os dados s\u00e3o do Inca (Instituto Nacional do C\u00e2ncer).<\/p>\n<p class=\"texto\">S\u00f3 no Brasil, de acordo com o Minist\u00e9rio da Sa\u00fade,\u00a0<strong>diariamente 42 homens morrem<\/strong>\u00a0em decorr\u00eancia do\u00a0<strong>c\u00e2ncer de pr\u00f3stata<\/strong>\u00a0e 3 milh\u00f5es convivem com a doen\u00e7a.<\/p>\n<h2>C\u00c2NCER DE PR\u00d3STATA SINTOMAS<\/h2>\n<p class=\"texto\">O\u00a0<strong>c\u00e2ncer de pr\u00f3stata<\/strong>, em sua fase inicial,<strong>\u00a0pode n\u00e3o apresentar sintomas<\/strong>, mas quando apresenta, os mais comuns s\u00e3o:<\/p>\n<ul>\n<li>Dificuldade de urinar (demora em come\u00e7ar e terminar)<\/li>\n<li>Diminui\u00e7\u00e3o do jato de urina<\/li>\n<li>Necessidade de urinar mais vezes ao dia<\/li>\n<li>Sangue na urina<\/li>\n<\/ul>\n<p class=\"texto\">Apesar disso, esses sintomas tamb\u00e9m podem ocorrer devido a doen\u00e7as benignas, como a\u00a0<strong>hiperplasia benigna da pr\u00f3stata<\/strong>\u00a0ou a<strong>\u00a0prostatite<\/strong>.<\/p>\n<p class=\"texto\">De qualquer forma, a recomenda\u00e7\u00e3o \u00e9 para que, ao aparecerem esses sintomas, o homem busque atendimento m\u00e9dico e inicie a realiza\u00e7\u00e3o de exames preventivos.<\/p>\n<h2><strong>QUAIS S\u00c3O OS EXAMES QUE DETECTAM O C\u00c2NCER DE PR\u00d3STATA<\/strong><\/h2>\n<p class=\"texto\">Atualmente, existem\u00a0<strong>dois exames<\/strong>\u00a0que detectam o c\u00e2ncer de pr\u00f3stata.<\/p>\n<p class=\"texto\"><strong>Exame de toque retal:<\/strong>\u00a0o m\u00e9dico avalia tamanho, forma e textura da pr\u00f3stata, introduzindo o dedo protegido por uma luva lubrificada no reto. Este exame permite palpar as partes posterior e lateral da pr\u00f3stata;<\/p>\n<p class=\"texto\"><strong>Exame de PSA:<\/strong>\u00a0 \u00e9 um exame de sangue que mede a quantidade de uma prote\u00edna produzida pela pr\u00f3stata &#8211; Ant\u00edgeno Prost\u00e1tico Espec\u00edfico (PSA). N\u00edveis altos dessa prote\u00edna podem significar c\u00e2ncer, mas tamb\u00e9m doen\u00e7as benignas da pr\u00f3stata.<\/p>\n<h3>Confirma\u00e7\u00e3o do c\u00e2ncer de pr\u00f3stata<\/h3>\n<p class=\"texto\">A\u00a0<strong>confirma\u00e7\u00e3o do c\u00e2ncer de pr\u00f3stata<\/strong>, de fato, s\u00f3 poder\u00e1 ser feita a partir de uma<strong>\u00a0bi\u00f3psia<\/strong>. Nesse exame, s\u00e3o retirados peda\u00e7os muito pequenos da pr\u00f3stata para que sejam analisados no laborat\u00f3rio.<\/p>\n<p class=\"texto\">A bi\u00f3psia \u00e9 indicada\u00a0<strong>apenas nos casos em que altera\u00e7\u00f5es nos exames<\/strong>\u00a0de toque e PSA sejam detectadas.<\/p>\n<h2>PREVEN\u00c7\u00c3O DO C\u00c2NCER DE PR\u00d3STATA<\/h2>\n<p class=\"texto\">A quest\u00e3o da preven\u00e7\u00e3o \u00e9 algo bastante discutido entre alguns especialistas. Alguns afirmam que o exame preventivo deve ser feito por todos os homens, com sintomas ou n\u00e3o; outros alegam que homens sem sintomas n\u00e3o precisam.<\/p>\n<p>O<strong>\u00a0Minist\u00e9rio da Sa\u00fade<\/strong>, assim como a\u00a0<strong>Organiza\u00e7\u00e3o Mundial da Sa\u00fade (OMS)<\/strong>,\u00a0<strong>n\u00e3o recomendam<\/strong>\u00a0que exames de rastreamento do\u00a0<strong>c\u00e2ncer de pr\u00f3stata<\/strong>\u00a0sejam realizados em\u00a0<strong>pacientes sem sinais ou sintomas da doen\u00e7a<\/strong>.<\/p>\n<h2>GRUPO DE RISCO DEVE FAZER O EXAME DE PREVEN\u00c7\u00c3O CONTRA C\u00c2NCER DE PR\u00d3STATA<\/h2>\n<p class=\"texto\">Alguns homens, enquadrados no\u00a0<strong>grupo de fatores de risco<\/strong>\u00a0devem, sim, realizar o exame de rastreamento do c\u00e2ncer de pr\u00f3stata.<\/p>\n<h3>Veja quais s\u00e3o os fatores risco para o c\u00e2ncer de pr\u00f3stata<\/h3>\n<p class=\"texto\"><strong>Idade:<\/strong>\u00a0o risco aumenta com o passar da idade. No Brasil, a cada dez homens diagnosticados com c\u00e2ncer de pr\u00f3stata, nove t\u00eam mais de 55 anos;<\/p>\n<p class=\"texto\"><strong>Hist\u00f3rico familiar:<\/strong>\u00a0os homens com hist\u00f3rico de c\u00e2ncer de pr\u00f3stata na fam\u00edlia (av\u00f4, pai ou irm\u00e3o) antes dos 60 anos, devem fazer o exame preventivo para c\u00e2ncer de pr\u00f3stata.<\/p>\n<p class=\"texto\"><strong>Sobrepeso ou obesidade:<\/strong>\u00a0segundo estudos, homens com o peso corporal mais elevado apresentam maiores riscos de desenvolverem c\u00e2ncer de pr\u00f3stata.<\/p>\n<h2>Aumento dos casos graves de c\u00e2ncer de pr\u00f3stata<\/h2>\n<p class=\"texto\">De acordo com o m\u00e9dico urologista da Multihemo Oncl\u00ednicas Renan Eboli,\u00a0<strong>o n\u00famero de casos de c\u00e2ncer de pr\u00f3stata graves tem crescido no Brasil<\/strong>. Segundo ele, a\u00a0<strong>pandemia<\/strong>\u00a0foi um dos fatores que potencializam esse crescimento.<\/p>\n<p class=\"texto\">\u201cCom a pandemia, infelizmente estamos notando aumento no n\u00famero de tumores graves, porque os pacientes deixaram de se cuidar e fazer os exames de rotina\u201d, explicou.<\/p>\n<p>Fonte: UOL<br \/>\nhttps:\/\/jc.ne10.uol.com.br\/colunas\/saude-e-bem-estar\/2022\/11\/15120855-novembro-azul-veja-quais-sao-os-sintomas-e-quais-os-exames-que-detectam-o-cancer-de-prostata.html<\/p>\n","protected":false},"excerpt":{"rendered":"<p>No dia 17 de novembro\u00a0\u00e9 celebrado o\u00a0Dia Mundial de Combate ao C\u00e2ncer de Pr\u00f3stata. A data traz consigo a import\u00e2ncia da\u00a0preven\u00e7\u00e3o, do tratamento e, mais importante, da realiza\u00e7\u00e3o do\u00a0exame que pode salvar a vida\u00a0de v\u00e1rios homens. Embora ainda seja um tabu para muitos homens, a\u00a0preven\u00e7\u00e3o do c\u00e2ncer\u00a0de pr\u00f3stata tem grande import\u00e2ncia e vantagens, isso porque [&hellip;]<\/p>\n","protected":false},"author":1,"featured_media":1355,"comment_status":"open","ping_status":"open","sticky":false,"template":"","format":"standard","meta":[],"categories":[2],"tags":[101,102,26],"_links":{"self":[{"href":"http:\/\/servicenterblog.institucional.ws\/index.php?rest_route=\/wp\/v2\/posts\/1354"}],"collection":[{"href":"http:\/\/servicenterblog.institucional.ws\/index.php?rest_route=\/wp\/v2\/posts"}],"about":[{"href":"http:\/\/servicenterblog.institucional.ws\/index.php?rest_route=\/wp\/v2\/types\/post"}],"author":[{"embeddable":true,"href":"http:\/\/servicenterblog.institucional.ws\/index.php?rest_route=\/wp\/v2\/users\/1"}],"replies":[{"embeddable":true,"href":"http:\/\/servicenterblog.institucional.ws\/index.php?rest_route=%2Fwp%2Fv2%2Fcomments&post=1354"}],"version-history":[{"count":1,"href":"http:\/\/servicenterblog.institucional.ws\/index.php?rest_route=\/wp\/v2\/posts\/1354\/revisions"}],"predecessor-version":[{"id":1356,"href":"http:\/\/servicenterblog.institucional.ws\/index.php?rest_route=\/wp\/v2\/posts\/1354\/revisions\/1356"}],"wp:featuredmedia":[{"embeddable":true,"href":"http:\/\/servicenterblog.institucional.ws\/index.php?rest_route=\/wp\/v2\/media\/1355"}],"wp:attachment":[{"href":"http:\/\/servicenterblog.institucional.ws\/index.php?rest_route=%2Fwp%2Fv2%2Fmedia&parent=1354"}],"wp:term":[{"taxonomy":"category","embeddable":true,"href":"http:\/\/servicenterblog.institucional.ws\/index.php?rest_route=%2Fwp%2Fv2%2Fcategories&post=1354"},{"taxonomy":"post_tag","embeddable":true,"href":"http:\/\/servicenterblog.institucional.ws\/index.php?rest_route=%2Fwp%2Fv2%2Ftags&post=1354"}],"curies":[{"name":"wp","href":"https:\/\/api.w.org\/{rel}","templated":true}]}}