{"id":1347,"date":"2022-11-05T16:34:49","date_gmt":"2022-11-05T19:34:49","guid":{"rendered":"http:\/\/servicenterblog.institucional.ws\/?p=1347"},"modified":"2022-11-05T16:34:49","modified_gmt":"2022-11-05T19:34:49","slug":"novembro-azul-prevencao-e-o-caminho-no-combate-ao-cancer-de-prostata","status":"publish","type":"post","link":"http:\/\/servicenterblog.institucional.ws\/?p=1347","title":{"rendered":"NOVEMBRO AZUL: PREVEN\u00c7\u00c3O \u00c9 O CAMINHO NO COMBATE AO C\u00c2NCER DE PR\u00d3STATA"},"content":{"rendered":"<p>Come\u00e7ou o Novembro Azul, campanha mundial que busca conscientizar sobre os cuidados da sa\u00fade masculina, especialmente o c\u00e2ncer de pr\u00f3stata, o segundo mais comum entre os homens no Brasil.<\/p>\n<p>O INCA (Instituto Nacional do C\u00e2ncer) estima mais de 65 mil novos casos da doen\u00e7a por ano, que corresponde a 29% dos tumores incidentes no sexo masculino. A \u00fanica forma de garantir a cura do c\u00e2ncer de pr\u00f3stata \u00e9 o diagn\u00f3stico precoce.<\/p>\n<h4><strong>Como s\u00e3o feitos a preven\u00e7\u00e3o e o diagn\u00f3stico do c\u00e2ncer de pr\u00f3stata?<\/strong><\/h4>\n<p>O primeiro passo \u00e9 o exame de toque retal. Caso o m\u00e9dico sinta alguma altera\u00e7\u00e3o suspeita e haja dosagem do PSA com altera\u00e7\u00e3o significativa, o segundo passo \u00e9 a bi\u00f3psia para confirma\u00e7\u00e3o.<\/p>\n<p>Esse processo \u00e9 especialmente importante para tr\u00eas grupos de risco, que devem garantir uma rotina peri\u00f3dica de testes a partir dos 45 anos: homens negros; homens que tiveram parentes pr\u00f3ximos com c\u00e2ncer de pr\u00f3stata, como pai, irm\u00e3o ou av\u00f4; e ainda obesos. Para os demais homens, a avalia\u00e7\u00e3o do urologista \u00e9 indicada a partir dos 50 anos.<\/p>\n<p>A\u00a0pr\u00f3stata\u00a0\u00e9 uma gl\u00e2ndula do aparelho reprodutor do homem. O bom funcionamento dela est\u00e1 ligado a um estilo de vida saud\u00e1vel, com exerc\u00edcios f\u00edsicos regulares, boa alimenta\u00e7\u00e3o, controle de peso, sem fumo e preven\u00e7\u00e3o de infec\u00e7\u00f5es sexualmente transmiss\u00edveis (ISTs).<\/p>\n<p>Consulte seu m\u00e9dico regularmente.<\/p>\n<p>Fonte: CNN Brasil<\/p>\n","protected":false},"excerpt":{"rendered":"<p>Come\u00e7ou o Novembro Azul, campanha mundial que busca conscientizar sobre os cuidados da sa\u00fade masculina, especialmente o c\u00e2ncer de pr\u00f3stata, o segundo mais comum entre os homens no Brasil. O INCA (Instituto Nacional do C\u00e2ncer) estima mais de 65 mil novos casos da doen\u00e7a por ano, que corresponde a 29% dos tumores incidentes no sexo [&hellip;]<\/p>\n","protected":false},"author":1,"featured_media":1348,"comment_status":"open","ping_status":"open","sticky":false,"template":"","format":"standard","meta":[],"categories":[2],"tags":[101,100],"_links":{"self":[{"href":"http:\/\/servicenterblog.institucional.ws\/index.php?rest_route=\/wp\/v2\/posts\/1347"}],"collection":[{"href":"http:\/\/servicenterblog.institucional.ws\/index.php?rest_route=\/wp\/v2\/posts"}],"about":[{"href":"http:\/\/servicenterblog.institucional.ws\/index.php?rest_route=\/wp\/v2\/types\/post"}],"author":[{"embeddable":true,"href":"http:\/\/servicenterblog.institucional.ws\/index.php?rest_route=\/wp\/v2\/users\/1"}],"replies":[{"embeddable":true,"href":"http:\/\/servicenterblog.institucional.ws\/index.php?rest_route=%2Fwp%2Fv2%2Fcomments&post=1347"}],"version-history":[{"count":1,"href":"http:\/\/servicenterblog.institucional.ws\/index.php?rest_route=\/wp\/v2\/posts\/1347\/revisions"}],"predecessor-version":[{"id":1349,"href":"http:\/\/servicenterblog.institucional.ws\/index.php?rest_route=\/wp\/v2\/posts\/1347\/revisions\/1349"}],"wp:featuredmedia":[{"embeddable":true,"href":"http:\/\/servicenterblog.institucional.ws\/index.php?rest_route=\/wp\/v2\/media\/1348"}],"wp:attachment":[{"href":"http:\/\/servicenterblog.institucional.ws\/index.php?rest_route=%2Fwp%2Fv2%2Fmedia&parent=1347"}],"wp:term":[{"taxonomy":"category","embeddable":true,"href":"http:\/\/servicenterblog.institucional.ws\/index.php?rest_route=%2Fwp%2Fv2%2Fcategories&post=1347"},{"taxonomy":"post_tag","embeddable":true,"href":"http:\/\/servicenterblog.institucional.ws\/index.php?rest_route=%2Fwp%2Fv2%2Ftags&post=1347"}],"curies":[{"name":"wp","href":"https:\/\/api.w.org\/{rel}","templated":true}]}}