{"id":1338,"date":"2022-10-08T17:16:55","date_gmt":"2022-10-08T20:16:55","guid":{"rendered":"http:\/\/servicenterblog.institucional.ws\/?p=1338"},"modified":"2022-10-08T17:16:55","modified_gmt":"2022-10-08T20:16:55","slug":"rotulos-dos-alimentos-vao-mudar-a-partir-de-domingo-entenda-como-ficarao","status":"publish","type":"post","link":"http:\/\/servicenterblog.institucional.ws\/?p=1338","title":{"rendered":"R\u00f3tulos dos alimentos v\u00e3o mudar a partir de domingo; entenda como ficar\u00e3o"},"content":{"rendered":"<p>No domingo, dia 9 outubro, a embalagem da maioria dos alimentos vai estar de cara nova. Haver\u00e1 mudan\u00e7as na tabela nutricional e a parte frontal ganhar\u00e1 um selo quando o produto tiver alto \u00edndice de a\u00e7\u00facar adicionado, gordura saturada ou s\u00f3dio.<\/p>\n<p>O excesso desses componentes est\u00e1 associado ao aumento de doen\u00e7as cr\u00f4nicas n\u00e3o transmiss\u00edveis, como diabetes e obesidade. Por isso, a Opas (Organiza\u00e7\u00e3o Panamericana de Sa\u00fade) e outras autoridades do setor v\u00eam defendendo h\u00e1 anos o destaque de informa\u00e7\u00f5es assim.<\/p>\n<p>O Chile foi o primeiro pa\u00eds da Am\u00e9rica a se alinhar a essas demandas, em 2016. L\u00e1, os produtos com excesso dos chamados nutrientes cr\u00edticos levam um oct\u00f3gono preto como alerta. O Canad\u00e1, o Uruguai, o Peru e o M\u00e9xico aderiram a estrat\u00e9gias similares. Agora, chegou a vez do Brasil.<\/p>\n<p>De cara nova As mudan\u00e7as no r\u00f3tulo v\u00e3o ocorrer de tr\u00eas formas:<\/p>\n<p>1. Tabela nutricional<\/p>\n<p>Ela indica o valor energ\u00e9tico do produto em quilocalorias (kcal) e quilojoule (kj). Tamb\u00e9m d\u00e1 a quantidade de carboidratos, prote\u00ednas, gorduras, s\u00f3dio e, em alguns casos, de micronutrientes como vitaminas e zinco, apresentados em gramas (g) ou miligramas (mg). Antes, a tabela nutricional tinha s\u00f3 duas colunas. A primeira indicava o teor de nutrientes presentes em uma por\u00e7\u00e3o determinada pelo fabricante. A segunda, o percentual nutritivo daquela por\u00e7\u00e3o com base em uma dieta di\u00e1ria de 2 mil calorias, o chamado valor di\u00e1rio de refer\u00eancia, lembra Adriane dos Santos da Silva, nutricionista do Hospital Adventista Silvestre. Agora, a tabela ganha tamb\u00e9m uma coluna com o valor nutricional baseado em uma por\u00e7\u00e3o padronizada: 100 ml (no caso de l\u00edquidos) e 100 g (para s\u00f3lidos).<\/p>\n<p>2. Rotulagem frontal<\/p>\n<p>A parte superior frontal do r\u00f3tulo ter\u00e1 o \u00edcone de uma lupa quando a quantidade de a\u00e7\u00facar adicionado, gordura saturada e s\u00f3dio presente em 100 g ou 100 ml for superior \u00e0 recomendada pela Anvisa.<\/p>\n<p>3. Alega\u00e7\u00f5es nutricionais<\/p>\n<p>Alega\u00e7\u00f5es nutricionais s\u00e3o selos que apontam caracter\u00edsticas positivas do alimento. Por exemplo, &#8220;30% mais c\u00e1lcio&#8221;, &#8220;Livre de gordura trans&#8221; e &#8220;Rico em vitamina C&#8221;. Assim como ocorria antes, elas ser\u00e3o volunt\u00e1rias, mas, agora, dever\u00e3o seguir crit\u00e9rios um pouco mais rigorosos: Se o alimento tiver lupas, a alega\u00e7\u00e3o nutricional n\u00e3o poder\u00e1 ocupar a parte frontal superior; Alimentos altos em a\u00e7\u00facar adicionado n\u00e3o podem ter alega\u00e7\u00e3o nutricional relativa a a\u00e7\u00facares; Alimentos com rotulagem frontal de gordura saturada n\u00e3o podem ter alega\u00e7\u00e3o nutricional para gorduras totais, saturadas, trans e colesterol; Alimentos com rotulagem frontal de s\u00f3dio n\u00e3o podem ter alega\u00e7\u00f5es de s\u00f3dio ou sal. &#8220;A aten\u00e7\u00e3o a esse ponto \u00e9 bem importante. Muitos produtos s\u00e3o vendidos como saud\u00e1veis, mas levam uma densa carga de aditivos danosos. As mudan\u00e7as v\u00e3o amenizar esse tipo de contradi\u00e7\u00e3o &#8220;, argumenta a nutricionista Kely Szymanski, especialista em nutri\u00e7\u00e3o e doen\u00e7as cardiovasculares, diabetes e obesidade e integrante do Conselho Regional de Nutricionistas do Rio Grande do Sul.<\/p>\n<p>Debate antigo<\/p>\n<p>Foi em 2003 que a Anvisa (Ag\u00eancia Nacional de Vigil\u00e2ncia Sanit\u00e1ria) criou o primeiro regulamento t\u00e9cnico sobre rotulagem de produtos nutricionais embalados no pa\u00eds. Apesar de representar um avan\u00e7o para o setor e o texto ter sido complementado por outras resolu\u00e7\u00f5es ao longo dos anos, o \u00f3rg\u00e3o viu a necessidade de mudan\u00e7as mais substanciais frente \u00e0 insatisfa\u00e7\u00e3o dos consumidores, ainda confusos no supermercado. Era preciso aprimorar os padr\u00f5es.<\/p>\n<p>Ent\u00e3o, em 2014, reuniu autoridades e pesquisadores do setor de alimentos para debater o assunto. Em 2019, ap\u00f3s muitas discuss\u00f5es, abriu uma consulta p\u00fablica e colheu opini\u00f5es tamb\u00e9m da sociedade civil. Foram mais de 82 mil contribui\u00e7\u00f5es. Analisando essas propostas, estipulou um novo modelo de tabela nutricional e instituiu a rotulagem frontal no estilo &#8220;Alto em&#8221;, que indica se o produto possui alta concentra\u00e7\u00e3o de nutrientes cr\u00edticos.<\/p>\n<p>A Anvisa definiu a quantidade aceit\u00e1vel de cada nutriente cr\u00edtico e, quando um produto ultrapassar essa linha de corte, vai receber um selo com uma lupa na metade superior frontal indicando a alta concentra\u00e7\u00e3o do componente.<\/p>\n<p>E a\u00ed, como fica?<\/p>\n<p>Leia mat\u00e9ria completa no Viva Bem &#8211; Uol: https:\/\/www.uol.com.br\/vivabem\/noticias\/redacao\/2022\/10\/05\/o-que-muda-entenda-como-ficarao-rotulos-dos-alimentos-a-partir-de-outubro.htm<\/p>\n<p>&nbsp;<\/p>\n<p>&nbsp;<\/p>\n","protected":false},"excerpt":{"rendered":"<p>No domingo, dia 9 outubro, a embalagem da maioria dos alimentos vai estar de cara nova. Haver\u00e1 mudan\u00e7as na tabela nutricional e a parte frontal ganhar\u00e1 um selo quando o produto tiver alto \u00edndice de a\u00e7\u00facar adicionado, gordura saturada ou s\u00f3dio. O excesso desses componentes est\u00e1 associado ao aumento de doen\u00e7as cr\u00f4nicas n\u00e3o transmiss\u00edveis, como [&hellip;]<\/p>\n","protected":false},"author":1,"featured_media":1339,"comment_status":"open","ping_status":"open","sticky":false,"template":"","format":"standard","meta":[],"categories":[3],"tags":[180,79,340,342,87,341],"_links":{"self":[{"href":"http:\/\/servicenterblog.institucional.ws\/index.php?rest_route=\/wp\/v2\/posts\/1338"}],"collection":[{"href":"http:\/\/servicenterblog.institucional.ws\/index.php?rest_route=\/wp\/v2\/posts"}],"about":[{"href":"http:\/\/servicenterblog.institucional.ws\/index.php?rest_route=\/wp\/v2\/types\/post"}],"author":[{"embeddable":true,"href":"http:\/\/servicenterblog.institucional.ws\/index.php?rest_route=\/wp\/v2\/users\/1"}],"replies":[{"embeddable":true,"href":"http:\/\/servicenterblog.institucional.ws\/index.php?rest_route=%2Fwp%2Fv2%2Fcomments&post=1338"}],"version-history":[{"count":1,"href":"http:\/\/servicenterblog.institucional.ws\/index.php?rest_route=\/wp\/v2\/posts\/1338\/revisions"}],"predecessor-version":[{"id":1340,"href":"http:\/\/servicenterblog.institucional.ws\/index.php?rest_route=\/wp\/v2\/posts\/1338\/revisions\/1340"}],"wp:featuredmedia":[{"embeddable":true,"href":"http:\/\/servicenterblog.institucional.ws\/index.php?rest_route=\/wp\/v2\/media\/1339"}],"wp:attachment":[{"href":"http:\/\/servicenterblog.institucional.ws\/index.php?rest_route=%2Fwp%2Fv2%2Fmedia&parent=1338"}],"wp:term":[{"taxonomy":"category","embeddable":true,"href":"http:\/\/servicenterblog.institucional.ws\/index.php?rest_route=%2Fwp%2Fv2%2Fcategories&post=1338"},{"taxonomy":"post_tag","embeddable":true,"href":"http:\/\/servicenterblog.institucional.ws\/index.php?rest_route=%2Fwp%2Fv2%2Ftags&post=1338"}],"curies":[{"name":"wp","href":"https:\/\/api.w.org\/{rel}","templated":true}]}}