{"id":1315,"date":"2022-07-25T16:15:48","date_gmt":"2022-07-25T19:15:48","guid":{"rendered":"http:\/\/servicenterblog.institucional.ws\/?p=1315"},"modified":"2022-07-25T16:15:48","modified_gmt":"2022-07-25T19:15:48","slug":"variola-dos-macacos-como-se-transmite-e-quais-sao-os-sintomas-da-doenca","status":"publish","type":"post","link":"http:\/\/servicenterblog.institucional.ws\/?p=1315","title":{"rendered":"Var\u00edola dos macacos: como se transmite e quais s\u00e3o os sintomas da doen\u00e7a"},"content":{"rendered":"<p>A var\u00edola dos macacos foi confirmada, at\u00e9 o momento, em mais de 16 mil pacientes espalhados por 74 pa\u00edses. No dia 23 de julho, a Organiza\u00e7\u00e3o Mundial da Sa\u00fade (OMS) classificou a doen\u00e7a como uma emerg\u00eancia global de sa\u00fade. Outras enfermidades que ganharam o mesmo status nos \u00faltimos anos foram covid-19, zika e ebola.<\/p>\n<p>No Brasil, foram detectados mais de 600 casos at\u00e9 o momento. Os dados foram compilados pelo Our World In Data. e pelo Centro de Controle e Preven\u00e7\u00e3o de Doen\u00e7as (CDC) dos Estados Unidos.<\/p>\n<p>A var\u00edola dos macacos \u00e9 uma infec\u00e7\u00e3o causada por um v\u00edrus que geralmente se manifesta de forma leve. Os principais sintomas s\u00e3o febre, dor e o aparecimento de les\u00f5es e feridas em algumas partes espec\u00edficas do corpo, como voc\u00ea confere a seguir.<\/p>\n<p><strong>O que \u00e9 a var\u00edola dos macacos? <\/strong><\/p>\n<p>Trata-se de doen\u00e7a causada pelo v\u00edrus monkeypox, que pertence \u00e0 mesma fam\u00edlia do v\u00edrus da var\u00edola humana. Os casos dessa infec\u00e7\u00e3o eram relativamente comuns na \u00c1frica Central e na \u00c1frica Ocidental, especialmente em regi\u00f5es com florestas tropicais. Mais recentemente, o n\u00famero de casos parece ter aumentado tamb\u00e9m em \u00e1reas urbanas.<\/p>\n<p>Apesar do nome, os principais hospedeiros desse v\u00edrus na natureza s\u00e3o roedores. Mas primatas n\u00e3o humanos tamb\u00e9m s\u00e3o afetados por esse tipo de var\u00edola.<\/p>\n<p><strong>Como a var\u00edola dos macacos \u00e9 transmitida? <\/strong><\/p>\n<p>A var\u00edola dos macacos \u00e9 transmitida quando algu\u00e9m tem contato pr\u00f3ximo com as les\u00f5es de pele, as secre\u00e7\u00f5es respirat\u00f3rias ou os objetos usados por uma pessoa que est\u00e1 infectada.<\/p>\n<p>O v\u00edrus ainda pode ser passado de m\u00e3e para filho durante a gesta\u00e7\u00e3o, atrav\u00e9s da placenta. At\u00e9 agora, o pat\u00f3geno n\u00e3o foi descrito oficialmente como uma infec\u00e7\u00e3o sexualmente transmiss\u00edvel, mas a doen\u00e7a pode ser passada durante a rela\u00e7\u00e3o sexual pela proximidade e o contato pele a pele entre as pessoas envolvidas.<\/p>\n<p>Animais infectados, como macacos, ratos e esquilos, tamb\u00e9m podem transmitir o v\u00edrus.<\/p>\n<p><strong>Quais s\u00e3o os sintomas da var\u00edola dos macacos? <\/strong><\/p>\n<p>A OMS explica que o per\u00edodo de incuba\u00e7\u00e3o (o tempo entre o v\u00edrus invadir as c\u00e9lulas e o aparecimento dos primeiros sintomas) costuma variar de 6 a 13 dias, mas pode chegar at\u00e9 a 21 dias. A partir do in\u00edcio dos sintomas, a infec\u00e7\u00e3o pode ser dividida em dois momentos.<\/p>\n<p>Primeiro, acontece o per\u00edodo de invas\u00e3o, que dura at\u00e9 5 dias. Neste momento, o paciente pode apresentar:<\/p>\n<p><strong>&#8211; Febre; <\/strong><\/p>\n<p><strong>&#8211; Dor de cabe\u00e7a forte;<\/strong><\/p>\n<p><strong>&#8211; Incha\u00e7o nos linfonodos (conhecido popularmente como &#8220;\u00edngua&#8221;); <\/strong><\/p>\n<p><strong>-Dor nas costas; <\/strong><\/p>\n<p><strong>-Dores musculares; <\/strong><\/p>\n<p><strong>-Falta de energia intensa;<\/strong><\/p>\n<p>Terminado o per\u00edodo de invas\u00e3o, come\u00e7a a segunda etapa, que \u00e9 marcada por <strong>feridas na pele.<\/strong> Geralmente, essas marcas cut\u00e2neas surgem depois de 1 a 3 dias do in\u00edcio da febre. As feridas costumam se concentrar no rosto, nas extremidades do corpo, como a palma das m\u00e3os e na sola dos p\u00e9s, na mucosa da boca, na genit\u00e1lia e nos olhos.<\/p>\n<p><strong>A var\u00edola dos macacos pode matar? <\/strong><\/p>\n<p>Na maioria das vezes, a var\u00edola dos macacos \u00e9 um quadro autolimitado. Isso significa que, ap\u00f3s duas a quatro semanas, os sintomas passam e a pessoa fica bem.<\/p>\n<p>Os casos mais severos acontecem com mais frequ\u00eancia em crian\u00e7as e t\u00eam a ver com a condi\u00e7\u00e3o de sa\u00fade e uma grande exposi\u00e7\u00e3o ao v\u00edrus. As complica\u00e7\u00f5es tamb\u00e9m s\u00e3o mais comuns em pacientes com problemas no sistema imunol\u00f3gico. Quadros graves est\u00e3o relacionados ao surgimento de pneumonia, sepse, encefalite (inflama\u00e7\u00e3o do c\u00e9rebro) e infec\u00e7\u00e3o ocular, que pode at\u00e9 levar \u00e0 cegueira.<\/p>\n<p>Em linhas gerais, pessoas com mais de 40 ou 50 anos parecem estar mais protegidas. Isso acontece porque elas foram vacinadas contra a var\u00edola no passado \u2014sabe-se que esse imunizante tamb\u00e9m confere uma boa prote\u00e7\u00e3o contra o v\u00edrus monkeypox.<\/p>\n<p><strong>Qual \u00e9 o tratamento? <\/strong><\/p>\n<p>O tratamento da var\u00edola dos macacos envolve o suporte cl\u00ednico e o al\u00edvio dos sintomas, como dor e febre. Geralmente, os profissionais de sa\u00fade pedem muito cuidado com a alimenta\u00e7\u00e3o e a hidrata\u00e7\u00e3o, para que o organismo tenha boas condi\u00e7\u00f5es de combater o v\u00edrus.<\/p>\n<p>Quando o paciente sofre com infec\u00e7\u00f5es secund\u00e1rias, tamb\u00e9m \u00e9 poss\u00edvel usar medicamentos espec\u00edficos para lidar com esses outros v\u00edrus, bact\u00e9rias, fungos ou protozo\u00e1rios.<\/p>\n<p>Como a doen\u00e7a \u00e9 diagnosticada? Se o profissional de sa\u00fade suspeita que um paciente est\u00e1 com var\u00edola dos macacos, ele pode indicar a realiza\u00e7\u00e3o de alguns testes. Os exames laboratoriais, alguns deles j\u00e1 dispon\u00edveis no Brasil, analisam a amostra, geralmente colhida das les\u00f5es na pele, e detectam a presen\u00e7a do v\u00edrus. Uma das t\u00e9cnicas utilizadas \u00e9 a PCR, que ficou muito conhecida durante a pandemia de covid-19.<\/p>\n<p><strong>Tem como prevenir essa doen\u00e7a? <\/strong><\/p>\n<p>As vacinas s\u00e3o a principal forma de preven\u00e7\u00e3o. De acordo com a OMS, uma s\u00e9rie de estudos observacionais descobriu que o imunizante que protege contra a var\u00edola tem uma efetividade de 85% contra a var\u00edola dos macacos. Como o v\u00edrus causador da var\u00edola foi completamente erradicado, o programa de vacina\u00e7\u00e3o contra essa doen\u00e7a foi paralisado a partir dos anos 1980. Existe, por\u00e9m, uma vacina mais recente contra a var\u00edola dos macacos, feita a partir do v\u00edrus atenuado modificado em laborat\u00f3rio.<\/p>\n<p>No Brasil, o Minist\u00e9rio da Sa\u00fade anunciou que est\u00e1 negociando a compra de vacinas contra a var\u00edola. O Instituto Butantan e a Funda\u00e7\u00e3o Oswaldo Cruz tamb\u00e9m est\u00e3o estudando a possibilidade de fabricar doses no pr\u00f3prio pa\u00eds. Al\u00e9m da vacina, outras formas de preven\u00e7\u00e3o envolvem a vigil\u00e2ncia e a identifica\u00e7\u00e3o r\u00e1pida de novos casos.<\/p>\n<p>Indiv\u00edduos que foram diagnosticados com var\u00edola dos macacos devem ficar em isolamento e evitar o contato pr\u00f3ximo com outras pessoas at\u00e9 as feridas na pele desaparecerem por completo \u2014isso diminui o risco de transmitir o v\u00edrus adiante e criar novas cadeias de transmiss\u00e3o na comunidade.<\/p>\n<p>Fonte: Viva Bem &#8211; UOL<br \/>\nhttps:\/\/www.uol.com.br\/vivabem\/noticias\/bbc\/2022\/07\/25\/variola-dos-macacos-como-se-transmite-e-quais-sao-os-sintomas-da-doenca.htm<\/p>\n","protected":false},"excerpt":{"rendered":"<p>A var\u00edola dos macacos foi confirmada, at\u00e9 o momento, em mais de 16 mil pacientes espalhados por 74 pa\u00edses. No dia 23 de julho, a Organiza\u00e7\u00e3o Mundial da Sa\u00fade (OMS) classificou a doen\u00e7a como uma emerg\u00eancia global de sa\u00fade. Outras enfermidades que ganharam o mesmo status nos \u00faltimos anos foram covid-19, zika e ebola. No [&hellip;]<\/p>\n","protected":false},"author":1,"featured_media":1316,"comment_status":"open","ping_status":"open","sticky":false,"template":"","format":"standard","meta":[],"categories":[3],"tags":[26,11,156,337,338],"_links":{"self":[{"href":"http:\/\/servicenterblog.institucional.ws\/index.php?rest_route=\/wp\/v2\/posts\/1315"}],"collection":[{"href":"http:\/\/servicenterblog.institucional.ws\/index.php?rest_route=\/wp\/v2\/posts"}],"about":[{"href":"http:\/\/servicenterblog.institucional.ws\/index.php?rest_route=\/wp\/v2\/types\/post"}],"author":[{"embeddable":true,"href":"http:\/\/servicenterblog.institucional.ws\/index.php?rest_route=\/wp\/v2\/users\/1"}],"replies":[{"embeddable":true,"href":"http:\/\/servicenterblog.institucional.ws\/index.php?rest_route=%2Fwp%2Fv2%2Fcomments&post=1315"}],"version-history":[{"count":1,"href":"http:\/\/servicenterblog.institucional.ws\/index.php?rest_route=\/wp\/v2\/posts\/1315\/revisions"}],"predecessor-version":[{"id":1317,"href":"http:\/\/servicenterblog.institucional.ws\/index.php?rest_route=\/wp\/v2\/posts\/1315\/revisions\/1317"}],"wp:featuredmedia":[{"embeddable":true,"href":"http:\/\/servicenterblog.institucional.ws\/index.php?rest_route=\/wp\/v2\/media\/1316"}],"wp:attachment":[{"href":"http:\/\/servicenterblog.institucional.ws\/index.php?rest_route=%2Fwp%2Fv2%2Fmedia&parent=1315"}],"wp:term":[{"taxonomy":"category","embeddable":true,"href":"http:\/\/servicenterblog.institucional.ws\/index.php?rest_route=%2Fwp%2Fv2%2Fcategories&post=1315"},{"taxonomy":"post_tag","embeddable":true,"href":"http:\/\/servicenterblog.institucional.ws\/index.php?rest_route=%2Fwp%2Fv2%2Ftags&post=1315"}],"curies":[{"name":"wp","href":"https:\/\/api.w.org\/{rel}","templated":true}]}}