{"id":1301,"date":"2022-06-28T15:43:28","date_gmt":"2022-06-28T18:43:28","guid":{"rendered":"http:\/\/servicenterblog.institucional.ws\/?p=1301"},"modified":"2022-06-28T15:43:28","modified_gmt":"2022-06-28T18:43:28","slug":"campanha-estimula-doacao-de-sangue-no-junho-vermelho","status":"publish","type":"post","link":"http:\/\/servicenterblog.institucional.ws\/?p=1301","title":{"rendered":"Campanha estimula doa\u00e7\u00e3o de sangue no Junho Vermelho"},"content":{"rendered":"<p>A Associa\u00e7\u00e3o Brasileira de Linfoma e Leucemia (Abrale) e a Associa\u00e7\u00e3o Brasileira de Talassemia (Abrasta) est\u00e3o promovendo uma campanha para estimular a doa\u00e7\u00e3o de sangue em todo o Pa\u00eds durante o Junho Vermelho, m\u00eas que celebrou o Dia Mundial do Doador de Sangue no \u00faltimo dia 14.<\/p>\n<p>Por conta da queda na temperatura do inverno, h\u00e1 tend\u00eancia de baixa de estoque nos bancos de sangue. A reposi\u00e7\u00e3o frequente \u00e9 necess\u00e1ria, n\u00e3o apenas para urg\u00eancias, mas tamb\u00e9m para tratar anemias cr\u00f4nicas, complica\u00e7\u00f5es da dengue, febre amarela, tratamento de c\u00e2ncer (como as leucemias agudas) e outras doen\u00e7as graves. As associa\u00e7\u00f5es est\u00e3o utilizando suas redes sociais para trazer conte\u00fados sobre a doa\u00e7\u00e3o e contam com a ajuda de artistas e influenciadores apoiadores da causa para disseminar a informa\u00e7\u00e3o: &#8220;Doe sangue. Salve pessoas&#8221;.<\/p>\n<p>Ao todo, s\u00e3o 73 postos de coleta parceiros em 11 Estados (Amazonas, Bahia, Cear\u00e1, Goi\u00e1s, Minas Gerais, Paran\u00e1, Pernambuco, Rio de Janeiro, Rio Grande do Sul, Santa Catarina e S\u00e3o Paulo). A lista completa dos hemocentros est\u00e1 dispon\u00edvel no site https:\/\/www.abrasta.org.br\/junhovermelho\/<\/p>\n<p>&#8220;Por sermos pacientes que utilizam periodicamente transfus\u00f5es sangu\u00edneas, sabemos da import\u00e2ncia de todos os hemocentros manterem seus estoques em n\u00edveis seguros, garantindo que n\u00e3o falte sangue para quem venha a precisar&#8221;, ressaltou o presidente da Abrasta, Eduardo Fr\u00f3es.<\/p>\n<p><strong>Orienta\u00e7\u00f5es para doa\u00e7\u00e3o <\/strong><\/p>\n<p>Para a doa\u00e7\u00e3o, \u00e9 recomendado ligar no hemocentro ou ponto de coleta mais pr\u00f3ximo e agendar um melhor hor\u00e1rio, para evitar aglomera\u00e7\u00f5es. O doador precisa ter entre 16 e 69 anos, desde que a primeira doa\u00e7\u00e3o tenha sido feita at\u00e9 60 anos. Para menores de 18 anos \u00e9 necess\u00e1rio o consentimento dos respons\u00e1veis &#8211; nesse caso, o modelo de documento estar\u00e1 dispon\u00edvel no hemocentro. \u00c9 necess\u00e1rio pesar mais de 50 quilos e levar documento de identidade original, com foto recente.<\/p>\n<p>&nbsp;<\/p>\n<p>Fonte: UOL<\/p>\n<p>https:\/\/noticias.uol.com.br\/ultimas-noticias\/agencia-estado\/2022\/06\/28\/campanha-estimula-doacao-de-sangue-durante-o-junho-vermelho.htm<\/p>\n<p>&nbsp;<\/p>\n","protected":false},"excerpt":{"rendered":"<p>A Associa\u00e7\u00e3o Brasileira de Linfoma e Leucemia (Abrale) e a Associa\u00e7\u00e3o Brasileira de Talassemia (Abrasta) est\u00e3o promovendo uma campanha para estimular a doa\u00e7\u00e3o de sangue em todo o Pa\u00eds durante o Junho Vermelho, m\u00eas que celebrou o Dia Mundial do Doador de Sangue no \u00faltimo dia 14. Por conta da queda na temperatura do inverno, [&hellip;]<\/p>\n","protected":false},"author":1,"featured_media":1302,"comment_status":"open","ping_status":"open","sticky":false,"template":"","format":"standard","meta":[],"categories":[2],"tags":[334,192,108,191,107],"_links":{"self":[{"href":"http:\/\/servicenterblog.institucional.ws\/index.php?rest_route=\/wp\/v2\/posts\/1301"}],"collection":[{"href":"http:\/\/servicenterblog.institucional.ws\/index.php?rest_route=\/wp\/v2\/posts"}],"about":[{"href":"http:\/\/servicenterblog.institucional.ws\/index.php?rest_route=\/wp\/v2\/types\/post"}],"author":[{"embeddable":true,"href":"http:\/\/servicenterblog.institucional.ws\/index.php?rest_route=\/wp\/v2\/users\/1"}],"replies":[{"embeddable":true,"href":"http:\/\/servicenterblog.institucional.ws\/index.php?rest_route=%2Fwp%2Fv2%2Fcomments&post=1301"}],"version-history":[{"count":1,"href":"http:\/\/servicenterblog.institucional.ws\/index.php?rest_route=\/wp\/v2\/posts\/1301\/revisions"}],"predecessor-version":[{"id":1303,"href":"http:\/\/servicenterblog.institucional.ws\/index.php?rest_route=\/wp\/v2\/posts\/1301\/revisions\/1303"}],"wp:featuredmedia":[{"embeddable":true,"href":"http:\/\/servicenterblog.institucional.ws\/index.php?rest_route=\/wp\/v2\/media\/1302"}],"wp:attachment":[{"href":"http:\/\/servicenterblog.institucional.ws\/index.php?rest_route=%2Fwp%2Fv2%2Fmedia&parent=1301"}],"wp:term":[{"taxonomy":"category","embeddable":true,"href":"http:\/\/servicenterblog.institucional.ws\/index.php?rest_route=%2Fwp%2Fv2%2Fcategories&post=1301"},{"taxonomy":"post_tag","embeddable":true,"href":"http:\/\/servicenterblog.institucional.ws\/index.php?rest_route=%2Fwp%2Fv2%2Ftags&post=1301"}],"curies":[{"name":"wp","href":"https:\/\/api.w.org\/{rel}","templated":true}]}}