{"id":1297,"date":"2022-06-22T18:33:12","date_gmt":"2022-06-22T21:33:12","guid":{"rendered":"http:\/\/servicenterblog.institucional.ws\/?p=1297"},"modified":"2022-06-22T18:33:12","modified_gmt":"2022-06-22T21:33:12","slug":"saiba-como-reduzir-os-riscos-de-doencas-respiratorias-durante-o-inverno","status":"publish","type":"post","link":"http:\/\/servicenterblog.institucional.ws\/?p=1297","title":{"rendered":"Saiba como reduzir os riscos de doen\u00e7as respirat\u00f3rias durante o inverno"},"content":{"rendered":"<p>O\u00a0<strong>in\u00edcio do\u00a0inverno<\/strong>\u00a0\u00e9 motivo de aten\u00e7\u00e3o para as<strong>\u00a0doen\u00e7as respirat\u00f3rias<\/strong>. As temperaturas mais baixas, registradas em grande parte do pa\u00eds, favorecem a circula\u00e7\u00e3o dos v\u00edrus causadores de infec\u00e7\u00f5es como gripes, resfriados e Covid-19.<\/p>\n<p>Um dos fatores que provoca o aumento na\u00a0<strong>transmiss\u00e3o das doen\u00e7as de inverno<\/strong>\u00a0\u00e9 o comportamento das pessoas, que permanecem mais tempo confinadas em espa\u00e7os fechados e sem ventila\u00e7\u00e3o. O ressecamento das vias a\u00e9reas pode causar desconforto, dificultar a respira\u00e7\u00e3o e piorar quadros de sinusite, bronquite, asma e rinite.<\/p>\n<p>Cuidados b\u00e1sicos, incluindo a vacina\u00e7\u00e3o contra a gripe e contra a Covid-19, contribuem para reduzir as chances de infec\u00e7\u00e3o e de agravamento das doen\u00e7as.<\/p>\n<p>O otorrinolaringologista Carlos Barone J\u00fanior, do Hospital Federal do Andara\u00ed (HFA), explica como minimizar os efeitos do tempo seco e da baixa umidade, que s\u00e3o os principais fatores que contribuem para o aumento da circula\u00e7\u00e3o de v\u00edrus e fungos no ambiente.<\/p>\n<p>\u201cCobertores e casacos, que ficam muito tempo guardados no arm\u00e1rio, fazem aumentar as doen\u00e7as de inverno, sobretudo respirat\u00f3rias. As mucosas nasais ressacadas tamb\u00e9m contribuem bastante\u201d, disse o m\u00e9dico.<\/p>\n<p><strong>Al\u00e9m de manter uma alimenta\u00e7\u00e3o saud\u00e1vel, hidratar-se bastante e praticar alguma atividade f\u00edsica, conhe\u00e7a a seguir alguns cuidados b\u00e1sicos que ajudam a prevenir as doen\u00e7as no inverno<\/strong><\/p>\n<h2>Vacina\u00e7\u00e3o contra a gripe<\/h2>\n<p>A campanha nacional de\u00a0<strong>vacina\u00e7\u00e3o contra a gripe<\/strong>\u00a0teve in\u00edcio no dia 4 de abril e foi prorrogada at\u00e9 a pr\u00f3xima sexta-feira (24). A iniciativa tem como foco crian\u00e7as entre 6 meses e 5 anos de idade, trabalhadores da sa\u00fade, gestantes, pu\u00e9rperas, ind\u00edgenas, idosos e professores.<\/p>\n<p>De acordo com o\u00a0Minist\u00e9rio da Sa\u00fade, a partir do dia 25 de junho, estados e munic\u00edpios poder\u00e3o ampliar a campanha para toda a popula\u00e7\u00e3o a partir de 6 meses de vida, enquanto durarem os estoques da vacina.<\/p>\n<p>Neste ano, foram distribu\u00eddas quase 80 milh\u00f5es de doses de imunizantes contra a gripe. Desse total, mais de 34 milh\u00f5es foram aplicadas, de acordo com o levantamento do Minist\u00e9rio da Sa\u00fade dispon\u00edvel na plataforma LocalizaSUS.<\/p>\n<p>A vacina\u00e7\u00e3o contra a gripe previne o surgimento de complica\u00e7\u00f5es decorrentes da infec\u00e7\u00e3o pelo\u00a0v\u00edrus influenza, reduzindo os riscos de morte e de press\u00e3o sobre o sistema de sa\u00fade.<\/p>\n<h4><strong>Diferen\u00e7as entre gripe, rinite e Covid-19<\/strong><\/h4>\n<p>As doen\u00e7as de inverno podem apresentar um conjunto de sintomas semelhantes. Por\u00e9m, alguns sinais podem ajudar a diferenciar as doen\u00e7as.<\/p>\n<p>No caso da gripe, os\u00a0sintomas\u00a0s\u00e3o mais intensos, duradouros, e a febre \u00e9 alta, diferentemente dos resfriados, que s\u00e3o mais curtos e com sintomas mais brandos.<\/p>\n<p>A\u00a0rinite\u00a0provoca espirros em sequ\u00eancia, al\u00e9m de acontecer, geralmente, em crises que podem se repetir ap\u00f3s 4 a 6 horas.<\/p>\n<p>J\u00e1 a\u00a0Covid-19\u00a0apresenta quadros bastante vari\u00e1veis de uma pessoa para outra. Quando presentes, a perda do olfato e paladar podem ser duradouras.<\/p>\n<h4><strong>Vacina\u00e7\u00e3o reduz riscos de Covid-19 grave<\/strong><\/h4>\n<p>Causada pelo v\u00edrus\u00a0SARS-CoV-2, a Covid-19 pode provocar uma grande variedade de manifesta\u00e7\u00f5es cl\u00ednicas. O Minist\u00e9rio da Sa\u00fade classifica os casos em cinco n\u00edveis, de acordo com a severidade: assintom\u00e1ticos, leves, moderados, graves e cr\u00edticos.<\/p>\n<p>Os casos leves apresentam sintomas como tosse, dor de garganta ou coriza, que podem vir acompanhados ou n\u00e3o de perda do olfato e do paladar, diarreia, dor abdominal, febre, calafrios, dor muscular, fadiga e dor de cabe\u00e7a.<\/p>\n<p>J\u00e1 os casos moderados podem incluir, al\u00e9m dos sintomas leves, tosse e febre persistentes e sinais de piora progressiva de outros sintomas relacionados \u00e0 doen\u00e7a, como cansa\u00e7o intenso, falta de apetite e diarreia. Nesse est\u00e1gio, os pacientes podem apresentar pneumonia sem sinais de gravidade.<\/p>\n<p>O desenvolvimento da\u00a0S\u00edndrome Respirat\u00f3ria Aguda Grave\u00a0(SRAG) \u00e9 considerado pelo Minist\u00e9rio da Sa\u00fade um caso grave da Covid-19. A SRAG \u00e9 uma complica\u00e7\u00e3o da S\u00edndrome Gripal (SG), que apresenta sintomas como falta de ar ou desconforto respirat\u00f3rio, press\u00e3o persistente no t\u00f3rax e satura\u00e7\u00e3o de oxig\u00eanio menor que 95% \u2013a queda acentuada da satura\u00e7\u00e3o pode indicar redu\u00e7\u00e3o da oferta de oxig\u00eanio no organismo.<\/p>\n<p>Fase mais grave da doen\u00e7a, os casos cr\u00edticos apresentam sintomas como a sepse (resposta inflamat\u00f3ria que se espalha pelo organismo), desconforto respirat\u00f3rio agudo, insufici\u00eancia respirat\u00f3ria ou pneumonia graves. Os pacientes podem precisar de suporte respirat\u00f3rio e interna\u00e7\u00e3o em unidades de terapia intensiva (UTIs).<\/p>\n<p>A\u00a0vacina\u00e7\u00e3o contra a Covid-19\u00a0induz a forma\u00e7\u00e3o de uma resposta imunol\u00f3gica espec\u00edfica contra o novo coronav\u00edrus. Assim, quando uma pessoa vacinada \u00e9 exposta ao v\u00edrus, o organismo conta com anticorpos neutralizantes e com a resposta de outras c\u00e9lulas de defesa, que atuam para reduzir os danos da infec\u00e7\u00e3o, prevenindo o agravamento e os riscos de morte.<\/p>\n<h4><strong>Bronquiolite e pneumonia em crian\u00e7as<\/strong><\/h4>\n<p>A queda de temperatura tamb\u00e9m \u00e9 favor\u00e1vel para a circula\u00e7\u00e3o do\u00a0v\u00edrus sincicial respirat\u00f3rio\u00a0(VSR), que pode causar infec\u00e7\u00f5es nas vias respirat\u00f3rias, principalmente em crian\u00e7as menores de 5 anos. O Minist\u00e9rio da Sa\u00fade alerta que a preven\u00e7\u00e3o e o diagn\u00f3stico precoce podem ajudar a evitar os casos graves.<\/p>\n<p>O VSR \u00e9 uma das principais causas de infec\u00e7\u00f5es das vias respirat\u00f3rias e pulm\u00f5es em rec\u00e9m-nascidos e crian\u00e7as pequenas, que podem causar bronquiolite e pneumonia. O per\u00edodo de sazonalidade do v\u00edrus normalmente tem in\u00edcio em maio e se estende at\u00e9 o m\u00eas de setembro, podendo se alongar em algumas regi\u00f5es.<\/p>\n<p>Entre janeiro e abril de 2022, foram notificados no sistema do Minist\u00e9rio da Sa\u00fade cerca de 3.600 casos de SRAG causados pelo v\u00edrus sincicial. A maior parte dos casos ocorreu em crian\u00e7as menores de 4 anos.<\/p>\n<p>Os sintomas mais comuns s\u00e3o febre baixa, dor de garganta e de cabe\u00e7a e secre\u00e7\u00e3o nasal. Os pacientes tamb\u00e9m podem ter febre alta, tosse persistente, dificuldade para respirar, chiado no peito, l\u00e1bios e unhas arroxeados, que indicam a necessidade de atendimento m\u00e9dico.<\/p>\n<p>Embora o\u00a0v\u00edrus\u00a0possa afetar pessoas de qualquer idade, os quadros mais graves acontecem em crian\u00e7as menores de 2 anos, especialmente com menos de 6 meses. Em casos de infec\u00e7\u00e3o, o diagn\u00f3stico \u00e9 cl\u00ednico e pode ser feito a partir de exame de painel viral que detecta a presen\u00e7a do v\u00edrus.<\/p>\n<p>Medidas podem ajudar a reduzir\u00a0os riscos de\u00a0bronquiolite\u00a0e pneumonia, como evitar o contato ou exposi\u00e7\u00e3o da crian\u00e7a com outra pessoa contaminada, refor\u00e7ar os cuidados b\u00e1sicos de higiene como lavagem frequente das m\u00e3os com \u00e1gua e sab\u00e3o e limpeza dos objetos que podem estar contaminados, como brinquedos.<\/p>\n<p>Fonte: CNN<br \/>\nhttps:\/\/www.cnnbrasil.com.br\/saude\/saiba-como-reduzir-os-riscos-de-doencas-respiratorias-durante-o-inverno\/<\/p>\n","protected":false},"excerpt":{"rendered":"<p>O\u00a0in\u00edcio do\u00a0inverno\u00a0\u00e9 motivo de aten\u00e7\u00e3o para as\u00a0doen\u00e7as respirat\u00f3rias. As temperaturas mais baixas, registradas em grande parte do pa\u00eds, favorecem a circula\u00e7\u00e3o dos v\u00edrus causadores de infec\u00e7\u00f5es como gripes, resfriados e Covid-19. Um dos fatores que provoca o aumento na\u00a0transmiss\u00e3o das doen\u00e7as de inverno\u00a0\u00e9 o comportamento das pessoas, que permanecem mais tempo confinadas em espa\u00e7os fechados [&hellip;]<\/p>\n","protected":false},"author":1,"featured_media":1298,"comment_status":"open","ping_status":"open","sticky":false,"template":"","format":"standard","meta":[],"categories":[3],"tags":[244,207,269,55,8,333,11],"_links":{"self":[{"href":"http:\/\/servicenterblog.institucional.ws\/index.php?rest_route=\/wp\/v2\/posts\/1297"}],"collection":[{"href":"http:\/\/servicenterblog.institucional.ws\/index.php?rest_route=\/wp\/v2\/posts"}],"about":[{"href":"http:\/\/servicenterblog.institucional.ws\/index.php?rest_route=\/wp\/v2\/types\/post"}],"author":[{"embeddable":true,"href":"http:\/\/servicenterblog.institucional.ws\/index.php?rest_route=\/wp\/v2\/users\/1"}],"replies":[{"embeddable":true,"href":"http:\/\/servicenterblog.institucional.ws\/index.php?rest_route=%2Fwp%2Fv2%2Fcomments&post=1297"}],"version-history":[{"count":1,"href":"http:\/\/servicenterblog.institucional.ws\/index.php?rest_route=\/wp\/v2\/posts\/1297\/revisions"}],"predecessor-version":[{"id":1299,"href":"http:\/\/servicenterblog.institucional.ws\/index.php?rest_route=\/wp\/v2\/posts\/1297\/revisions\/1299"}],"wp:featuredmedia":[{"embeddable":true,"href":"http:\/\/servicenterblog.institucional.ws\/index.php?rest_route=\/wp\/v2\/media\/1298"}],"wp:attachment":[{"href":"http:\/\/servicenterblog.institucional.ws\/index.php?rest_route=%2Fwp%2Fv2%2Fmedia&parent=1297"}],"wp:term":[{"taxonomy":"category","embeddable":true,"href":"http:\/\/servicenterblog.institucional.ws\/index.php?rest_route=%2Fwp%2Fv2%2Fcategories&post=1297"},{"taxonomy":"post_tag","embeddable":true,"href":"http:\/\/servicenterblog.institucional.ws\/index.php?rest_route=%2Fwp%2Fv2%2Ftags&post=1297"}],"curies":[{"name":"wp","href":"https:\/\/api.w.org\/{rel}","templated":true}]}}