{"id":1290,"date":"2022-06-09T16:41:53","date_gmt":"2022-06-09T19:41:53","guid":{"rendered":"http:\/\/servicenterblog.institucional.ws\/?p=1290"},"modified":"2022-06-09T16:41:53","modified_gmt":"2022-06-09T19:41:53","slug":"dia-nacional-da-imunizacao-especialistas-reafirmam-importancia-de-se-vacinar","status":"publish","type":"post","link":"http:\/\/servicenterblog.institucional.ws\/?p=1290","title":{"rendered":"Dia Nacional da Imuniza\u00e7\u00e3o: especialistas reafirmam import\u00e2ncia de se vacinar"},"content":{"rendered":"<div class=\"article-paragraph\">\n<p>A introdu\u00e7\u00e3o de componentes que simulam um agente infeccioso capaz de enganar o nosso corpo e nos proteger de v\u00edrus mortais. Esse \u00e9 o mecanismo que explica o funcionamento das\u00a0<strong>vacinas<\/strong>, descoberta que j\u00e1 soma dois s\u00e9culos e que<strong>\u00a0mudou a hist\u00f3ria da humanidade<\/strong>. O Dia Nacional da Imuniza\u00e7\u00e3o \u00e9 celebrado nesta quinta-feira (9).<\/p>\n<\/div>\n<div class=\"article-paragraph\">\n<p>\u2014 A partir das vacinas, n\u00e3o precisamos mais ficar doentes para que o nosso sistema imunol\u00f3gico aprenda a combater algo \u2014 aponta o virologista e imunologista R\u00f4mulo Neris.<\/p>\n<\/div>\n<div class=\"article-paragraph\">\n<p>Neris integra a Equipe Halo, iniciativa aprovada pela Organiza\u00e7\u00e3o das Na\u00e7\u00f5es Unidas que re\u00fane cientistas e profissionais da sa\u00fade de todo o mundo que atuam no combate \u00e0 pandemia. O virologista escreveu uma categoria de mol\u00e9culas aptas a destruir part\u00edculas de doen\u00e7as como zika, chikungunya, dengue, mayaro e febre amarela.<\/p>\n<div class=\"article-paragraph\">\n<p>\u2014 Geralmente, somos expostos aos agentes causadores dessas doen\u00e7as. Mas o grande problema \u00e9 que, na maioria dos casos, isso envolve ficar doente uma primeira vez. Isso n\u00e3o \u00e9 um cen\u00e1rio ideal, por exemplo, quando estamos lidando com doen\u00e7as que tem uma letalidade muito elevada ou potencial de causar sequelas ou algum quadro muito grave. \u00c9 a\u00ed que as vacinas entraram como diferencial na hist\u00f3ria da humanidade \u2014 disse Neris em entrevista \u00e0 Ag\u00eancia Brasil.<\/p>\n<\/div>\n<div class=\"article-paragraph\">\n<p>Mariana de Souza Ara\u00fajo, coordenadora do Programa Municipal de Imuniza\u00e7\u00f5es (PMI) da prefeitura de S\u00e3o Paulo, destaca que a vacina \u00e9 uma quest\u00e3o de sa\u00fade p\u00fablica e, por isso, depende da coopera\u00e7\u00e3o de todos.<\/p>\n<\/div>\n<div class=\"article-paragraph\">\n<p>\u2014 Quanto mais pessoas vacinadas, mais protegidos os indiv\u00edduos estar\u00e3o. Por isso falamos de cobertura vacinal \u2014 destacou para a Ag\u00eancia Brasil.<\/p>\n<\/div>\n<div class=\"article-paragraph\">\n<p>Ela lembra que \u00e9 preciso evitar, por exemplo, bols\u00f5es vacinais, quando determinadas comunidades re\u00fanem grupos n\u00e3o imunizados.<\/p>\n<\/div>\n<div class=\"article-paragraph\">\n<p>\u2014 Todos os pontos da cidade, todos os bairros t\u00eam que estar com alta cobertura vacinal, porque as pessoas transitam pela cidade. \u00c0s vezes, a pessoa mora em um extremo e trabalha no centro ou vice-versa, ent\u00e3o todo mundo tem que ser vacinado com uma alta cobertura e uma alta homogeneidade \u2014 explica.<\/p>\n<\/div>\n<div class=\"article-paragraph\">\n<p>Uma vez que nenhuma vacina protege 100% contra um v\u00edrus, a cobertura vacinal \u00e9 que garante a prote\u00e7\u00e3o da popula\u00e7\u00e3o. Conforme os especialistas, os imunizantes refor\u00e7am o senso de comunidade e responsabilidade coletiva.<\/p>\n<\/div>\n<div class=\"article-paragraph\">\n<h3>Vacina\u00e7\u00e3o contra a covid-19<\/h3>\n<\/div>\n<div class=\"article-paragraph\">\n<p>R\u00f4mulo Neris aponta que a<strong>\u00a0vacina\u00e7\u00e3o contra a covid-19<\/strong>\u00a0se mostrou bastante eficaz no controle das mortes, mas o aumento recente dos casos refor\u00e7a que servi\u00e7os de vigil\u00e2ncia, de monitoramento e outras pr\u00e1ticas s\u00e3o necess\u00e1rias para impedir a dissemina\u00e7\u00e3o do v\u00edrus.<\/p>\n<\/div>\n<div class=\"article-paragraph\">\n<p>\u2014 A vacina\u00e7\u00e3o precisa ser aliada a outras estrat\u00e9gias. Acho que esse \u00e9 o ponto central \u2014 alertou.<\/p>\n<\/div>\n<div class=\"article-paragraph\">\n<p>O virologista recorda que ao longo dos \u00faltimos meses houve um relaxamento das medidas de prote\u00e7\u00e3o, como uso obrigat\u00f3rio de m\u00e1scara e controle de aglomera\u00e7\u00e3o.<\/p>\n<\/div>\n<div class=\"article-paragraph\">\n<p>\u2014 Neste cen\u00e1rio, onde h\u00e1 uma variante que se espalha mais r\u00e1pido do que o v\u00edrus original, lugares do planeta onde n\u00e3o h\u00e1 cobertura vacinal t\u00e3o alta e o v\u00edrus ainda continua circulando, temos a propens\u00e3o de gerar cen\u00e1rios nos quais podemos ter essas revers\u00f5es, esses aumentos de caso.<\/p>\n<\/div>\n<div class=\"article-paragraph\">\n<p>Diante desse quadro, ele acredita que informa\u00e7\u00e3o e vacina\u00e7\u00e3o s\u00e3o a resposta.<\/p>\n<\/div>\n<div class=\"article-paragraph\">\n<p>\u2014 A informa\u00e7\u00e3o necess\u00e1ria para aumentar a confian\u00e7a da popula\u00e7\u00e3o e a ades\u00e3o das pessoas que ainda n\u00e3o completaram o esquema vacinal, em conjunto refor\u00e7ar outras medidas de prote\u00e7\u00e3o para que possamos consolidar, j\u00e1 que conseguimos controlar o n\u00famero de casos no pa\u00eds \u2014 avaliou.<\/p>\n<div class=\"article-paragraph\">\n<h3>Seguran\u00e7a<\/h3>\n<\/div>\n<div class=\"article-paragraph\">\n<p>A coordenadora do Programa Municipal de Imuniza\u00e7\u00f5es de S\u00e3o Paulo, Mariana de Souza Ara\u00fajo, lembra que todas as vacinas utilizadas pelo Sistema \u00danico de Sa\u00fade (SUS) s\u00e3o aprovadas pela Ag\u00eancia Nacional de Vigil\u00e2ncia Sanit\u00e1ria (Anvisa) ap\u00f3s pesquisas com rigor cient\u00edfico. Ara\u00fajo ressalta que o Brasil \u00e9 refer\u00eancia em imuniza\u00e7\u00e3o.<\/p>\n<\/div>\n<div class=\"article-paragraph\">\n<p>\u2014 O nosso calend\u00e1rio \u00e9 um dos mais completos do mundo. \u2014 considerou a coordenadora \u2014 Conseguimos erradicar a poliomielite e a var\u00edola. Agora temos casos de outra variante, mas somente com as vacinas a gente consegue impedir que doen\u00e7as que s\u00e3o imunopreven\u00edveis voltem.<\/p>\n<\/div>\n<div class=\"article-paragraph\">\n<p>Neris lamenta que grupos contr\u00e1rios \u00e0 vacina\u00e7\u00e3o se utilizem da desinforma\u00e7\u00e3o para gerar d\u00favidas sobre a seguran\u00e7a dos imunizantes.<\/p>\n<\/div>\n<div class=\"article-paragraph\">\n<p>\u2014 Esses movimentos basicamente tentam se valer de uma interpreta\u00e7\u00e3o inadequada de dados, dando uma linguagem t\u00e9cnica, uma roupagem cient\u00edfica para algo que \u00e9 uma informa\u00e7\u00e3o falsa.<\/p>\n<\/div>\n<div class=\"article-paragraph\">\n<p>A recomenda\u00e7\u00e3o \u00e9 que a popula\u00e7\u00e3o acompanhe o calend\u00e1rio e a disponibiliza\u00e7\u00e3o cont\u00ednua das doses para diversas doen\u00e7as. Para tirar d\u00favidas sobre os p\u00fablicos eleg\u00edveis para cada imunizante, basta procurar qualquer Unidade B\u00e1sica de Sa\u00fade (UBS), levando o cart\u00e3o para verificar.<\/p>\n<\/div>\n<div class=\"trust-project-box\">\n<div class=\"trust-project-box--logo-headline\">Fonte: https:\/\/gauchazh.clicrbs.com.br\/saude\/noticia\/2022\/06\/dia-nacional-da-imunizacao-especialistas-reafirmam-importancia-de-se-vacinar-cl46vuqce0009019ixped9eod.html<\/div>\n<\/div>\n<\/div>\n<\/div>\n","protected":false},"excerpt":{"rendered":"<p>A introdu\u00e7\u00e3o de componentes que simulam um agente infeccioso capaz de enganar o nosso corpo e nos proteger de v\u00edrus mortais. Esse \u00e9 o mecanismo que explica o funcionamento das\u00a0vacinas, descoberta que j\u00e1 soma dois s\u00e9culos e que\u00a0mudou a hist\u00f3ria da humanidade. O Dia Nacional da Imuniza\u00e7\u00e3o \u00e9 celebrado nesta quinta-feira (9). \u2014 A partir [&hellip;]<\/p>\n","protected":false},"author":1,"featured_media":1291,"comment_status":"open","ping_status":"open","sticky":false,"template":"","format":"standard","meta":[],"categories":[2],"tags":[82,126,240,220,330,156],"_links":{"self":[{"href":"http:\/\/servicenterblog.institucional.ws\/index.php?rest_route=\/wp\/v2\/posts\/1290"}],"collection":[{"href":"http:\/\/servicenterblog.institucional.ws\/index.php?rest_route=\/wp\/v2\/posts"}],"about":[{"href":"http:\/\/servicenterblog.institucional.ws\/index.php?rest_route=\/wp\/v2\/types\/post"}],"author":[{"embeddable":true,"href":"http:\/\/servicenterblog.institucional.ws\/index.php?rest_route=\/wp\/v2\/users\/1"}],"replies":[{"embeddable":true,"href":"http:\/\/servicenterblog.institucional.ws\/index.php?rest_route=%2Fwp%2Fv2%2Fcomments&post=1290"}],"version-history":[{"count":1,"href":"http:\/\/servicenterblog.institucional.ws\/index.php?rest_route=\/wp\/v2\/posts\/1290\/revisions"}],"predecessor-version":[{"id":1292,"href":"http:\/\/servicenterblog.institucional.ws\/index.php?rest_route=\/wp\/v2\/posts\/1290\/revisions\/1292"}],"wp:featuredmedia":[{"embeddable":true,"href":"http:\/\/servicenterblog.institucional.ws\/index.php?rest_route=\/wp\/v2\/media\/1291"}],"wp:attachment":[{"href":"http:\/\/servicenterblog.institucional.ws\/index.php?rest_route=%2Fwp%2Fv2%2Fmedia&parent=1290"}],"wp:term":[{"taxonomy":"category","embeddable":true,"href":"http:\/\/servicenterblog.institucional.ws\/index.php?rest_route=%2Fwp%2Fv2%2Fcategories&post=1290"},{"taxonomy":"post_tag","embeddable":true,"href":"http:\/\/servicenterblog.institucional.ws\/index.php?rest_route=%2Fwp%2Fv2%2Ftags&post=1290"}],"curies":[{"name":"wp","href":"https:\/\/api.w.org\/{rel}","templated":true}]}}