{"id":1280,"date":"2022-05-30T19:48:32","date_gmt":"2022-05-30T22:48:32","guid":{"rendered":"http:\/\/servicenterblog.institucional.ws\/?p=1280"},"modified":"2022-05-30T19:48:32","modified_gmt":"2022-05-30T22:48:32","slug":"esclerose-multipla-ligacao-com-virus-traz-esperanca-no-controle-da-doenca","status":"publish","type":"post","link":"http:\/\/servicenterblog.institucional.ws\/?p=1280","title":{"rendered":"Esclerose m\u00faltipla: liga\u00e7\u00e3o com v\u00edrus traz esperan\u00e7a no controle da doen\u00e7a"},"content":{"rendered":"<p>Especialistas em esclerose m\u00faltipla dizem que a recente descoberta de uma liga\u00e7\u00e3o entre a doen\u00e7a e o v\u00edrus Epstein-Barr oferece esperan\u00e7a de uma resposta melhor.<\/p>\n<p>Os tratamentos, que visam bloquear a inflama\u00e7\u00e3o, &#8220;progrediram muito nos \u00faltimos dez anos&#8221;, e o acompanhamento dos pacientes \u00e9 &#8220;mais individualizado&#8221;, explica o neurologista Jean Pelletier, da funda\u00e7\u00e3o francesa Arsep (Ajuda \u00e0 Pesquisa da Esclerose M\u00faltipla).<\/p>\n<p>Segundo ele, novos avan\u00e7os podem surgir de uma descoberta particularmente importante, feita em janeiro por pesquisadores americanos, que destaca a necessidade da presen\u00e7a do v\u00edrus Epstein-Barr para o desenvolvimento da esclerose m\u00faltipla, embora nem todas as pessoas infectadas a desenvolvam.<\/p>\n<p>Esta \u00e9 uma doen\u00e7a autoimune do sistema nervoso central (c\u00e9rebro e medula espinhal). Causa um dist\u00farbio do sistema imunol\u00f3gico, que ataca a mielina, a bainha protetora das fibras nervosas. Muitas vezes, causa surtos inflamat\u00f3rios intercalados com fases calmas.<\/p>\n<p>A doen\u00e7a varia muito de um paciente para outro, mas pode produzir sequelas e \u00e9 uma das causas frequentes de defici\u00eancias em adultos jovens. Estima-se que mais de 2,8 milh\u00f5es de pessoas sejam afetadas por esta doen\u00e7a autoimune em todo o mundo. Crian\u00e7as e adolescentes continuam sendo a minoria dos casos, mas a doen\u00e7a pode ter come\u00e7ado muito antes de ser diagnosticada.<\/p>\n<p>A descoberta de uma liga\u00e7\u00e3o com o v\u00edrus Epstein-Barr, que afeta 95% dos adultos e \u00e9 a causa de outras doen\u00e7as, como a mononucleose, sugere que a maioria dos casos de esclerose m\u00faltipla poderia ser prevenida interrompendo a infec\u00e7\u00e3o por esse pat\u00f3geno.<\/p>\n<p>Al\u00e9m de &#8220;uma melhor compreens\u00e3o do que pode entrar em jogo nesta doen\u00e7a multifatorial&#8221;, o estudo &#8220;sup\u00f5e que a esclerose m\u00faltipla poderia ser prevenida se as crian\u00e7as fossem vacinadas contra o v\u00edrus Epstein-Barr, sabendo que por enquanto n\u00e3o h\u00e1 vacina dispon\u00edvel &#8220;, de acordo com o professor Pelletier.<\/p>\n<p>Fonte: UOL<br \/>\nhttps:\/\/www.uol.com.br\/vivabem\/noticias\/afp\/2022\/05\/28\/nova-descoberta-traz-esperanca-de-melhor-resposta-a-esclerose-multipla.htm<\/p>\n","protected":false},"excerpt":{"rendered":"<p>Especialistas em esclerose m\u00faltipla dizem que a recente descoberta de uma liga\u00e7\u00e3o entre a doen\u00e7a e o v\u00edrus Epstein-Barr oferece esperan\u00e7a de uma resposta melhor. Os tratamentos, que visam bloquear a inflama\u00e7\u00e3o, &#8220;progrediram muito nos \u00faltimos dez anos&#8221;, e o acompanhamento dos pacientes \u00e9 &#8220;mais individualizado&#8221;, explica o neurologista Jean Pelletier, da funda\u00e7\u00e3o francesa Arsep [&hellip;]<\/p>\n","protected":false},"author":1,"featured_media":1281,"comment_status":"open","ping_status":"open","sticky":false,"template":"","format":"standard","meta":[],"categories":[2],"tags":[153,22,210,11],"_links":{"self":[{"href":"http:\/\/servicenterblog.institucional.ws\/index.php?rest_route=\/wp\/v2\/posts\/1280"}],"collection":[{"href":"http:\/\/servicenterblog.institucional.ws\/index.php?rest_route=\/wp\/v2\/posts"}],"about":[{"href":"http:\/\/servicenterblog.institucional.ws\/index.php?rest_route=\/wp\/v2\/types\/post"}],"author":[{"embeddable":true,"href":"http:\/\/servicenterblog.institucional.ws\/index.php?rest_route=\/wp\/v2\/users\/1"}],"replies":[{"embeddable":true,"href":"http:\/\/servicenterblog.institucional.ws\/index.php?rest_route=%2Fwp%2Fv2%2Fcomments&post=1280"}],"version-history":[{"count":1,"href":"http:\/\/servicenterblog.institucional.ws\/index.php?rest_route=\/wp\/v2\/posts\/1280\/revisions"}],"predecessor-version":[{"id":1282,"href":"http:\/\/servicenterblog.institucional.ws\/index.php?rest_route=\/wp\/v2\/posts\/1280\/revisions\/1282"}],"wp:featuredmedia":[{"embeddable":true,"href":"http:\/\/servicenterblog.institucional.ws\/index.php?rest_route=\/wp\/v2\/media\/1281"}],"wp:attachment":[{"href":"http:\/\/servicenterblog.institucional.ws\/index.php?rest_route=%2Fwp%2Fv2%2Fmedia&parent=1280"}],"wp:term":[{"taxonomy":"category","embeddable":true,"href":"http:\/\/servicenterblog.institucional.ws\/index.php?rest_route=%2Fwp%2Fv2%2Fcategories&post=1280"},{"taxonomy":"post_tag","embeddable":true,"href":"http:\/\/servicenterblog.institucional.ws\/index.php?rest_route=%2Fwp%2Fv2%2Ftags&post=1280"}],"curies":[{"name":"wp","href":"https:\/\/api.w.org\/{rel}","templated":true}]}}