{"id":1269,"date":"2022-05-05T17:49:27","date_gmt":"2022-05-05T20:49:27","guid":{"rendered":"http:\/\/servicenterblog.institucional.ws\/?p=1269"},"modified":"2022-05-05T17:49:27","modified_gmt":"2022-05-05T20:49:27","slug":"poder-do-olfato-cheiros-que-equilibram-a-saude","status":"publish","type":"post","link":"http:\/\/servicenterblog.institucional.ws\/?p=1269","title":{"rendered":"Poder do olfato: cheiros que equilibram a sa\u00fade"},"content":{"rendered":"<p><em>A ci\u00eancia descobriu nos \u00faltimos 20 anos que o corpo tem receptores olfat\u00f3rios n\u00e3o s\u00f3 no nariz, mas no cora\u00e7\u00e3o, c\u00e9rebro, pele, em todas as c\u00e9lulas<\/em><\/p>\n<p>Desvendar o sentido do olfato, a import\u00e2ncia de sentir os aromas, torna obrigat\u00f3rio tamb\u00e9m falar sobre quem domina a aromaterapia e sabe o poder dos cheiros para a sa\u00fade f\u00edsica, mental, emocional e de prote\u00e7\u00e3o para os homens. F\u00e1bi\u00e1n L\u00e1szl\u00f3, cientista aromat\u00f3logo, CEO da\u00a0Laszlo Aromaterapia\u00a0e Editora Laszlo explica: \u201cO olfato, a capacidade de perceber o cheiro, tem grande import\u00e2ncia n\u00e3o s\u00f3 para os humanos, mas para os animais e as plantas. Muitas descobertas t\u00eam sido feitas, especialmente nos \u00faltimos 20 anos. Descobriu-se, por exemplo, que temos cerca de mil genes (3% do nosso c\u00f3digo gen\u00e9tico) ligados ao olfato. Al\u00e9m disso, descobriu-se que o corpo tem receptores olfat\u00f3rios n\u00e3o s\u00f3 no nariz, mas em todas as c\u00e9lulas. Isso mesmo: no cora\u00e7\u00e3o, c\u00e9rebro, pele, tudo sente cheiro. E esse cheiro que o corpo sente, influencia profundamente\u201d.<\/p>\n<p>Segundo ele, aromas podem melhorar a imunidade, as plantas liberam cheiros que promovem equil\u00edbrio no ecossistema. N\u00f3s liberamos odores at\u00e9 de acordo com certas doen\u00e7as, geralmente percebidos por cachorros. Os cheiros tamb\u00e9m t\u00eam importante aspecto social, nas rela\u00e7\u00f5es humanas. A aromaterapia vem para restaurar esta rela\u00e7\u00e3o da natureza com o homem, especialmente os que vivem nos grandes centros urbanos, a oportunidade desse contato, trazendo harmonia e equil\u00edbrio no dia a dia.<\/p>\n<p>F\u00e1bi\u00e1n L\u00e1szl\u00f3 conta que tem odores agrad\u00e1veis, desagrad\u00e1veis e at\u00e9 mesmo t\u00f3xicos e poluentes. Cheiros de solvente, gasolina, por exemplo, s\u00e3o subst\u00e2ncias que n\u00e3o fazem bem \u00e0 sa\u00fade humana e t\u00eam odores ruins. E tem aqueles com poder curativo: \u201c\u00c9 da\u00ed que surge a aromaterapia como meio de trazer equil\u00edbrio \u00e0 sa\u00fade. Temos aromas que conseguem estimular o c\u00e9rebro, a capacidade cognitiva. Alguns afetam a autoestima, outros s\u00e3o afrodis\u00edacos e melhoram a qualidade de vida. Existem estudos cient\u00edficos com \u00f3leos essenciais que agem tanto na preven\u00e7\u00e3o quanto no tratamento de v\u00e1rias doen\u00e7as.\u201d<\/p>\n<h3><b>PALAVRA DA CI\u00caNCIA<\/b><\/h3>\n<div>Ao destacar a sa\u00fade mental, F\u00e1bi\u00e1n L\u00e1szl\u00f3 lembra o sistema l\u00edmbico do c\u00e9rebro, que \u00e9 conectado \u00e0 mem\u00f3ria e \u00e0s emo\u00e7\u00f5es. \u201cE \u00e9 por meio dele que os aromas agem e estimulam v\u00e1rias emo\u00e7\u00f5es e mem\u00f3rias olfativas. Tem cheiros que trazem mem\u00f3rias boas, outros podem trazer mem\u00f3rias traum\u00e1ticas. Determinados cheiros trazem boas sensa\u00e7\u00f5es, grandes benef\u00edcios, mesmo que a pessoa n\u00e3o tenha consci\u00eancia. Alguns aromas s\u00e3o ancestrais, v\u00eam da mata, de plantas, florestas, todos eles podem alcan\u00e7ar o c\u00e9rebro e trazer cura e equil\u00edbrio.\u201d<\/div>\n<div><\/div>\n<div>Tem-se estudado muito o efeito dos \u00f3leos essenciais nas quest\u00f5es cognitivas do c\u00e9rebro. De acordo com F\u00e1bi\u00e1n L\u00e1szl\u00f3, existem estudos que mostram uma melhora robusta na capacidade de concentra\u00e7\u00e3o nos estudos em crian\u00e7as e adolescentes. E ainda uma melhora consider\u00e1vel na sa\u00fade mental ou mesmo no tratamento de doen\u00e7as como Alzheimer e Parkinson.<\/div>\n<div><\/div>\n<div>\n<div>F\u00e1bi\u00e1n L\u00e1szl\u00f3 refor\u00e7a que o cheiro est\u00e1 relacionado \u00e0 mem\u00f3ria. Ele traz lembran\u00e7as de uma ex-namorada da adolesc\u00eancia, da broa da av\u00f3, do travesseiro da casa do pai. S\u00e3o rela\u00e7\u00f5es de mem\u00f3ria da vida, traduzem experi\u00eancias e sentir de novo traz de volta as mesmas sensa\u00e7\u00f5es de mem\u00f3rias \u00e0 tona. O aroma \u00e9 realmente poderoso. Por isso, para o cientista, viver sem sentir cheiro deve ser muito dif\u00edcil.<\/div>\n<div><\/div>\n<div>As pessoas que t\u00eam processo de perda de olfato com a COVID-19 podem usar os aromas para voltar a sentir cheiro. \u201cO v\u00edrus quando invade receptores de angiotensina, se liga a esses receptores, invade neur\u00f4nios, que morrem e geram a perda do olfato. O ideal \u00e9 fazer a fisioterapia olfat\u00f3ria com \u00f3leos como hortel\u00e3-pimenta, patchoulli, cravo, canela ou caf\u00e9. \u00c9 s\u00f3 colocar uma gota na m\u00e3o, esfregar e inalar para estimular novamente o bulbo olfat\u00f3rio. A regi\u00e3o pode se restabelecer, pois \u00e9 regenerativa, mesmo levando alguns meses. Outra condi\u00e7\u00e3o que afeta o olfato \u00e9 a redu\u00e7\u00e3o de vitamina B12, zinco e Vitamina A, quest\u00f5es que dentro da nutri\u00e7\u00e3o \u00e9 poss\u00edvel repor para recuperar de forma mais \u00e1gil.\u201d<\/div>\n<div>\n<\/div>\n<h3><b>EQUIL\u00cdBRIO E HARMONIA\u00a0<\/b><\/h3>\n<div>J\u00e1 Let\u00edcia Pires de Alvarenga, terapeuta integrativa, professora de hatha ioga e aromaterapeuta, destaca que quando conheceu a aromaterapia ficou encantada. \u201c\u00c9 maravilhoso conhecer seu uso ao longo da hist\u00f3ria do mundo e como j\u00e1 h\u00e1 tantos estudos cient\u00edficos comprovando seus benef\u00edcios \u00e0 sa\u00fade. A aromaterapia \u00e9 como um despertar para um novo universo da sa\u00fade integral. O \u00f3leo essencial \u00e9 a alma da planta, nele tem as subst\u00e2ncias da planta concentradas. A\u00ed est\u00e1 sua for\u00e7a, mas tamb\u00e9m seu risco.&#8221;<\/p>\n<p>Let\u00edcia Pires de Alvarenga enfatiza que &#8220;a aromaterapia \u00e9 uma terapia complementar integrativa que usa os \u00f3leos essenciais como base para tratar dist\u00farbios f\u00edsicos, psicol\u00f3gicos e espirituais. Tamb\u00e9m tem grande uso em cosm\u00e9ticos naturais, agregando valor aos produtos. A aromaterapia equilibra, harmoniza e promove a sa\u00fade do corpo e da mente segundo a Federa\u00e7\u00e3o Internacional de Aromaterapia.\u201d<\/p>\n<\/div>\n<h3><b>O QUE A AROMATERAPIA OFERECE*<\/b><\/h3>\n<div>\n<ol>\n<li>Relaxamento<\/li>\n<li>Redu\u00e7\u00e3o de dores e fadigas musculares<\/li>\n<li>Controle do estresse e da ansiedade<\/li>\n<li>Tratamento de problemas respirat\u00f3rios<\/li>\n<li>Est\u00edmulo da mem\u00f3ria e da concentra\u00e7\u00e3o e foco<\/li>\n<li>Cuidados da sa\u00fade feminina (c\u00f3licas, tens\u00e3o pr\u00e9-menstrual, climat\u00e9rio, prazer sexual)<\/li>\n<li>Cuidados di\u00e1rios e tratamentos com cabelo, pele, unhas<\/li>\n<\/ol>\n<\/div>\n<div><b>*Fonte: Estado de Minas &#8211; Sa\u00fade<\/b><\/div>\n<div>Let\u00edcia Pires de Alvarenga, terapeuta integrativa e aromaterapeuta<\/div>\n<\/div>\n","protected":false},"excerpt":{"rendered":"<p>A ci\u00eancia descobriu nos \u00faltimos 20 anos que o corpo tem receptores olfat\u00f3rios n\u00e3o s\u00f3 no nariz, mas no cora\u00e7\u00e3o, c\u00e9rebro, pele, em todas as c\u00e9lulas Desvendar o sentido do olfato, a import\u00e2ncia de sentir os aromas, torna obrigat\u00f3rio tamb\u00e9m falar sobre quem domina a aromaterapia e sabe o poder dos cheiros para a sa\u00fade [&hellip;]<\/p>\n","protected":false},"author":1,"featured_media":1270,"comment_status":"open","ping_status":"open","sticky":false,"template":"","format":"standard","meta":[],"categories":[3],"tags":[325,251,210,11],"_links":{"self":[{"href":"http:\/\/servicenterblog.institucional.ws\/index.php?rest_route=\/wp\/v2\/posts\/1269"}],"collection":[{"href":"http:\/\/servicenterblog.institucional.ws\/index.php?rest_route=\/wp\/v2\/posts"}],"about":[{"href":"http:\/\/servicenterblog.institucional.ws\/index.php?rest_route=\/wp\/v2\/types\/post"}],"author":[{"embeddable":true,"href":"http:\/\/servicenterblog.institucional.ws\/index.php?rest_route=\/wp\/v2\/users\/1"}],"replies":[{"embeddable":true,"href":"http:\/\/servicenterblog.institucional.ws\/index.php?rest_route=%2Fwp%2Fv2%2Fcomments&post=1269"}],"version-history":[{"count":1,"href":"http:\/\/servicenterblog.institucional.ws\/index.php?rest_route=\/wp\/v2\/posts\/1269\/revisions"}],"predecessor-version":[{"id":1271,"href":"http:\/\/servicenterblog.institucional.ws\/index.php?rest_route=\/wp\/v2\/posts\/1269\/revisions\/1271"}],"wp:featuredmedia":[{"embeddable":true,"href":"http:\/\/servicenterblog.institucional.ws\/index.php?rest_route=\/wp\/v2\/media\/1270"}],"wp:attachment":[{"href":"http:\/\/servicenterblog.institucional.ws\/index.php?rest_route=%2Fwp%2Fv2%2Fmedia&parent=1269"}],"wp:term":[{"taxonomy":"category","embeddable":true,"href":"http:\/\/servicenterblog.institucional.ws\/index.php?rest_route=%2Fwp%2Fv2%2Fcategories&post=1269"},{"taxonomy":"post_tag","embeddable":true,"href":"http:\/\/servicenterblog.institucional.ws\/index.php?rest_route=%2Fwp%2Fv2%2Ftags&post=1269"}],"curies":[{"name":"wp","href":"https:\/\/api.w.org\/{rel}","templated":true}]}}