{"id":1224,"date":"2022-02-05T18:34:02","date_gmt":"2022-02-05T20:34:02","guid":{"rendered":"http:\/\/servicentermedic1.hospedagemdesites.ws\/blog\/?p=1224"},"modified":"2022-02-05T18:35:01","modified_gmt":"2022-02-05T20:35:01","slug":"15-de-fevereiro-dia-internacional-de-luta-contra-o-cancer-infantil","status":"publish","type":"post","link":"http:\/\/servicenterblog.institucional.ws\/?p=1224","title":{"rendered":"15 de fevereiro &#8211; Dia Internacional de luta contra o C\u00e2ncer Infantil"},"content":{"rendered":"<p>O dia 15 de fevereiro \u00e9 marcado pelo grito mundial para a conscientiza\u00e7\u00e3o do c\u00e2ncer em crian\u00e7as e adolescentes e, neste ano de 2022, completa sua 21\u00aa edi\u00e7\u00e3o.<\/p>\n<p>O Dia Internacional do C\u00e2ncer Infantil, institu\u00eddo pela\u00a0<em>Childhood Cancer International\u00a0<\/em>(CCI)\u00a0desde 2001<em>,\u00a0<\/em>tem como objetivo educar o p\u00fablico em geral e profissionais de sa\u00fade sobre o c\u00e2ncer infantojuvenil, favorecendo o acesso desta popula\u00e7\u00e3o aos melhores tratamentos e medicamentos, em qualquer lugar do mundo, al\u00e9m de expressar apoio \u00e0s crian\u00e7as e adolescentes com c\u00e2ncer, aos sobreviventes e suas fam\u00edlias.<\/p>\n<p><strong>A doen\u00e7a<\/strong><\/p>\n<p>C\u00e2ncer \u00e9 quando algumas c\u00e9lulas do corpo sofrem altera\u00e7\u00f5es gen\u00e9ticas (um dano no seu interior), tornando-se diferentes das c\u00e9lulas normais, e come\u00e7am a crescer descontroladamente e se espalhar pelo organismo.<\/p>\n<p>Os tipos mais comuns de c\u00e2ncer infantil s\u00e3o leucemias (c\u00e2ncer da medula \u00f3ssea), linfomas (c\u00e2ncer do sistema linf\u00e1tico) e os tumores de sistema nervoso central.<\/p>\n<blockquote><p>A cada tr\u00eas minutos uma crian\u00e7a morre de c\u00e2ncer. A cada ano, mais de 400.000 crian\u00e7as com idades entre 0 e 19 anos s\u00e3o diagnosticadas com c\u00e2ncer em todo o mundo.<\/p><\/blockquote>\n<p>No Brasil, s\u00e3o esperados 4.310 casos novos no sexo masculino e de 4.150 para o sexo feminino, para cada ano do tri\u00eanio 2020-2022, tornando o c\u00e2ncer infantojuvenil l\u00edder no\u00a0<em>ranking<\/em>\u00a0de causas de mortes, por doen\u00e7a, em crian\u00e7as e adolescentes, entre 0 a 19 anos.<\/p>\n<p>Diferente dos c\u00e2nceres dos adultos que podemos prevenir, as causas da maioria dos c\u00e2nceres infantis ainda s\u00e3o desconhecidas. Mas, gra\u00e7as aos progressos significativos das pesquisas cl\u00ednicas e tratamentos, hoje em torno de 80% das crian\u00e7as e adolescentes podem ser curados. No entanto, para que isto aconte\u00e7a os pacientes precisam ser diagnosticados precocemente e tratados em centros especializados.<\/p>\n<p><strong>Diagn\u00f3stico precoce<\/strong><\/p>\n<p>O diagn\u00f3stico precoce acontece quando os sinais e sintomas dessas neoplasias s\u00e3o detectados na sua fase inicial, permitindo a redu\u00e7\u00e3o das complica\u00e7\u00f5es agudas e tardias do tratamento. Isso refor\u00e7a a necessidade de fam\u00edlias e profissionais de sa\u00fade conhecerem os principais sintomas que podem acontecer no in\u00edcio da doen\u00e7a e buscarem atendimento especializado.<\/p>\n<p>Alguns sinais e sintomas que podem estar relacionados ao c\u00e2ncer infantojuvenil s\u00e3o:<\/p>\n<ul>\n<li>palidez, hematomas ou sangramento;<\/li>\n<li>caro\u00e7os ou incha\u00e7os, especialmente se forem indolores, sem febre ou outros sinais de infec\u00e7\u00e3o;<\/li>\n<li>perda de peso inexplicada ou febre, tosse persistente ou falta de ar;<\/li>\n<li>altera\u00e7\u00f5es nos olhos, como: pupila branca, estrabismo de in\u00edcio recente, perda visual, hematomas ou incha\u00e7o ao redor dos olhos;<\/li>\n<li>incha\u00e7o abdominal;<\/li>\n<li>dores de cabe\u00e7a, especialmente se for incomum, persistente ou grave, v\u00f4mitos (em especial pela manh\u00e3 ou com piora ao longo dos dias);<\/li>\n<li>dor em membros como bra\u00e7os ou pernas, ou dor \u00f3ssea, incha\u00e7o sem trauma ou sinais de infec\u00e7\u00e3o;<\/li>\n<li>cansa\u00e7o excessivo.<\/li>\n<\/ul>\n<p>Fique atento aos sinais e fa\u00e7a sempre um acompanhamento m\u00e9dico!<\/p>\n<p>Fonte: Unifesp BR<br \/>\nhttps:\/\/sp.unifesp.br\/epe\/noticias\/15-02-dia-internacional-de-luta-contra-o-cancer-infantil<\/p>\n","protected":false},"excerpt":{"rendered":"<p>O dia 15 de fevereiro \u00e9 marcado pelo grito mundial para a conscientiza\u00e7\u00e3o do c\u00e2ncer em crian\u00e7as e adolescentes e, neste ano de 2022, completa sua 21\u00aa edi\u00e7\u00e3o. O Dia Internacional do C\u00e2ncer Infantil, institu\u00eddo pela\u00a0Childhood Cancer International\u00a0(CCI)\u00a0desde 2001,\u00a0tem como objetivo educar o p\u00fablico em geral e profissionais de sa\u00fade sobre o c\u00e2ncer infantojuvenil, favorecendo [&hellip;]<\/p>\n","protected":false},"author":1,"featured_media":1226,"comment_status":"open","ping_status":"open","sticky":false,"template":"","format":"standard","meta":[],"categories":[2],"tags":[297,72,318,26,32],"_links":{"self":[{"href":"http:\/\/servicenterblog.institucional.ws\/index.php?rest_route=\/wp\/v2\/posts\/1224"}],"collection":[{"href":"http:\/\/servicenterblog.institucional.ws\/index.php?rest_route=\/wp\/v2\/posts"}],"about":[{"href":"http:\/\/servicenterblog.institucional.ws\/index.php?rest_route=\/wp\/v2\/types\/post"}],"author":[{"embeddable":true,"href":"http:\/\/servicenterblog.institucional.ws\/index.php?rest_route=\/wp\/v2\/users\/1"}],"replies":[{"embeddable":true,"href":"http:\/\/servicenterblog.institucional.ws\/index.php?rest_route=%2Fwp%2Fv2%2Fcomments&post=1224"}],"version-history":[{"count":1,"href":"http:\/\/servicenterblog.institucional.ws\/index.php?rest_route=\/wp\/v2\/posts\/1224\/revisions"}],"predecessor-version":[{"id":1225,"href":"http:\/\/servicenterblog.institucional.ws\/index.php?rest_route=\/wp\/v2\/posts\/1224\/revisions\/1225"}],"wp:featuredmedia":[{"embeddable":true,"href":"http:\/\/servicenterblog.institucional.ws\/index.php?rest_route=\/wp\/v2\/media\/1226"}],"wp:attachment":[{"href":"http:\/\/servicenterblog.institucional.ws\/index.php?rest_route=%2Fwp%2Fv2%2Fmedia&parent=1224"}],"wp:term":[{"taxonomy":"category","embeddable":true,"href":"http:\/\/servicenterblog.institucional.ws\/index.php?rest_route=%2Fwp%2Fv2%2Fcategories&post=1224"},{"taxonomy":"post_tag","embeddable":true,"href":"http:\/\/servicenterblog.institucional.ws\/index.php?rest_route=%2Fwp%2Fv2%2Ftags&post=1224"}],"curies":[{"name":"wp","href":"https:\/\/api.w.org\/{rel}","templated":true}]}}