{"id":1210,"date":"2022-02-04T18:34:39","date_gmt":"2022-02-04T20:34:39","guid":{"rendered":"http:\/\/servicentermedic1.hospedagemdesites.ws\/blog\/?p=1210"},"modified":"2022-02-04T18:34:39","modified_gmt":"2022-02-04T20:34:39","slug":"4-de-fevereiro-dia-mundial-de-combate-ao-cancer","status":"publish","type":"post","link":"http:\/\/servicenterblog.institucional.ws\/?p=1210","title":{"rendered":"4 de fevereiro &#8211; Dia mundial de combate ao c\u00e2ncer"},"content":{"rendered":"<h4><em>Mais do que chamar a aten\u00e7\u00e3o para a doen\u00e7a, o Dia Mundial de Combate ao C\u00e2ncer, tamb\u00e9m serve para mostrar o quanto o seu tratamento evoluiu nas \u00faltimas d\u00e9cadas<br \/>\n<\/em><\/h4>\n<p>Quatro de fevereiro marca o Dia Mundial de Combate ao C\u00e2ncer. A data foi criada para disseminar informa\u00e7\u00f5es sobre a doen\u00e7a, reduzir sua incid\u00eancia e, principalmente, sua mortalidade. No mundo, s\u00e3o cerca de 18 milh\u00f5es de casos todos os anos, com aproximadamente 8 milh\u00f5es de mortes. No Brasil, em 2020, foram 522.212 casos novos e cerca de 260 mil \u00f3bitos. Cerca de metade dos casos novos registrados corresponde a c\u00e2ncer de pele.<\/p>\n<p>Mais do que chamar a aten\u00e7\u00e3o para a doen\u00e7a, entretanto, a data tamb\u00e9m serve para mostrar o quanto o seu tratamento evoluiu nas \u00faltimas d\u00e9cadas. As medica\u00e7\u00f5es tamb\u00e9m avan\u00e7aram e hoje conseguem combater o c\u00e2ncer de formam mais efetiva. Antigamente, o tratamento se resumia praticamente a cirurgias, quimioterapia e radioterapia.<\/p>\n<p>Os avan\u00e7os, felizmente, s\u00e3o muitos e n\u00e3o param. Para se ter uma ideia, h\u00e1 pouco mais de 40 anos n\u00e3o havia tratamentos eficazes contra o c\u00e2ncer de pulm\u00e3o e pessoas diagnosticadas com a doen\u00e7a, em fase avan\u00e7ada, viviam em m\u00e9dia quatro meses. Hoje em dia j\u00e1 existem medicamentos que combatem a doen\u00e7a com muito mais efici\u00eancia. H\u00e1 poucos dias, inclusive, em 10 de janeiro, o FDA nos Estados Unidos (\u00f3rg\u00e3o semelhante \u00e0 ANVISA) aprovou o uso de um novo medicamento contra o c\u00e2ncer de pulm\u00e3o (o pembrolizumab), que aumenta a chance de cura, ap\u00f3s cirurgia para retirada de tumores ainda iniciais. At\u00e9 mesmo em tumores mais comuns, como os de pele do tipo basocelular e escamoso, quando inoper\u00e1veis ou metast\u00e1ticos, est\u00e3o dispon\u00edveis, hoje, duas drogas muito eficazes no seu combate, que s\u00e3o o cemiplimab e o vismudegib.<\/p>\n<p>A d\u00e9cada de 90, principalmente, foi marcada por muitos avan\u00e7os no campo do conhecimento gen\u00e9tico e histol\u00f3gico dos mais diversos tipos de tumores. Foi quando a primeira mol\u00e9cula desenvolvida por computador chegou ao mercado, causando uma mudan\u00e7a dr\u00e1stica na sobrevida esperada dos pacientes portadores de leucemia cr\u00f4nica. De l\u00e1 para c\u00e1, diversos medicamentos promoveram mudan\u00e7a na hist\u00f3ria de v\u00e1rios tipos de c\u00e2nceres, como por exemplo, trastuzumab e pertuzumab, em c\u00e2ncer de mama her-2 positivo e inibidores de ciclina (abemaciclibe, ribociclibe e palbociclibe), em c\u00e2ncer de mama subtipo Luminal.<\/p>\n<p>E boas novidades continuam chegando. Neste m\u00eas de janeiro, a \u00e1rea passou a contar com mais uma droga revolucion\u00e1ria no tratamento do c\u00e2ncer de mama em cen\u00e1rio de met\u00e1stases, o her-2 positivo. O novo medicamento (Inhertu), j\u00e1 submetido \u00e0 possibilidade de uso precoce no manejo da doen\u00e7a, dever\u00e1 gerar grandes impactos em termos de qualidade de vida e tempo de controle deste tipo de c\u00e2ncer.O Inhertu representa mais um avan\u00e7o no tratamento do c\u00e2ncer e um esfor\u00e7o conjunto de milhares de profissionais que buscam por tratamentos mais efetivo e com menos efeitos colaterais.<\/p>\n<p>O que vimos nessas duas d\u00e9cadas passadas e o que se espera para um futuro breve \u00e9 mais esperan\u00e7a de dias melhores, mais cura, mais controle. Tudo isso, gra\u00e7as a muito investimento em pesquisas pr\u00e9-cl\u00ednicas e cl\u00ednicas. Quanto mais entendermos como o c\u00e2ncer surge e quais s\u00e3o seus pontos fracos, melhores ser\u00e3o nossos tratamentos no futuro.<\/p>\n<p>Fonte: ESBRASIL<br \/>\nhttps:\/\/esbrasil.com.br\/ha-muito-o-que-festejar-no-dia-mundial-de-combate-ao-cancer\/<\/p>\n<h4><em>\u00a0<\/em><\/h4>\n","protected":false},"excerpt":{"rendered":"<p>Mais do que chamar a aten\u00e7\u00e3o para a doen\u00e7a, o Dia Mundial de Combate ao C\u00e2ncer, tamb\u00e9m serve para mostrar o quanto o seu tratamento evoluiu nas \u00faltimas d\u00e9cadas Quatro de fevereiro marca o Dia Mundial de Combate ao C\u00e2ncer. A data foi criada para disseminar informa\u00e7\u00f5es sobre a doen\u00e7a, reduzir sua incid\u00eancia e, principalmente, [&hellip;]<\/p>\n","protected":false},"author":1,"featured_media":1211,"comment_status":"open","ping_status":"open","sticky":false,"template":"","format":"standard","meta":[],"categories":[2],"tags":[72,238,26,11,32],"_links":{"self":[{"href":"http:\/\/servicenterblog.institucional.ws\/index.php?rest_route=\/wp\/v2\/posts\/1210"}],"collection":[{"href":"http:\/\/servicenterblog.institucional.ws\/index.php?rest_route=\/wp\/v2\/posts"}],"about":[{"href":"http:\/\/servicenterblog.institucional.ws\/index.php?rest_route=\/wp\/v2\/types\/post"}],"author":[{"embeddable":true,"href":"http:\/\/servicenterblog.institucional.ws\/index.php?rest_route=\/wp\/v2\/users\/1"}],"replies":[{"embeddable":true,"href":"http:\/\/servicenterblog.institucional.ws\/index.php?rest_route=%2Fwp%2Fv2%2Fcomments&post=1210"}],"version-history":[{"count":1,"href":"http:\/\/servicenterblog.institucional.ws\/index.php?rest_route=\/wp\/v2\/posts\/1210\/revisions"}],"predecessor-version":[{"id":1212,"href":"http:\/\/servicenterblog.institucional.ws\/index.php?rest_route=\/wp\/v2\/posts\/1210\/revisions\/1212"}],"wp:featuredmedia":[{"embeddable":true,"href":"http:\/\/servicenterblog.institucional.ws\/index.php?rest_route=\/wp\/v2\/media\/1211"}],"wp:attachment":[{"href":"http:\/\/servicenterblog.institucional.ws\/index.php?rest_route=%2Fwp%2Fv2%2Fmedia&parent=1210"}],"wp:term":[{"taxonomy":"category","embeddable":true,"href":"http:\/\/servicenterblog.institucional.ws\/index.php?rest_route=%2Fwp%2Fv2%2Fcategories&post=1210"},{"taxonomy":"post_tag","embeddable":true,"href":"http:\/\/servicenterblog.institucional.ws\/index.php?rest_route=%2Fwp%2Fv2%2Ftags&post=1210"}],"curies":[{"name":"wp","href":"https:\/\/api.w.org\/{rel}","templated":true}]}}