{"id":1189,"date":"2022-01-03T19:01:04","date_gmt":"2022-01-03T21:01:04","guid":{"rendered":"http:\/\/servicentermedic1.hospedagemdesites.ws\/blog\/?p=1189"},"modified":"2022-01-03T19:01:04","modified_gmt":"2022-01-03T21:01:04","slug":"janeiro-branco-2022-o-mundo-pede-saude-mental","status":"publish","type":"post","link":"http:\/\/servicenterblog.institucional.ws\/?p=1189","title":{"rendered":"Janeiro Branco 2022 \u2013 O mundo pede sa\u00fade mental!"},"content":{"rendered":"<p>Criada\u00a0em 2014, em janeiro de 2022 a Campanha Janeiro Branco chega \u00e0 sua 9a edi\u00e7\u00e3o e faz um alerta \u00e0 humanidade: em tempos de prolongada pandemia, de crises sanit\u00e1rias,\u00a0sociais, pol\u00edticas, ecol\u00f3gicas e econ\u00f4micas em escala global, o mundo pede Sa\u00fade Mental.<\/p>\n<p>Estudos recentes (e produzidos por diferentes tipos de institui\u00e7\u00f5es sociais em v\u00e1rios pa\u00edses do mundo) chamam a aten\u00e7\u00e3o para o importante desafio que a humanidade n\u00e3o pode mais desprezar: \u00e9 urgente a cria\u00e7\u00e3o de uma cultura da Sa\u00fade Mental em meio a todas as rela\u00e7\u00f5es das quais os seres humanos participam.<\/p>\n<p><strong>Com a pandemia do COVID-19, antigas necessidades da Sa\u00fade Mental viraram\u00a0\u2018emerg\u00eancias p\u00fablicas\u2019<br \/>\n<\/strong><br \/>\nEstudos e pesquisas sobre os efeitos colaterais da pandemia do COVID-19 multiplicam-se em toda parte do mundo e suas conclus\u00f5es revelam um dos mais importantes desafios para a atual humanidade: cidad\u00e3os comuns, autoridades e institui\u00e7\u00f5es sociais devem desenvolver estrat\u00e9gias p\u00fablicas e privadas para proteger, fortalecer e promover a Sa\u00fade Mental das pessoas. Segundo a Organiza\u00e7\u00e3o Mundial da Sa\u00fade (OMS), a pandemia interrompeu servi\u00e7os essenciais de Sa\u00fade\u00a0 Mental em 93% dos pa\u00edses do mundo e, ao mesmo tempo, intensificou a procura por esses mesmos servi\u00e7os. No Brasil, de acordo com uma pesquisa do Instituto FSB, 62% das brasileiras e 43% dos brasileiros afirmaram que a sa\u00fade emocional \u2018piorou\u2019 ou \u2018piorou muito\u2019 durante a pandemia.<\/p>\n<p>Outro estudo, desenvolvido pelo Instituto Ipsos e encomendado pelo F\u00f3rum Econ\u00f4mico Mundial, concluiu que 53% dos brasileiros achavam que sua Sa\u00fade Mental \u201ctinha piorado bastante no \u00faltimo ano\u201d. Em um recente estudo realizado pela FIOCRUZ e outras seis universidades nacionais, enquanto 40% da popula\u00e7\u00e3o brasileira apresentavam sentimentos frequentes de tristeza e de depress\u00e3o, outros 50% da mesma popula\u00e7\u00e3o apresentavam frequentes sentimentos de ansiedade e de nervosismo. Em rela\u00e7\u00e3o \u00e0s faixas et\u00e1rias iniciais da vida, uma pesquisa conduzida pelo UNICEF\/Gallup mostrou que 22% dos adolescentes e jovens brasileiros de 15 a 24 anos se sentem deprimidos ou t\u00eam pouco interesse em \u2018fazer coisas\u2019.<\/p>\n<p><strong>O que o Janeiro Branco realiza?<\/strong><\/p>\n<p>O Janeiro Branco promove palestras, palestras-rel\u00e2mpago, oficinas, cursos, workshops, entrevistas midi\u00e1ticas, caminhadas, rodas de conversa e abordagem de pessoas em todos os lugares nos quais as pessoas\u00a0 se encontram: ruas, pra\u00e7as, igrejas, empresas, resid\u00eancias, academias, shoppings, hospitais, prefeituras etc. Em janeiro de 2022, por causa da pandemia do Covid-19, a Campanha priorizar\u00e1 espa\u00e7os abertos e meios online. Entre em contato!<\/p>\n<p>Fonte: www.janeirobranco.com.br<\/p>\n","protected":false},"excerpt":{"rendered":"<p>Criada\u00a0em 2014, em janeiro de 2022 a Campanha Janeiro Branco chega \u00e0 sua 9a edi\u00e7\u00e3o e faz um alerta \u00e0 humanidade: em tempos de prolongada pandemia, de crises sanit\u00e1rias,\u00a0sociais, pol\u00edticas, ecol\u00f3gicas e econ\u00f4micas em escala global, o mundo pede Sa\u00fade Mental. Estudos recentes (e produzidos por diferentes tipos de institui\u00e7\u00f5es sociais em v\u00e1rios pa\u00edses do [&hellip;]<\/p>\n","protected":false},"author":1,"featured_media":1190,"comment_status":"open","ping_status":"open","sticky":false,"template":"","format":"standard","meta":[],"categories":[2],"tags":[133,131,95],"_links":{"self":[{"href":"http:\/\/servicenterblog.institucional.ws\/index.php?rest_route=\/wp\/v2\/posts\/1189"}],"collection":[{"href":"http:\/\/servicenterblog.institucional.ws\/index.php?rest_route=\/wp\/v2\/posts"}],"about":[{"href":"http:\/\/servicenterblog.institucional.ws\/index.php?rest_route=\/wp\/v2\/types\/post"}],"author":[{"embeddable":true,"href":"http:\/\/servicenterblog.institucional.ws\/index.php?rest_route=\/wp\/v2\/users\/1"}],"replies":[{"embeddable":true,"href":"http:\/\/servicenterblog.institucional.ws\/index.php?rest_route=%2Fwp%2Fv2%2Fcomments&post=1189"}],"version-history":[{"count":1,"href":"http:\/\/servicenterblog.institucional.ws\/index.php?rest_route=\/wp\/v2\/posts\/1189\/revisions"}],"predecessor-version":[{"id":1191,"href":"http:\/\/servicenterblog.institucional.ws\/index.php?rest_route=\/wp\/v2\/posts\/1189\/revisions\/1191"}],"wp:featuredmedia":[{"embeddable":true,"href":"http:\/\/servicenterblog.institucional.ws\/index.php?rest_route=\/wp\/v2\/media\/1190"}],"wp:attachment":[{"href":"http:\/\/servicenterblog.institucional.ws\/index.php?rest_route=%2Fwp%2Fv2%2Fmedia&parent=1189"}],"wp:term":[{"taxonomy":"category","embeddable":true,"href":"http:\/\/servicenterblog.institucional.ws\/index.php?rest_route=%2Fwp%2Fv2%2Fcategories&post=1189"},{"taxonomy":"post_tag","embeddable":true,"href":"http:\/\/servicenterblog.institucional.ws\/index.php?rest_route=%2Fwp%2Fv2%2Ftags&post=1189"}],"curies":[{"name":"wp","href":"https:\/\/api.w.org\/{rel}","templated":true}]}}