{"id":1184,"date":"2021-12-01T21:01:21","date_gmt":"2021-12-01T23:01:21","guid":{"rendered":"http:\/\/servicentermedic1.hospedagemdesites.ws\/blog\/?p=1184"},"modified":"2021-12-01T21:01:21","modified_gmt":"2021-12-01T23:01:21","slug":"dia-mundial-de-combate-a-aids-confira-os-mitos-e-verdades-a-respeito-da-doenca","status":"publish","type":"post","link":"http:\/\/servicenterblog.institucional.ws\/?p=1184","title":{"rendered":"Dia Mundial de Combate \u00e0 Aids: confira os mitos e verdades a respeito da doen\u00e7a"},"content":{"rendered":"<p>O Dia Mundial de Luta contra a Aids \u00e9 celebrado nesta quarta-feira (1\u00ba). Na data, especialistas lembram dos avan\u00e7os j\u00e1 obtidos em rela\u00e7\u00e3o \u00e0 infec\u00e7\u00e3o e comemoram o novo rem\u00e9dio aprovado pela Ag\u00eancia Nacional de Vigil\u00e2ncia Sanit\u00e1ria (Anvisa), com somente um comprimido para o tratamento. Isso \u00e9 considerado um avan\u00e7o porque facilita o tratamento e aumenta a ades\u00e3o dos pacientes.<\/p>\n<p>A revista Isto\u00c9 esclarece a seguir tudo o que \u00e9 preciso saber sobre o v\u00edrus e sua preven\u00e7\u00e3o, com base em informa\u00e7\u00f5es oficiais e explica\u00e7\u00f5es da m\u00e9dica\u00a0Priscilla Alexandrino,\u00a0<strong>infectologista<\/strong>\u00a0do Hospital S\u00e3o Lucas Copacabana, Rio de Janeiro.<\/p>\n<h3><b>Aids e HIV: diferen\u00e7a e estat\u00edsticas<\/b><\/h3>\n<p>A s\u00edndrome da imunodefici\u00eancia adquirida (<strong><b>a<\/b><\/strong><b>ids<\/b>, na sigla em ingl\u00eas)\u00a0<b>\u00e9 uma doen\u00e7a\u00a0<\/b><strong>infectocontagiosa<\/strong>\u00a0causada pelo\u00a0<b>V\u00edrus<\/b>\u00a0<b>da Imunodefici\u00eancia Humana<\/b>\u00a0(<b>HIV<\/b>, na sigla em ingl\u00eas), que ataca o sistema imunol\u00f3gico, respons\u00e1vel pela defesa do organismo. Segundo o Minist\u00e9rio da Sa\u00fade, o\u00a0<b>v\u00edrus\u00a0<\/b>\u00e9 capaz de alterar o DNA da c\u00e9lula linf\u00f3citos T CD4+ (gl\u00f3bulos brancos do sistema imunol\u00f3gico) e fazer c\u00f3pias de si mesmo. Ap\u00f3s se multiplicar, rompe os linf\u00f3citos em busca de outros para continuar a infec\u00e7\u00e3o.<\/p>\n<p>Algumas pessoas soropositivas (portadoras do v\u00edrus) vivem anos sem apresentar sintomas e sem desenvolver a doen\u00e7a,\u00a0<strong>embora<\/strong>\u00a0<strong>ainda possam transmiti-la<\/strong>. Portanto, \u00e9 importante destacar que\u00a0<b>ser portadora de HIV n\u00e3o significa ter aids<\/b>, visto que um \u00e9 o v\u00edrus e o outro a doen\u00e7a, respectivamente.<\/p>\n<p>Dados da UNAIDS Brasil (Programa Conjunto das Na\u00e7\u00f5es Unidas sobre HIV\/Aids no pa\u00eds)\u00a0apontam que 37,6 milh\u00f5es de pessoas estavam vivendo com\u00a0<a href=\"https:\/\/istoe.com.br\/tag\/hiv\/\" target=\"_blank\" rel=\"noopener\">HIV<\/a>\u00a0no mundo em 2020. As estat\u00edsticas destacam a presen\u00e7a do v\u00edrus entre o g\u00eanero feminino, indicando\u00a0que semanalmente, cerca de 5 mil jovens mulheres entre 15 e 24 anos s\u00e3o infectadas. Al\u00e9m disso, mulheres e meninas foram respons\u00e1veis por aproximadamente 50% de todas as novas infec\u00e7\u00f5es por HIV no \u00faltimo ano.<\/p>\n<p>No Brasil, o v\u00edrus sobressai entre o g\u00eanero masculino. De acordo com o Boletim Epidemiol\u00f3gico do ano passado, 920 mil pessoas soropositivas vivem no pa\u00eds. O Minist\u00e9rio da Sa\u00fade aponta que a maior concentra\u00e7\u00e3o de casos est\u00e1 entre jovens de 25 a 39 anos (492,8 mil), de ambos os sexos \u2014 52,4%\u00a0casos entre os homens e 48,4% entre as mulheres.<\/p>\n<h3><b>Transmiss\u00e3o do v\u00edrus: mitos e verdades<\/b><\/h3>\n<p>A infectologista\u00a0Priscilla Alexandrino explica que a transmiss\u00e3o do v\u00edrus acontece de tr\u00eas formas: sexual (sexo vaginal, anal ou oral sem preservativo), vertical (v\u00edrus \u00e9 transmitido da m\u00e3e para o feto durante a gesta\u00e7\u00e3o ou para o beb\u00ea atrav\u00e9s da amamenta\u00e7\u00e3o) e parenteral (compartilhamento de instrumentos perfurocortantes contaminados ou\u00a0transfus\u00e3o de sangue contaminado).<\/p>\n<p>O HIV est\u00e1 presente em fluidos, como sangue, esperma, secre\u00e7\u00e3o vaginal e leite materno. Portanto, desde que n\u00e3o haja contato com esses canais, n\u00e3o \u00e9 preciso se preocupar. Ou seja, n\u00e3o \u00e9 poss\u00edvel ser contaminada pelo abra\u00e7o, beijo, aperto de m\u00e3o, compartilhamento de talhares e copos, ao usar o mesmo banheiro ou piscina, por exemplo.<\/p>\n<p>Embora o sangue seja um transmissor do v\u00edrus, n\u00e3o h\u00e1 possibilidade de contamina\u00e7\u00e3o pela\u00a0<strong>picada de insetos<\/strong>. \u201cAinda n\u00e3o h\u00e1 nenhum relato de transmiss\u00e3o do v\u00edrus HIV dessa forma. Portanto, a luz da ci\u00eancia atual, n\u00e3o \u00e9 poss\u00edvel contrair o v\u00edrus por picada de mosquito ou de qualquer outro inseto\u201d, garante a m\u00e9dica.<\/p>\n<h3><b>Como evitar a contamina\u00e7\u00e3o<\/b><\/h3>\n<p>Evitar as formas de contamina\u00e7\u00e3o \u00e9 essencial. Usar preservativo durante as\u00a0<strong>rela\u00e7\u00f5es sexuais<\/strong>\u00a0\u00e9 um dos melhores m\u00e9todos, al\u00e9m de n\u00e3o compartilhar\u00a0agulhas ou seringas (usar materiais descart\u00e1veis) e utilizar luvas para manipular secre\u00e7\u00f5es.<\/p>\n<p>Em casos de\u00a0<b>gr\u00e1vidas soropositivas<\/b>, o acompanhamento m\u00e9dico na gesta\u00e7\u00e3o pode\u00a0evitar a transmiss\u00e3o vertical. Segundo a infectologista, o beb\u00ea tamb\u00e9m deve ser acompanhado ap\u00f3s o nascimento para reduzir o risco de contamina\u00e7\u00e3o.<\/p>\n<p>\u201c\u00c9 necess\u00e1rio que a gestante esteja em\u00a0<b>tratamento antirretroviral<\/b>, com carga viral indetect\u00e1vel. O parto deve acompanhado, seguindo todos os protocolos, e o rec\u00e9m-nascido tamb\u00e9m precisa ser tratado. Se todos os protocolos forem seguidos corretamente do pr\u00e9-natal ao parto, a transmiss\u00e3o \u00e9 extremamente improv\u00e1vel. A crian\u00e7a pode nascer com anticorpos do HIV \u2014 passados pela m\u00e3e \u2014, mas s\u00e3o somente anticorpos, o que n\u00e3o significa contamina\u00e7\u00e3o\u201d, esclarece Priscilla.<\/p>\n<h3><b>Sintomas e consequ\u00eancias<\/b><\/h3>\n<p>Quando o\u00a0<b>sistema imunol\u00f3gico<\/b>\u00a0\u00e9 atacado pelo v\u00edrus, alguns sinais podem ser notados. O Minist\u00e9rio da Sa\u00fade separa os sintomas por fases. Segundo o \u00f3rg\u00e3o, a primeira \u00e9 chamada de<strong>\u00a0infec\u00e7\u00e3o aguda<\/strong>, quando ocorre a incuba\u00e7\u00e3o do\u00a0<strong>HIV<\/strong>\u00a0\u2014 de tr\u00eas a seis semanas. Entre 30 a 60 dias ap\u00f3s a contamina\u00e7\u00e3o, o corpo produz anticorpos anti-HIV e apresenta os primeiros sintomas, como uma gripe, e pode incluir febre e mal-estar.<\/p>\n<p>A outra fase consiste em intera\u00e7\u00e3o entre as c\u00e9lulas de defesa e as muta\u00e7\u00f5es do v\u00edrus. No entanto, \u00e9\u00a0<b>assintom\u00e1tica\u00a0<\/b>e pode perdurar por muitos anos.<\/p>\n<p>Na sequ\u00eancia, o Minist\u00e9rio da Sa\u00fade destaca que \u201ccom o frequente ataque, as c\u00e9lulas de defesa come\u00e7am a funcionar com menos efici\u00eancia at\u00e9 serem destru\u00eddas. O organismo fica cada vez mais fraco e vulner\u00e1vel a infec\u00e7\u00f5es comuns. A\u00a0<b>fase sintom\u00e1tica<\/b>\u00a0inicial \u00e9 caracterizada pela alta redu\u00e7\u00e3o dos linf\u00f3citos T CD4+ que chegam a ficar abaixo de 200 unidades por mm\u00b3 de sangue. Em adultos saud\u00e1veis, esse valor varia entre 800 a 1.200 unidades. Os sintomas mais comuns nessa fase s\u00e3o: febre, diarreia, suores noturnos e emagrecimento\u201d.<\/p>\n<p>Essa condi\u00e7\u00e3o pode resultar em doen\u00e7as oportunistas, conforme o grau de defici\u00eancia imunol\u00f3gica. Priscilla destaca que as principais consequ\u00eancias s\u00e3o doen\u00e7as como\u00a0neurotoxoplasmose, meningite criptoc\u00f3cica, Sarcoma de Kaposi, citomegalovirose e histoplasmose.<\/p>\n<h3><b>Diagn\u00f3stico e tratamentos<\/b><\/h3>\n<p>Os m\u00e9dicos infectologistas s\u00e3o capacitados para diagnosticar, tratar e acompanhar pessoas soropositivas. A especialista indica procurar por atendimento m\u00e9dico\u00a0<strong>ap\u00f3s qualquer exposi\u00e7\u00e3o aos fatores de riscos do v\u00edrus<\/strong>.<\/p>\n<p>O teste para detectar o HIV pode ser realizado em qualquer unidade b\u00e1sica de sa\u00fade (UBS) ou laborat\u00f3rio particular. No entanto, \u00e9 importante destacar que a efetividade do teste acontece somente a partir da quarta a sexta semana ap\u00f3s o contato de risco. Priscilla destaca que isso acontece devido \u00e0 janela imunol\u00f3gica \u2014 per\u00edodo que ocorre entre o momento do cont\u00e1gio at\u00e9 a positividade do teste, que \u00e9 realizado baseado em anticorpos produzidos pelo organismo contra o v\u00edrus. A partir desse tempo de produ\u00e7\u00e3o dos anticorpos no organismo, o teste pode detect\u00e1-lo precisamente, evitando o risco de resultado falso negativo.<\/p>\n<p>\u201cAo ser diagnosticada, \u00e9 preciso procurar um servi\u00e7o de atendimento \u00e0s pessoas vivendo com HIV\/<a href=\"https:\/\/istoe.com.br\/tag\/aids\/\" target=\"_blank\" rel=\"noopener\">aids<\/a>, visando iniciar o tratamento adequado. Atualmente, j\u00e1 temos um arsenal terap\u00eautico com\u00a0<b>medicamentos antirretrovirais<\/b>\u00a0de alta pot\u00eancia e efic\u00e1cia no controle dessa condi\u00e7\u00e3o, a qual se tornou uma\u00a0<b>doen\u00e7a cr\u00f4nica<\/b>. Um dos principais pilares da terap\u00eautica \u00e9 justamente a ades\u00e3o ao tratamento e a manuten\u00e7\u00e3o de h\u00e1bitos saud\u00e1veis de vida, bem como o acompanhamento com um m\u00e9dico especialista\u201d, diz a infectologista.<\/p>\n<p>Iniciar o tratamento precocemente pode garantir melhores resultados, como manter-se assintom\u00e1tica. O tratamento visa controlar o v\u00edrus no organismo, evitando os sintomas da aids, a partir da\u00a0<b>terapia antirretroviral<\/b>\u00a0adequada e indicada individualmente, com base em protocolos nacionais e internacionais.<\/p>\n<p>Embora seja uma condi\u00e7\u00e3o delicada, Priscilla tranquiliza dizendo que existem alguns relatos de cura do v\u00edrus, que ainda n\u00e3o s\u00e3o aplicados epidemiologicamente na popula\u00e7\u00e3o. Apesar disso, o controle eficiente, atrav\u00e9s da terapia antirretroviral de alta pot\u00eancia, tornou a aids uma doen\u00e7a cr\u00f4nica que permite boa qualidade de vida para as\u00a0<strong>pessoas soropositivas<\/strong>.<\/p>\n<p>Fontes: Brasil 61 e Isto \u00c9 Independente<\/p>\n<div><\/div>\n","protected":false},"excerpt":{"rendered":"<p>O Dia Mundial de Luta contra a Aids \u00e9 celebrado nesta quarta-feira (1\u00ba). Na data, especialistas lembram dos avan\u00e7os j\u00e1 obtidos em rela\u00e7\u00e3o \u00e0 infec\u00e7\u00e3o e comemoram o novo rem\u00e9dio aprovado pela Ag\u00eancia Nacional de Vigil\u00e2ncia Sanit\u00e1ria (Anvisa), com somente um comprimido para o tratamento. Isso \u00e9 considerado um avan\u00e7o porque facilita o tratamento e [&hellip;]<\/p>\n","protected":false},"author":1,"featured_media":1185,"comment_status":"open","ping_status":"open","sticky":false,"template":"","format":"standard","meta":[],"categories":[2],"tags":[159,158,26,32],"_links":{"self":[{"href":"http:\/\/servicenterblog.institucional.ws\/index.php?rest_route=\/wp\/v2\/posts\/1184"}],"collection":[{"href":"http:\/\/servicenterblog.institucional.ws\/index.php?rest_route=\/wp\/v2\/posts"}],"about":[{"href":"http:\/\/servicenterblog.institucional.ws\/index.php?rest_route=\/wp\/v2\/types\/post"}],"author":[{"embeddable":true,"href":"http:\/\/servicenterblog.institucional.ws\/index.php?rest_route=\/wp\/v2\/users\/1"}],"replies":[{"embeddable":true,"href":"http:\/\/servicenterblog.institucional.ws\/index.php?rest_route=%2Fwp%2Fv2%2Fcomments&post=1184"}],"version-history":[{"count":1,"href":"http:\/\/servicenterblog.institucional.ws\/index.php?rest_route=\/wp\/v2\/posts\/1184\/revisions"}],"predecessor-version":[{"id":1186,"href":"http:\/\/servicenterblog.institucional.ws\/index.php?rest_route=\/wp\/v2\/posts\/1184\/revisions\/1186"}],"wp:featuredmedia":[{"embeddable":true,"href":"http:\/\/servicenterblog.institucional.ws\/index.php?rest_route=\/wp\/v2\/media\/1185"}],"wp:attachment":[{"href":"http:\/\/servicenterblog.institucional.ws\/index.php?rest_route=%2Fwp%2Fv2%2Fmedia&parent=1184"}],"wp:term":[{"taxonomy":"category","embeddable":true,"href":"http:\/\/servicenterblog.institucional.ws\/index.php?rest_route=%2Fwp%2Fv2%2Fcategories&post=1184"},{"taxonomy":"post_tag","embeddable":true,"href":"http:\/\/servicenterblog.institucional.ws\/index.php?rest_route=%2Fwp%2Fv2%2Ftags&post=1184"}],"curies":[{"name":"wp","href":"https:\/\/api.w.org\/{rel}","templated":true}]}}