{"id":1181,"date":"2021-11-30T18:54:17","date_gmt":"2021-11-30T20:54:17","guid":{"rendered":"http:\/\/servicentermedic1.hospedagemdesites.ws\/blog\/?p=1181"},"modified":"2021-11-30T18:54:17","modified_gmt":"2021-11-30T20:54:17","slug":"anvisa-aprova-novo-tratamento-para-hiv","status":"publish","type":"post","link":"http:\/\/servicenterblog.institucional.ws\/?p=1181","title":{"rendered":"Anvisa aprova novo tratamento para HIV"},"content":{"rendered":"<p><em>Ag\u00eancia anunciou a libera\u00e7\u00e3o de um medicamento que combina duas diferentes subst\u00e2ncias em um \u00fanico comprimido<\/p>\n<p><\/em>A\u00a0Anvisa\u00a0anunciou nesta segunda-feira (29) que aprovou um novo medicamento para o tratamento do\u00a0HIV. Ele combina duas subst\u00e2ncias\u00a0 \u2013 lamivudina e dolutegravir s\u00f3dico \u2013 em um \u00fanico comprimido.\u00a0Segundo a ag\u00eancia, a a\u00e7\u00e3o possibilidade de doses \u00fanicas simplifica o tratamento e a ades\u00e3o dos pacientes ao tratamento.<\/p>\n<p>De acordo com a bula aprovada pela Anvisa, o novo medicamento reduz a quantidade de HIV no organismo, mantendo-a em um n\u00edvel baixo. Al\u00e9m disso, promove aumento na contagem das c\u00e9lulas CD4, tipo de gl\u00f3bulo branco do sangue que exerce papel importante na manuten\u00e7\u00e3o de um sistema imune (de defesa) saud\u00e1vel, ajudando a combater as infec\u00e7\u00f5es.<\/p>\n<p>O medicamento poder\u00e1 ser indicado como um regime completo para o tratamento da infec\u00e7\u00e3o pelo v\u00edrus da imunodefici\u00eancia humana tipo 1 (HIV-1) em adultos e adolescentes acima de 12 anos pesando pelo menos 40 kg, sem hist\u00f3rico de tratamento antirretroviral pr\u00e9vio ou em substitui\u00e7\u00e3o ao regime antirretroviral atual em pessoas com supress\u00e3o virol\u00f3gica.<\/p>\n<p>Fonte: CNN<\/p>\n<p><em>\u00a0<\/em><\/p>\n","protected":false},"excerpt":{"rendered":"<p>Ag\u00eancia anunciou a libera\u00e7\u00e3o de um medicamento que combina duas diferentes subst\u00e2ncias em um \u00fanico comprimido A\u00a0Anvisa\u00a0anunciou nesta segunda-feira (29) que aprovou um novo medicamento para o tratamento do\u00a0HIV. Ele combina duas subst\u00e2ncias\u00a0 \u2013 lamivudina e dolutegravir s\u00f3dico \u2013 em um \u00fanico comprimido.\u00a0Segundo a ag\u00eancia, a a\u00e7\u00e3o possibilidade de doses \u00fanicas simplifica o tratamento e [&hellip;]<\/p>\n","protected":false},"author":1,"featured_media":1182,"comment_status":"open","ping_status":"open","sticky":false,"template":"","format":"standard","meta":[],"categories":[3],"tags":[159,153,158,71,306,32],"_links":{"self":[{"href":"http:\/\/servicenterblog.institucional.ws\/index.php?rest_route=\/wp\/v2\/posts\/1181"}],"collection":[{"href":"http:\/\/servicenterblog.institucional.ws\/index.php?rest_route=\/wp\/v2\/posts"}],"about":[{"href":"http:\/\/servicenterblog.institucional.ws\/index.php?rest_route=\/wp\/v2\/types\/post"}],"author":[{"embeddable":true,"href":"http:\/\/servicenterblog.institucional.ws\/index.php?rest_route=\/wp\/v2\/users\/1"}],"replies":[{"embeddable":true,"href":"http:\/\/servicenterblog.institucional.ws\/index.php?rest_route=%2Fwp%2Fv2%2Fcomments&post=1181"}],"version-history":[{"count":1,"href":"http:\/\/servicenterblog.institucional.ws\/index.php?rest_route=\/wp\/v2\/posts\/1181\/revisions"}],"predecessor-version":[{"id":1183,"href":"http:\/\/servicenterblog.institucional.ws\/index.php?rest_route=\/wp\/v2\/posts\/1181\/revisions\/1183"}],"wp:featuredmedia":[{"embeddable":true,"href":"http:\/\/servicenterblog.institucional.ws\/index.php?rest_route=\/wp\/v2\/media\/1182"}],"wp:attachment":[{"href":"http:\/\/servicenterblog.institucional.ws\/index.php?rest_route=%2Fwp%2Fv2%2Fmedia&parent=1181"}],"wp:term":[{"taxonomy":"category","embeddable":true,"href":"http:\/\/servicenterblog.institucional.ws\/index.php?rest_route=%2Fwp%2Fv2%2Fcategories&post=1181"},{"taxonomy":"post_tag","embeddable":true,"href":"http:\/\/servicenterblog.institucional.ws\/index.php?rest_route=%2Fwp%2Fv2%2Ftags&post=1181"}],"curies":[{"name":"wp","href":"https:\/\/api.w.org\/{rel}","templated":true}]}}