{"id":1169,"date":"2021-11-10T20:00:37","date_gmt":"2021-11-10T22:00:37","guid":{"rendered":"http:\/\/servicentermedic1.hospedagemdesites.ws\/blog\/?p=1169"},"modified":"2021-11-10T20:01:22","modified_gmt":"2021-11-10T22:01:22","slug":"dia-da-prevencao-e-combate-a-surdez-cuide-da-sua-audicao","status":"publish","type":"post","link":"http:\/\/servicenterblog.institucional.ws\/?p=1169","title":{"rendered":"Dia da Preven\u00e7\u00e3o e Combate \u00e0 Surdez: cuide da sua audi\u00e7\u00e3o"},"content":{"rendered":"<p><em><strong>A data alerta a popula\u00e7\u00e3o sobre a import\u00e2ncia da sa\u00fade auditiva<\/strong><\/em><\/p>\n<p>Com elevados ru\u00eddos sonoros em que a popula\u00e7\u00e3o est\u00e1 exposta atualmente, nada mais importante do que alertar sobre sa\u00fade auditiva. Por isso, 10 de novembro \u00e9 o Dia Nacional de Preven\u00e7\u00e3o e Combate \u00e0 Surdez. Condi\u00e7\u00e3o que, de acordo com a Organiza\u00e7\u00e3o Mundial da Sa\u00fade (OMS), uma a cada dez pessoas podem ser afetadas com a perda auditiva at\u00e9 2050.<\/p>\n<p>A audiologista e especialista em sa\u00fade auditiva Gilv\u00e2nia Barbosa, da cl\u00ednica Microsom, d\u00e1 dicas de como manter a sa\u00fade auditiva em dia. Entre elas, n\u00e3o introduzir objetos (nem bastonete) no ouvido. Outro alerta \u00e9 sobre gripes e otites \u201cAs infec\u00e7\u00f5es mal curadas podem ocasionar a perda auditiva\u201d, explica o especialista.<\/p>\n<p>Ela ainda faz um alerta em rela\u00e7\u00e3o \u00e0 exposi\u00e7\u00e3o excessiva a ru\u00eddos, como cortadores de gramas e m\u00fasicas muito altas. \u201cN\u00e3o s\u00f3 os adultos devem tomar cuidado. O n\u00edvel de barulho dos brinquedos para beb\u00eas deve ser monitorado, pois eles t\u00eam a audi\u00e7\u00e3o mais agu\u00e7ada. Sendo assim, correm mais risco\u201d, afirma.<\/p>\n<p>Al\u00e9m disso, de acordo com a especialista, nos \u00faltimos anos houve um aumento expressivo da quantidade de jovens com perda auditiva. \u201cEste \u00e9 um reflexo do uso irregular de fones de ouvido e, se n\u00e3o houver cuidado, pode levar \u00e0 perda auditiva irrevers\u00edvel\u201d, conclui Barbosa.<\/p>\n<p>Segundo Gilv\u00e2nia, a audi\u00e7\u00e3o \u00e9 um dos fatores primordiais para a comunica\u00e7\u00e3o. Inclusive, ela explica que, atualmente, a tecnologia pode ser uma grande aliada para melhorar a qualidade de vida de quem vive com a defici\u00eancia.<br \/>\n\u201cMuitas vezes, a pessoa tem a prescri\u00e7\u00e3o para utilizar o aparelho auditivo, mas tem vergonha, o que pode prejudicar ainda mais a sa\u00fade e os relacionamentos interpessoais do paciente. E com o passar dos anos a falta de est\u00edmulo do c\u00e9rebro pode ocasionar outras doen\u00e7as, como a dem\u00eancia\u201d, afirma.<\/p>\n<p>A especialista ressalta ainda que os avan\u00e7os dos aparelhos auditivos t\u00eam sido muito importantes, beneficiando cada vez mais a sa\u00fade dos usu\u00e1rios. \u201cTer um aparelho auditivo n\u00e3o \u00e9 quest\u00e3o de conforto ou luxo, trata-se de uma oportunidade para que os deficientes auditivos se comuniquem melhor e consigam manter suas intera\u00e7\u00f5es sociais\u201d, explica<\/p>\n<p>Consulte seu m\u00e9dico com regularidade!<\/p>\n<p>Fonte: Jornal de Bras\u00edlia<\/p>\n<div class=\"teads-inread sm-screen\"><\/div>\n","protected":false},"excerpt":{"rendered":"<p>A data alerta a popula\u00e7\u00e3o sobre a import\u00e2ncia da sa\u00fade auditiva Com elevados ru\u00eddos sonoros em que a popula\u00e7\u00e3o est\u00e1 exposta atualmente, nada mais importante do que alertar sobre sa\u00fade auditiva. Por isso, 10 de novembro \u00e9 o Dia Nacional de Preven\u00e7\u00e3o e Combate \u00e0 Surdez. Condi\u00e7\u00e3o que, de acordo com a Organiza\u00e7\u00e3o Mundial da [&hellip;]<\/p>\n","protected":false},"author":1,"featured_media":1170,"comment_status":"open","ping_status":"open","sticky":false,"template":"","format":"standard","meta":[],"categories":[2],"tags":[26,302,303],"_links":{"self":[{"href":"http:\/\/servicenterblog.institucional.ws\/index.php?rest_route=\/wp\/v2\/posts\/1169"}],"collection":[{"href":"http:\/\/servicenterblog.institucional.ws\/index.php?rest_route=\/wp\/v2\/posts"}],"about":[{"href":"http:\/\/servicenterblog.institucional.ws\/index.php?rest_route=\/wp\/v2\/types\/post"}],"author":[{"embeddable":true,"href":"http:\/\/servicenterblog.institucional.ws\/index.php?rest_route=\/wp\/v2\/users\/1"}],"replies":[{"embeddable":true,"href":"http:\/\/servicenterblog.institucional.ws\/index.php?rest_route=%2Fwp%2Fv2%2Fcomments&post=1169"}],"version-history":[{"count":2,"href":"http:\/\/servicenterblog.institucional.ws\/index.php?rest_route=\/wp\/v2\/posts\/1169\/revisions"}],"predecessor-version":[{"id":1172,"href":"http:\/\/servicenterblog.institucional.ws\/index.php?rest_route=\/wp\/v2\/posts\/1169\/revisions\/1172"}],"wp:featuredmedia":[{"embeddable":true,"href":"http:\/\/servicenterblog.institucional.ws\/index.php?rest_route=\/wp\/v2\/media\/1170"}],"wp:attachment":[{"href":"http:\/\/servicenterblog.institucional.ws\/index.php?rest_route=%2Fwp%2Fv2%2Fmedia&parent=1169"}],"wp:term":[{"taxonomy":"category","embeddable":true,"href":"http:\/\/servicenterblog.institucional.ws\/index.php?rest_route=%2Fwp%2Fv2%2Fcategories&post=1169"},{"taxonomy":"post_tag","embeddable":true,"href":"http:\/\/servicenterblog.institucional.ws\/index.php?rest_route=%2Fwp%2Fv2%2Ftags&post=1169"}],"curies":[{"name":"wp","href":"https:\/\/api.w.org\/{rel}","templated":true}]}}