{"id":1160,"date":"2021-10-20T13:02:01","date_gmt":"2021-10-20T15:02:01","guid":{"rendered":"http:\/\/servicentermedic1.hospedagemdesites.ws\/blog\/?p=1160"},"modified":"2021-10-20T13:02:01","modified_gmt":"2021-10-20T15:02:01","slug":"20-de-outubro-dia-mundial-da-osteoporose-2","status":"publish","type":"post","link":"http:\/\/servicenterblog.institucional.ws\/?p=1160","title":{"rendered":"20 de outubro &#8211; Dia Mundial da Osteoporose"},"content":{"rendered":"<p>No dia 20 de outubro \u00e9 comemorado o\u00a0Dia Mundial e Nacional da Osteoporose. A data \u00e9 dedicada \u00e0 conscientiza\u00e7\u00e3o, preven\u00e7\u00e3o, diagn\u00f3stico precoce e tratamento da doen\u00e7a que pode ser compreendida como uma patologia sist\u00eamica, progressiva, subdiagnosticada e que se caracteriza pela diminui\u00e7\u00e3o da densidade e qualidade do osso o que pode levar a s\u00e9rias fraturas, ainda que o impacto causador seja baixo.<\/p>\n<p>A osteoporose pode desencadear dores cr\u00f4nicas e dificuldade de locomo\u00e7\u00e3o, podendo comprometer a independ\u00eancia da pessoa e com isso, queda na qualidade de vida.<\/p>\n<h3><strong>Impactos no cotidiano<\/strong><\/h3>\n<p>H\u00e1 casos em que as dificuldades estabelecidas e as mudan\u00e7as no dia a dia dos indiv\u00edduos podem levar ao quadro de depress\u00e3o, tendo em vista que a osteoporose repercute sobre quest\u00f5es biopsicossociais. Por isso, pode-se dizer que al\u00e9m do aspecto f\u00edsico, a doen\u00e7a compromete o cotidiano dos indiv\u00edduos, interferindo em sua autonomia e podendo comprometer certas tomadas de decis\u00f5es. Nesse aspecto, como pode ser observado, a osteoporose atinge quest\u00f5es sociais como o desenvolvimento de\u00a0atividades\u00a0laborais, o que pode comprometer as finan\u00e7as pessoais, ampliando o quadro de vulnerabilidade. Assim, a preven\u00e7\u00e3o e o diagn\u00f3stico precoce s\u00e3o importantes para evitar sucessivos agravos na popula\u00e7\u00e3o, na vida daqueles que vivenciam a doen\u00e7a, bem como na de seus familiares e\/ou cuidadores.<\/p>\n<p>Quanto aos aspectos epidemiol\u00f3gicos, a popula\u00e7\u00e3o idosa \u00e9 a mais atingida pela osteoporose, principalmente as mulheres na p\u00f3s-menopausa devido a diminui\u00e7\u00e3o das taxas de estrog\u00eanio (horm\u00f4nio que protege a massa \u00f3ssea). Estudos apresentados pelo Manual Brasileiro de Osteoporose: Orienta\u00e7\u00f5es Pr\u00e1ticas para os Profissionais de Sa\u00fade (2021), apontam que para mulheres acima de 45 anos de idade, a osteoporose ocasiona interna\u00e7\u00e3o prolongada, superando outras doen\u00e7as cr\u00f4nicas tais como: diabetes, infarto do mioc\u00e1rdio e c\u00e2ncer de mama.<\/p>\n<p>Segundo dados do Instituto Brasileiro de Geografia e Estat\u00edstica (IBGE), a\u00a0expectativa de vida\u00a0dos brasileiros vem aumentando a cada ano. Nesse sentido, conv\u00e9m analisar de forma cr\u00edtica, reflexiva e propositiva sobre a possibilidade do aumento de fraturas ocasionadas pela osteoporose. Al\u00e9m disso, destaca-se que as taxas de morbimortalidade s\u00e3o elevadas e o desenvolvimento da doen\u00e7a ocorre de forma silenciosa, ou seja, assintom\u00e1tica por muitos anos e com isso, gera o diagn\u00f3stico tardio, que em in\u00fameros casos ocorre quando a fratura acontece.<\/p>\n<h3>O que fazer?<\/h3>\n<p>Diante de informa\u00e7\u00f5es importantes \u00e9 preciso promover orienta\u00e7\u00f5es sobre: dieta rica em c\u00e1lcio, manter as taxas de vitamina D dentro do recomendado, pr\u00e1tica regular de atividade f\u00edsica, evitar o uso de cigarro e\u00a0\u00e1lcool. Al\u00e9m disso, identificar aquelas pessoas que t\u00eam fatores de risco: idade acima de 60 anos, hist\u00f3rico familiar, relato de queda frequentes, diabetes, baixo peso, mulheres sem ov\u00e1rios, artrite reumatoide e fraturas anteriores, porque j\u00e1 \u00e9 comprovado que pessoas com fratura devido ao baixo impacto t\u00eam maior risco de sofrerem outros tipos de fraturas.<\/p>\n<p>Fonte: PEBMED<\/p>\n<section class=\"related_posts\" data-category=\"Enfermagem\" data-id=\"5237\">\n<div class=\"block-head\"><\/div>\n<\/section>\n","protected":false},"excerpt":{"rendered":"<p>No dia 20 de outubro \u00e9 comemorado o\u00a0Dia Mundial e Nacional da Osteoporose. A data \u00e9 dedicada \u00e0 conscientiza\u00e7\u00e3o, preven\u00e7\u00e3o, diagn\u00f3stico precoce e tratamento da doen\u00e7a que pode ser compreendida como uma patologia sist\u00eamica, progressiva, subdiagnosticada e que se caracteriza pela diminui\u00e7\u00e3o da densidade e qualidade do osso o que pode levar a s\u00e9rias fraturas, [&hellip;]<\/p>\n","protected":false},"author":1,"featured_media":1161,"comment_status":"open","ping_status":"open","sticky":false,"template":"","format":"standard","meta":[],"categories":[2],"tags":[298,299,300,149,221,26],"_links":{"self":[{"href":"http:\/\/servicenterblog.institucional.ws\/index.php?rest_route=\/wp\/v2\/posts\/1160"}],"collection":[{"href":"http:\/\/servicenterblog.institucional.ws\/index.php?rest_route=\/wp\/v2\/posts"}],"about":[{"href":"http:\/\/servicenterblog.institucional.ws\/index.php?rest_route=\/wp\/v2\/types\/post"}],"author":[{"embeddable":true,"href":"http:\/\/servicenterblog.institucional.ws\/index.php?rest_route=\/wp\/v2\/users\/1"}],"replies":[{"embeddable":true,"href":"http:\/\/servicenterblog.institucional.ws\/index.php?rest_route=%2Fwp%2Fv2%2Fcomments&post=1160"}],"version-history":[{"count":1,"href":"http:\/\/servicenterblog.institucional.ws\/index.php?rest_route=\/wp\/v2\/posts\/1160\/revisions"}],"predecessor-version":[{"id":1162,"href":"http:\/\/servicenterblog.institucional.ws\/index.php?rest_route=\/wp\/v2\/posts\/1160\/revisions\/1162"}],"wp:featuredmedia":[{"embeddable":true,"href":"http:\/\/servicenterblog.institucional.ws\/index.php?rest_route=\/wp\/v2\/media\/1161"}],"wp:attachment":[{"href":"http:\/\/servicenterblog.institucional.ws\/index.php?rest_route=%2Fwp%2Fv2%2Fmedia&parent=1160"}],"wp:term":[{"taxonomy":"category","embeddable":true,"href":"http:\/\/servicenterblog.institucional.ws\/index.php?rest_route=%2Fwp%2Fv2%2Fcategories&post=1160"},{"taxonomy":"post_tag","embeddable":true,"href":"http:\/\/servicenterblog.institucional.ws\/index.php?rest_route=%2Fwp%2Fv2%2Ftags&post=1160"}],"curies":[{"name":"wp","href":"https:\/\/api.w.org\/{rel}","templated":true}]}}