{"id":1150,"date":"2021-10-04T22:33:54","date_gmt":"2021-10-05T01:33:54","guid":{"rendered":"http:\/\/servicentermedic1.hospedagemdesites.ws\/blog\/?p=1150"},"modified":"2021-10-04T22:34:12","modified_gmt":"2021-10-05T01:34:12","slug":"1150","status":"publish","type":"post","link":"http:\/\/servicenterblog.institucional.ws\/?p=1150","title":{"rendered":"Outubro Rosa: a preven\u00e7\u00e3o pode mudar sua hist\u00f3ria"},"content":{"rendered":"<p>Outubro Rosa \u00e9 uma campanha de conscientiza\u00e7\u00e3o que tem como objetivo principal alertar as mulheres e a sociedade sobre a import\u00e2ncia da preven\u00e7\u00e3o e do diagn\u00f3stico precoce do c\u00e2ncer de mama e mais recentemente sobre o c\u00e2ncer de colo do \u00fatero.<\/p>\n<p>Algumas das precau\u00e7\u00f5es que podem ser tomadas s\u00e3o: fazer visitas anuais ao ginecologista; fazer o auto-exame uma vez por m\u00eas e submeter-se ao exame de mamografia anualmente ap\u00f3s os 40 anos.<\/p>\n<p>O objetivo fundamental do auto-exame \u00e9 fazer com que a mulher conhe\u00e7a detalhadamente as suas mamas, o que facilita a percep\u00e7\u00e3o de quaisquer altera\u00e7\u00f5es, tais como pequenos n\u00f3dulos nas mamas e axilas, sa\u00edda de secre\u00e7\u00f5es pelos mamilos, mudan\u00e7a de cor da pele, retra\u00e7\u00f5es, etc.<\/p>\n<p>O auto-exame de mamas deve ser realizado mensalmente por todas as mulheres a partir de 21 anos de idade, sete dias depois do in\u00edcio da menstrua\u00e7\u00e3o, quando as mamas se apresentam mais fl\u00e1cidas e indolores. Ap\u00f3s a menopausa, deve-se definir um dia do m\u00eas e realizar o exame sempre com intervalo de 30 dias.<\/p>\n<p>Saiba mais em http:\/\/www.outubrorosa.org.br<\/p>\n<p>Servicenter\u2800\u2800\u2800\u2800\u2800\u2800\u2800\u2800\u2800\u2800<br \/>\nWhatsapp: (11) 97202-7875\u2800\u2800\u2800\u2800\u2800\u2800<br \/>\nAtendimento: (11) 3722-2233\u2800\u2800\u2800\u2800\u2800\u2800\u2800\u2800\u2800\u2800<br \/>\nwww.scmedicamentos.com.br\u2800\u2800\u2800<br \/>\ncomercial@scmedicamentos.com.br\u2800\u2800\u2800\u2800\u2800\u2800\u2800\u2800\u2800\u2800<\/p>\n","protected":false},"excerpt":{"rendered":"<p>Outubro Rosa \u00e9 uma campanha de conscientiza\u00e7\u00e3o que tem como objetivo principal alertar as mulheres e a sociedade sobre a import\u00e2ncia da preven\u00e7\u00e3o e do diagn\u00f3stico precoce do c\u00e2ncer de mama e mais recentemente sobre o c\u00e2ncer de colo do \u00fatero. Algumas das precau\u00e7\u00f5es que podem ser tomadas s\u00e3o: fazer visitas anuais ao ginecologista; fazer [&hellip;]<\/p>\n","protected":false},"author":1,"featured_media":1151,"comment_status":"open","ping_status":"open","sticky":false,"template":"","format":"standard","meta":[],"categories":[6],"tags":[295,296,24,26],"_links":{"self":[{"href":"http:\/\/servicenterblog.institucional.ws\/index.php?rest_route=\/wp\/v2\/posts\/1150"}],"collection":[{"href":"http:\/\/servicenterblog.institucional.ws\/index.php?rest_route=\/wp\/v2\/posts"}],"about":[{"href":"http:\/\/servicenterblog.institucional.ws\/index.php?rest_route=\/wp\/v2\/types\/post"}],"author":[{"embeddable":true,"href":"http:\/\/servicenterblog.institucional.ws\/index.php?rest_route=\/wp\/v2\/users\/1"}],"replies":[{"embeddable":true,"href":"http:\/\/servicenterblog.institucional.ws\/index.php?rest_route=%2Fwp%2Fv2%2Fcomments&post=1150"}],"version-history":[{"count":2,"href":"http:\/\/servicenterblog.institucional.ws\/index.php?rest_route=\/wp\/v2\/posts\/1150\/revisions"}],"predecessor-version":[{"id":1153,"href":"http:\/\/servicenterblog.institucional.ws\/index.php?rest_route=\/wp\/v2\/posts\/1150\/revisions\/1153"}],"wp:featuredmedia":[{"embeddable":true,"href":"http:\/\/servicenterblog.institucional.ws\/index.php?rest_route=\/wp\/v2\/media\/1151"}],"wp:attachment":[{"href":"http:\/\/servicenterblog.institucional.ws\/index.php?rest_route=%2Fwp%2Fv2%2Fmedia&parent=1150"}],"wp:term":[{"taxonomy":"category","embeddable":true,"href":"http:\/\/servicenterblog.institucional.ws\/index.php?rest_route=%2Fwp%2Fv2%2Fcategories&post=1150"},{"taxonomy":"post_tag","embeddable":true,"href":"http:\/\/servicenterblog.institucional.ws\/index.php?rest_route=%2Fwp%2Fv2%2Ftags&post=1150"}],"curies":[{"name":"wp","href":"https:\/\/api.w.org\/{rel}","templated":true}]}}