{"id":115,"date":"2017-11-22T10:00:58","date_gmt":"2017-11-22T12:00:58","guid":{"rendered":"http:\/\/servicentermedic1.hospedagemdesites.ws\/blog\/?p=115"},"modified":"2017-11-22T10:00:58","modified_gmt":"2017-11-22T12:00:58","slug":"quais-sao-os-principais-sintomas-de-um-avc-ou-derrame-saiba-tudo","status":"publish","type":"post","link":"http:\/\/servicenterblog.institucional.ws\/?p=115","title":{"rendered":"Quais s\u00e3o os principais sintomas de um AVC ou derrame? Saiba tudo!"},"content":{"rendered":"<p>Identifica\u00e7\u00e3o precoce dos sintomas \u00e9 fundamental para evitar sequelas e danos ao c\u00e9rebro<\/p>\n<p>De acordo com o Minist\u00e9rio da Sa\u00fade, o Acidente Vascular Cerebral (AVC) \u00e9 uma das principais causas de mortalidade e sequelas no Brasil, e a identifica\u00e7\u00e3o precoce dos sintomas \u00e9 determinante para evitar danos ao c\u00e9rebro.<\/p>\n<p>At\u00e9 3 horas depois do ocorrido, \u00e9 poss\u00edvel reverter a maior parte dos danos causados pelo AVC. Depois disso, no entanto, as les\u00f5es cerebrais dificilmente podem ser tratadas. Por isso, saber identificar os sintomas iniciais e acionar prontamente o Servi\u00e7o de Atendimento M\u00f3vel de Urg\u00eancia (SAMU) pelo telefone 192 pode salvar a vida ou evitar sequelas graves ao paciente.<\/p>\n<p><img loading=\"lazy\" class=\"alignnone size-medium wp-image-116\" src=\"http:\/\/servicentermedic1.hospedagemdesites.ws\/blog\/wp-content\/uploads\/2017\/11\/22789107_1788437197841555_7361234262606424844_n-300x300.png\" alt=\"\" width=\"300\" height=\"300\" srcset=\"http:\/\/servicenterblog.institucional.ws\/wp-content\/uploads\/2017\/11\/22789107_1788437197841555_7361234262606424844_n-300x300.png 300w, http:\/\/servicenterblog.institucional.ws\/wp-content\/uploads\/2017\/11\/22789107_1788437197841555_7361234262606424844_n-150x150.png 150w, http:\/\/servicenterblog.institucional.ws\/wp-content\/uploads\/2017\/11\/22789107_1788437197841555_7361234262606424844_n.png 700w\" sizes=\"(max-width: 300px) 100vw, 300px\" \/><\/p>\n<p>A avalia\u00e7\u00e3o superficial das fun\u00e7\u00f5es motoras pode revelar um derrame cerebral. Portanto, para saber se algu\u00e9m pode ter sofrido um AVC, pe\u00e7a para a pessoa levantar os bra\u00e7os, sorrir, repetir uma frase e colocar a l\u00edngua para fora e para os lados. Caso a pessoa apresente dificuldades nestas tarefas, ela deve ser levada imediatamente a um hospital.<\/p>\n<p>O AVC \u00e9 uma altera\u00e7\u00e3o na circula\u00e7\u00e3o sangu\u00ednea do c\u00e9rebro, que pode ser de dois tipos: isqu\u00eamico, o mais comum, ou hemorr\u00e1gico. O primeiro \u00e9 provocado pela obstru\u00e7\u00e3o de uma ou mais art\u00e9rias e, geralmente, ocorre em pessoas mais velhas, com diabetes, colesterol elevado ou hipertens\u00e3o. O hemorr\u00e1gico \u00e9 mais grave, ocorre com a ruptura de uma art\u00e9ria. O derramamento de sangue na caixa craniana oferece danos muito mais graves e pode ocorrer at\u00e9 em pessoais mais jovens.<\/p>\n<p>Em \u00e1reas mais importantes do c\u00e9rebro, o derrame \u00e9 mais prejudicial. Les\u00f5es m\u00ednimas nesses locais s\u00e3o mais graves. Em \u00e1reas cerebrais menos utilizadas, os efeitos s\u00e3o menores. No caso de indiv\u00edduos destros, les\u00f5es no hemisf\u00e9rio esquerdo do c\u00e9rebro s\u00e3o mais prejudiciais, pois esse \u00e9 o lado que comanda o lado direito do corpo. E vice-versa para canhotos.<\/p>\n<p><strong>Preven\u00e7\u00e3o<\/strong><\/p>\n<p>O AVC representa a primeira causa de morte e incapacidade no Brasil, gerando grande impacto econ\u00f4mico e social. Muitos fatores de risco contribuem para o seu aparecimento. Alguns desses fatores n\u00e3o podem ser modificados, como a idade, a ra\u00e7a, a constitui\u00e7\u00e3o gen\u00e9tica e o sexo.<\/p>\n<p>Outros fatores, entretanto, podem ser diagnosticados e tratados, tais como a hipertens\u00e3o arterial (press\u00e3o alta), a diabetes mellitus, as doen\u00e7as card\u00edacas, a enxaqueca, o uso de anticoncepcionais hormonais, a ingest\u00e3o de bebidas alco\u00f3licas, o fumo, o sedentarismo (falta de atividades f\u00edsicas) e a obesidade. A adequa\u00e7\u00e3o dos h\u00e1bitos de vida di\u00e1ria \u00e9 primordial para a preven\u00e7\u00e3o do AVC.<\/p>\n<p><span class=\"discreet\">\u00a0Fonte:\u00a0<\/span><span class=\"discreet\"><a class=\"external-link\" title=\"\" href=\"http:\/\/blog.saude.gov.br\/\" target=\"_self\">Minist\u00e9rio da Sa\u00fade<\/a><\/span><\/p>\n","protected":false},"excerpt":{"rendered":"<p>Identifica\u00e7\u00e3o precoce dos sintomas \u00e9 fundamental para evitar sequelas e danos ao c\u00e9rebro De acordo com o Minist\u00e9rio da Sa\u00fade, o Acidente Vascular Cerebral (AVC) \u00e9 uma das principais causas de mortalidade e sequelas no Brasil, e a identifica\u00e7\u00e3o precoce dos sintomas \u00e9 determinante para evitar danos ao c\u00e9rebro. At\u00e9 3 horas depois do ocorrido, [&hellip;]<\/p>\n","protected":false},"author":1,"featured_media":116,"comment_status":"open","ping_status":"open","sticky":false,"template":"","format":"standard","meta":[],"categories":[6,3],"tags":[],"_links":{"self":[{"href":"http:\/\/servicenterblog.institucional.ws\/index.php?rest_route=\/wp\/v2\/posts\/115"}],"collection":[{"href":"http:\/\/servicenterblog.institucional.ws\/index.php?rest_route=\/wp\/v2\/posts"}],"about":[{"href":"http:\/\/servicenterblog.institucional.ws\/index.php?rest_route=\/wp\/v2\/types\/post"}],"author":[{"embeddable":true,"href":"http:\/\/servicenterblog.institucional.ws\/index.php?rest_route=\/wp\/v2\/users\/1"}],"replies":[{"embeddable":true,"href":"http:\/\/servicenterblog.institucional.ws\/index.php?rest_route=%2Fwp%2Fv2%2Fcomments&post=115"}],"version-history":[{"count":1,"href":"http:\/\/servicenterblog.institucional.ws\/index.php?rest_route=\/wp\/v2\/posts\/115\/revisions"}],"predecessor-version":[{"id":117,"href":"http:\/\/servicenterblog.institucional.ws\/index.php?rest_route=\/wp\/v2\/posts\/115\/revisions\/117"}],"wp:featuredmedia":[{"embeddable":true,"href":"http:\/\/servicenterblog.institucional.ws\/index.php?rest_route=\/wp\/v2\/media\/116"}],"wp:attachment":[{"href":"http:\/\/servicenterblog.institucional.ws\/index.php?rest_route=%2Fwp%2Fv2%2Fmedia&parent=115"}],"wp:term":[{"taxonomy":"category","embeddable":true,"href":"http:\/\/servicenterblog.institucional.ws\/index.php?rest_route=%2Fwp%2Fv2%2Fcategories&post=115"},{"taxonomy":"post_tag","embeddable":true,"href":"http:\/\/servicenterblog.institucional.ws\/index.php?rest_route=%2Fwp%2Fv2%2Ftags&post=115"}],"curies":[{"name":"wp","href":"https:\/\/api.w.org\/{rel}","templated":true}]}}