{"id":1132,"date":"2021-09-10T16:22:56","date_gmt":"2021-09-10T19:22:56","guid":{"rendered":"http:\/\/servicentermedic1.hospedagemdesites.ws\/blog\/?p=1132"},"modified":"2021-09-10T16:22:56","modified_gmt":"2021-09-10T19:22:56","slug":"10-de-setembro-dia-mundial-de-prevencao-ao-suicidio","status":"publish","type":"post","link":"http:\/\/servicenterblog.institucional.ws\/?p=1132","title":{"rendered":"10 de setembro &#8211; Dia Mundial de Preven\u00e7\u00e3o ao Suic\u00eddio"},"content":{"rendered":"<p>O\u00a0dia\u00a010 de setembro\u00a0\u00e9 dedicado a um alerta e reflex\u00e3o sobre os sinais de que algu\u00e9m ao seu lado est\u00e1 enfrentando problemas severos, a ponto de pensar em tirar a pr\u00f3pria vida.<img src=\"https:\/\/agenciabrasil.ebc.com.br\/ebc.png?id=1421261&amp;o=node\" \/><img src=\"https:\/\/agenciabrasil.ebc.com.br\/ebc.gif?id=1421261&amp;o=node\" \/><\/p>\n<p>Institu\u00eddo em\u00a02003 pela Associa\u00e7\u00e3o Internacional para a Preven\u00e7\u00e3o do Suic\u00eddio e a Organiza\u00e7\u00e3o Mundial da Sa\u00fade, o Dia Mundial de Preven\u00e7\u00e3o ao Suic\u00eddio tem o objetivo justamente de\u00a0chamar a aten\u00e7\u00e3o dos governos e da sociedade para a import\u00e2ncia do assunto.<\/p>\n<p>Dados apresentados pela Associa\u00e7\u00e3o Brasileira de Psiquiatria, em parceria com o Conselho Federal de Medicina, apontam que v\u00e1rios s\u00e3o os fatores que podem levar a esse ato extremo,\u00a0desde causas socioambientais, biol\u00f3gicas, e tamb\u00e9m transtornos mentais.\u00a0O estudo, que pode servir de base para investimentos em sa\u00fade e bem-estar na adolesc\u00eancia, trazem uma triste realidade que, segundo especialistas, registra cada vez mais casos, principalmente entre os jovens.<\/p>\n<p>Um levantamento, divulgado nesta\u00a0sexta-feira (10) pelo IBGE, mostra que 40%\u00a0dos alunos de escolas p\u00fablicas e privadas, com idades entre 13 e 17 anos, que responderam \u00e0\u00a0Pesquisa Nacional de Sa\u00fade Escolar,\u00a0disseram n\u00e3o\u00a0ter\u00a0sequer um amigo pr\u00f3ximo, o que faz muita diferen\u00e7a na hora de dividir um problema.\u00a0Na mesma faixa de idade, 30% disseram sentir que\u00a0ningu\u00e9m se preocupava com eles.<\/p>\n<p>Em\u00a0rela\u00e7\u00e3o\u00a0ao\u00a0sentimento\u00a0de\u00a0tristeza,\u00a031,4%\u00a0dos estudantes ouvidos afirmaram\u00a0ter\u00a0se sentido tristes na maioria das vezes ou sempre.\u00a0Quanto \u00e0 percep\u00e7\u00e3o da vida, 21,4%\u00a0desses adolescentes manifestaram que n\u00e3o valia a pena viver na maioria das vezes ou sempre.<\/p>\n<p>O psic\u00f3logo cl\u00ednico Wagner Vaz, doutorando\u00a0em psicologia pela Universidade Federal de Juiz de Fora, avalia que &#8220;ter\u00a0amigos \u00e9 um importante aliado na constru\u00e7\u00e3o da seguran\u00e7a, da personalidade dos mais jovens, repercutindo no futuro, na medida em que \u00e9 constru\u00edda a autoestima&#8221;.<\/p>\n<div class=\"mc-column content-text active-extra-styles\" data-block-type=\"raw\" data-block-weight=\"3\" data-block-id=\"12\">\n<div class=\"content-intertitle\">\n<h2>Como ajudar algu\u00e9m<\/h2>\n<\/div>\n<\/div>\n<div class=\"mc-column content-text active-extra-styles \" data-block-type=\"unstyled\" data-block-weight=\"64\" data-block-id=\"13\">\n<p class=\"content-text__container \" data-track-category=\"Link no Texto\" data-track-links=\"\">Os familiares e amigos devem, sobretudo, se dispor a se aproximar de algu\u00e9m que demonstra estar sofrendo ou que apresenta mudan\u00e7as acentuadas e bruscas do comportamento. \u00c9 preciso estar disposto a ouvir e, se n\u00e3o se sentir capaz de lidar com o problema apresentado, ir junto em busca de quem possa faz\u00ea-lo mais adequadamente, como um m\u00e9dico, enfermeiro, psic\u00f3logo.<\/p>\n<p>Fonte: G1<\/p>\n<\/div>\n","protected":false},"excerpt":{"rendered":"<p>O\u00a0dia\u00a010 de setembro\u00a0\u00e9 dedicado a um alerta e reflex\u00e3o sobre os sinais de que algu\u00e9m ao seu lado est\u00e1 enfrentando problemas severos, a ponto de pensar em tirar a pr\u00f3pria vida. Institu\u00eddo em\u00a02003 pela Associa\u00e7\u00e3o Internacional para a Preven\u00e7\u00e3o do Suic\u00eddio e a Organiza\u00e7\u00e3o Mundial da Sa\u00fade, o Dia Mundial de Preven\u00e7\u00e3o ao Suic\u00eddio tem [&hellip;]<\/p>\n","protected":false},"author":1,"featured_media":1133,"comment_status":"open","ping_status":"open","sticky":false,"template":"","format":"standard","meta":[],"categories":[2],"tags":[289,214,215],"_links":{"self":[{"href":"http:\/\/servicenterblog.institucional.ws\/index.php?rest_route=\/wp\/v2\/posts\/1132"}],"collection":[{"href":"http:\/\/servicenterblog.institucional.ws\/index.php?rest_route=\/wp\/v2\/posts"}],"about":[{"href":"http:\/\/servicenterblog.institucional.ws\/index.php?rest_route=\/wp\/v2\/types\/post"}],"author":[{"embeddable":true,"href":"http:\/\/servicenterblog.institucional.ws\/index.php?rest_route=\/wp\/v2\/users\/1"}],"replies":[{"embeddable":true,"href":"http:\/\/servicenterblog.institucional.ws\/index.php?rest_route=%2Fwp%2Fv2%2Fcomments&post=1132"}],"version-history":[{"count":1,"href":"http:\/\/servicenterblog.institucional.ws\/index.php?rest_route=\/wp\/v2\/posts\/1132\/revisions"}],"predecessor-version":[{"id":1134,"href":"http:\/\/servicenterblog.institucional.ws\/index.php?rest_route=\/wp\/v2\/posts\/1132\/revisions\/1134"}],"wp:featuredmedia":[{"embeddable":true,"href":"http:\/\/servicenterblog.institucional.ws\/index.php?rest_route=\/wp\/v2\/media\/1133"}],"wp:attachment":[{"href":"http:\/\/servicenterblog.institucional.ws\/index.php?rest_route=%2Fwp%2Fv2%2Fmedia&parent=1132"}],"wp:term":[{"taxonomy":"category","embeddable":true,"href":"http:\/\/servicenterblog.institucional.ws\/index.php?rest_route=%2Fwp%2Fv2%2Fcategories&post=1132"},{"taxonomy":"post_tag","embeddable":true,"href":"http:\/\/servicenterblog.institucional.ws\/index.php?rest_route=%2Fwp%2Fv2%2Ftags&post=1132"}],"curies":[{"name":"wp","href":"https:\/\/api.w.org\/{rel}","templated":true}]}}