{"id":1129,"date":"2021-09-08T18:21:41","date_gmt":"2021-09-08T21:21:41","guid":{"rendered":"http:\/\/servicentermedic1.hospedagemdesites.ws\/blog\/?p=1129"},"modified":"2021-09-08T18:21:41","modified_gmt":"2021-09-08T21:21:41","slug":"8-de-setembro-dia-mundial-da-fisioterapia","status":"publish","type":"post","link":"http:\/\/servicenterblog.institucional.ws\/?p=1129","title":{"rendered":"8 de setembro &#8211;  Dia Mundial da Fisioterapia"},"content":{"rendered":"<p>O\u00a0<strong>Dia Mundial da Fisioterapia<\/strong>\u00a0\u00e9 celebrado anualmente, desde 1996, no dia 8 de Setembro, que corresponde \u00e0 data da funda\u00e7\u00e3o da World Confederation of Physical Therapy (WCPT), no ano de 1951.<\/p>\n<p>Segundo a WCHPT (Confedera\u00e7\u00e3o Mundial\u00a0de Fisioterapia), a Fisioterapia \u00e9 definida como a \u00e1rea da sa\u00fade respons\u00e1vel por promover, desenvolver, manter e reabilitar as capacidades de mobilidade e funcionalidade das pessoas ao longo de toda a sua vida.\u00a0 O seu principal interesse e objetivo \u00e9 identificar e maximizar a qualidade de vida e de potencial de movimento de cada pessoa, dentro das \u00e1reas da promo\u00e7\u00e3o, preven\u00e7\u00e3o, tratamento, interven\u00e7\u00e3o, habilita\u00e7\u00e3o e reabilita\u00e7\u00e3o da sa\u00fade.<\/p>\n<p>No passado, a Fisioterapia era popularmente associada a problemas ortop\u00e9dicos, mas na verdade ela \u00e9 muito mais ampla. As sess\u00f5es de Fisioterapia s\u00e3o indicadas em pr\u00e9 e p\u00f3s-operat\u00f3rios ou para pessoas com movimentos comprometidos por acidente vascular cerebral, com dist\u00farbios respirat\u00f3rios cr\u00f4nicos, para o bem-estar de idosos, entre outras situa\u00e7\u00f5es.<\/p>\n<p>Com rela\u00e7\u00e3o aos casos cir\u00fargicos a Fisioterapia ajuda a manter a amplitude dos movimentos e a for\u00e7a dos grupos musculares e auxilia na recupera\u00e7\u00e3o da autonomia e da independ\u00eancia dos pacientes.<\/p>\n<p>Parab\u00e9ns aos profissionais que transformam movimento em qualidade de vida.<\/p>\n<p>Uma homenagem da Servicenter.<\/p>\n<p>*Com informa\u00e7\u00f5es da AFB<\/p>\n<p>&nbsp;<\/p>\n","protected":false},"excerpt":{"rendered":"<p>O\u00a0Dia Mundial da Fisioterapia\u00a0\u00e9 celebrado anualmente, desde 1996, no dia 8 de Setembro, que corresponde \u00e0 data da funda\u00e7\u00e3o da World Confederation of Physical Therapy (WCPT), no ano de 1951. Segundo a WCHPT (Confedera\u00e7\u00e3o Mundial\u00a0de Fisioterapia), a Fisioterapia \u00e9 definida como a \u00e1rea da sa\u00fade respons\u00e1vel por promover, desenvolver, manter e reabilitar as capacidades de [&hellip;]<\/p>\n","protected":false},"author":1,"featured_media":1130,"comment_status":"open","ping_status":"open","sticky":false,"template":"","format":"standard","meta":[],"categories":[2],"tags":[251,287,288,210,11,219],"_links":{"self":[{"href":"http:\/\/servicenterblog.institucional.ws\/index.php?rest_route=\/wp\/v2\/posts\/1129"}],"collection":[{"href":"http:\/\/servicenterblog.institucional.ws\/index.php?rest_route=\/wp\/v2\/posts"}],"about":[{"href":"http:\/\/servicenterblog.institucional.ws\/index.php?rest_route=\/wp\/v2\/types\/post"}],"author":[{"embeddable":true,"href":"http:\/\/servicenterblog.institucional.ws\/index.php?rest_route=\/wp\/v2\/users\/1"}],"replies":[{"embeddable":true,"href":"http:\/\/servicenterblog.institucional.ws\/index.php?rest_route=%2Fwp%2Fv2%2Fcomments&post=1129"}],"version-history":[{"count":1,"href":"http:\/\/servicenterblog.institucional.ws\/index.php?rest_route=\/wp\/v2\/posts\/1129\/revisions"}],"predecessor-version":[{"id":1131,"href":"http:\/\/servicenterblog.institucional.ws\/index.php?rest_route=\/wp\/v2\/posts\/1129\/revisions\/1131"}],"wp:featuredmedia":[{"embeddable":true,"href":"http:\/\/servicenterblog.institucional.ws\/index.php?rest_route=\/wp\/v2\/media\/1130"}],"wp:attachment":[{"href":"http:\/\/servicenterblog.institucional.ws\/index.php?rest_route=%2Fwp%2Fv2%2Fmedia&parent=1129"}],"wp:term":[{"taxonomy":"category","embeddable":true,"href":"http:\/\/servicenterblog.institucional.ws\/index.php?rest_route=%2Fwp%2Fv2%2Fcategories&post=1129"},{"taxonomy":"post_tag","embeddable":true,"href":"http:\/\/servicenterblog.institucional.ws\/index.php?rest_route=%2Fwp%2Fv2%2Ftags&post=1129"}],"curies":[{"name":"wp","href":"https:\/\/api.w.org\/{rel}","templated":true}]}}