{"id":1117,"date":"2021-08-11T18:59:49","date_gmt":"2021-08-11T21:59:49","guid":{"rendered":"http:\/\/servicentermedic1.hospedagemdesites.ws\/blog\/?p=1117"},"modified":"2021-08-11T18:59:49","modified_gmt":"2021-08-11T21:59:49","slug":"coloque-no-prato-dicas-de-alimentos-que-ajudam-a-dormir-melhor","status":"publish","type":"post","link":"http:\/\/servicenterblog.institucional.ws\/?p=1117","title":{"rendered":"Coloque no prato! Dicas de alimentos que ajudam a dormir melhor"},"content":{"rendered":"<p>Quantas vezes j\u00e1 ouvimos algu\u00e9m (ou n\u00f3s mesmos) dizer &#8220;j\u00e1 acordei cansado&#8221;? A sensa\u00e7\u00e3o de que a noite foi maldormida ocorre quando o organismo n\u00e3o recebe os est\u00edmulos necess\u00e1rios para a produ\u00e7\u00e3o do horm\u00f4nio respons\u00e1vel pelo sono reparador &#8211;a serotonina que \u00e0 noite, com a ajuda de enzimas, se transforma em melatonina.<\/p>\n<p>Sem ela, o corpo n\u00e3o consegue relaxar adequadamente nas quatro fases do sono, que s\u00e3o:<\/p>\n<p>Fase 1 &#8211; Transi\u00e7\u00e3o entre estado de aten\u00e7\u00e3o e sono. Corresponde a 10% da noite;<\/p>\n<p>Fase 2 &#8211; Diminui\u00e7\u00e3o dos ritmos card\u00edaco e respirat\u00f3rio, relaxamento dos m\u00fasculos, in\u00edcio dos sonhos. Corresponde a 45% da noite;<\/p>\n<p>Fase 3 &#8211; Queda no metabolismo,mais diminui\u00e7\u00e3o dos ritmos card\u00edaco e respirat\u00f3rio. Corresponde a 25% da noite;<\/p>\n<p>Fase REM &#8211; sigla em ingl\u00eas para &#8220;Rapid Eye Movement&#8221; (movimento r\u00e1pido do olho). \u00c9 a fase do sono profundo, em que ocorrem os sonhos. H\u00e1 descargas de adrenalina, o cora\u00e7\u00e3o bate mais r\u00e1pido e a press\u00e3o arterial passa por picos. Corresponde a 20% da noite.<\/p>\n<p>A alimenta\u00e7\u00e3o pode ser uma bela ajuda para a produ\u00e7\u00e3o dos horm\u00f4nios do sono e uma consequente noite bem dormida. Confira dicas de alimentos que ajudam a dormir melhor:<\/p>\n<h4><strong>Bananas<\/strong><\/h4>\n<p>A fruta \u00e9 rica em pot\u00e1ssio, um mineral que \u00e9 essencial para ter uma noite profunda de sono. Bananas tamb\u00e9m cont\u00eam triptofano e magn\u00e9sio, fazendo com que essa fruta funcione como um sedativo natural.<\/p>\n<h4><strong>Latic\u00ednios<\/strong><\/h4>\n<p>\u00c9 verdade que o copo de leite quente a sua m\u00e3e lhe deu quando voc\u00ea era crian\u00e7a o ajudou a dormir melhor. Latic\u00ednios s\u00e3o uma fonte natural de sono \u2013 induzindo triptofano \u2013 e o teor de c\u00e1lcio de produtos l\u00e1cteos tem um efeito impulsionador positivo nos amino\u00e1cidos.<\/p>\n<h4><strong>Nozes<\/strong><\/h4>\n<p>Um punhado do fruto \u00e9 um \u00f3timo lanche antes de dormir. Ele ajuda a aumentar os n\u00edveis de serotonina no c\u00e9rebro e s\u00e3o uma excelente fonte de magn\u00e9sio e triptofano. Nozes, sementes de linha\u00e7a, sementes de ab\u00f3bora, e sementes de girassol cont\u00e9m os mais altos n\u00edveis do sedativo natural.<\/p>\n<h4><strong>Aveia<\/strong><\/h4>\n<p>A aveia \u00e9 uma fonte natural de melatonina, um horm\u00f4nio que ajuda a controlar o ciclo do sono. Se voc\u00ea precisa de um lanche antes de dormir, coma uma pequena tigela de mingau de aveia ou um biscoito de aveia.<\/p>\n<h4><strong>Cereja\u00a0<\/strong><\/h4>\n<p>A fruta \u00e9 rica em melatonina, e um estudo recente revelou que beber suco de cereja regularmente ou comer cerejas pode ajudar a regular os seus ciclos de sono.<\/p>\n<h4><strong>Kiwi<\/strong><\/h4>\n<p>Acredita-se que os efeitos de promo\u00e7\u00e3o do sono dos kiwis sejam devidos ao seu conte\u00fado de serotonina, um qu\u00edmico cerebral que ajuda a regular seu ciclo de sono.\u00a0Inclusive, um estudo que buscava entender os efeitos do kiwi na qualidade do sono de pessoas com problemas para dormir, concluiu que o consumo da fruta pode ajudar a melhorar a dura\u00e7\u00e3o e a qualidade do sono.<\/p>\n<p>Procure sempre a orienta\u00e7\u00e3o do seu m\u00e9dico nutricionista e adicione qualidade de vida com uma alimenta\u00e7\u00e3o balanceada e pr\u00e1tica regular de exerc\u00edcios f\u00edsicos.<\/p>\n<p>Fonte: Uol<\/p>\n","protected":false},"excerpt":{"rendered":"<p>Quantas vezes j\u00e1 ouvimos algu\u00e9m (ou n\u00f3s mesmos) dizer &#8220;j\u00e1 acordei cansado&#8221;? A sensa\u00e7\u00e3o de que a noite foi maldormida ocorre quando o organismo n\u00e3o recebe os est\u00edmulos necess\u00e1rios para a produ\u00e7\u00e3o do horm\u00f4nio respons\u00e1vel pelo sono reparador &#8211;a serotonina que \u00e0 noite, com a ajuda de enzimas, se transforma em melatonina. Sem ela, o [&hellip;]<\/p>\n","protected":false},"author":1,"featured_media":1118,"comment_status":"open","ping_status":"open","sticky":false,"template":"","format":"standard","meta":[],"categories":[6],"tags":[79,285,86,284],"_links":{"self":[{"href":"http:\/\/servicenterblog.institucional.ws\/index.php?rest_route=\/wp\/v2\/posts\/1117"}],"collection":[{"href":"http:\/\/servicenterblog.institucional.ws\/index.php?rest_route=\/wp\/v2\/posts"}],"about":[{"href":"http:\/\/servicenterblog.institucional.ws\/index.php?rest_route=\/wp\/v2\/types\/post"}],"author":[{"embeddable":true,"href":"http:\/\/servicenterblog.institucional.ws\/index.php?rest_route=\/wp\/v2\/users\/1"}],"replies":[{"embeddable":true,"href":"http:\/\/servicenterblog.institucional.ws\/index.php?rest_route=%2Fwp%2Fv2%2Fcomments&post=1117"}],"version-history":[{"count":1,"href":"http:\/\/servicenterblog.institucional.ws\/index.php?rest_route=\/wp\/v2\/posts\/1117\/revisions"}],"predecessor-version":[{"id":1119,"href":"http:\/\/servicenterblog.institucional.ws\/index.php?rest_route=\/wp\/v2\/posts\/1117\/revisions\/1119"}],"wp:featuredmedia":[{"embeddable":true,"href":"http:\/\/servicenterblog.institucional.ws\/index.php?rest_route=\/wp\/v2\/media\/1118"}],"wp:attachment":[{"href":"http:\/\/servicenterblog.institucional.ws\/index.php?rest_route=%2Fwp%2Fv2%2Fmedia&parent=1117"}],"wp:term":[{"taxonomy":"category","embeddable":true,"href":"http:\/\/servicenterblog.institucional.ws\/index.php?rest_route=%2Fwp%2Fv2%2Fcategories&post=1117"},{"taxonomy":"post_tag","embeddable":true,"href":"http:\/\/servicenterblog.institucional.ws\/index.php?rest_route=%2Fwp%2Fv2%2Ftags&post=1117"}],"curies":[{"name":"wp","href":"https:\/\/api.w.org\/{rel}","templated":true}]}}