{"id":1109,"date":"2021-08-04T20:47:16","date_gmt":"2021-08-04T23:47:16","guid":{"rendered":"http:\/\/servicentermedic1.hospedagemdesites.ws\/blog\/?p=1109"},"modified":"2021-08-04T20:47:16","modified_gmt":"2021-08-04T23:47:16","slug":"agosto-dourado-um-mes-todo-dedicado-a-amamentacao","status":"publish","type":"post","link":"http:\/\/servicenterblog.institucional.ws\/?p=1109","title":{"rendered":"\u2018Agosto Dourado\u2019, um m\u00eas todo dedicado \u00e0 amamenta\u00e7\u00e3o"},"content":{"rendered":"<p>O Agosto Dourado chegou, um m\u00eas inteiro dedicado \u00e0 promo\u00e7\u00e3o do aleitamento materno, considerado alimento de ouro pela Organiza\u00e7\u00e3o Mundial de Sa\u00fade (OMS). Estamos na\u00a0Semana Mundial de Aleitamento Materno 2021 (SMAM), ou World Breastfeeding Week 2021 (WBW 2021).<\/p>\n<p class=\"texto\">Neste ano, a semana especial tem o tema \u201cProteja a amamenta\u00e7\u00e3o: uma responsabilidade compartilhada\u201d, e se concentrar\u00e1 em promover como a amamenta\u00e7\u00e3o contribui para a sobreviv\u00eancia, sa\u00fade e bem-estar de todos no mundo.<\/p>\n<p class=\"texto\">\u201cA amamenta\u00e7\u00e3o \u00e9 responsabilidade de todos\u201d, explica a \u00a0coordenadora das Pol\u00edticas de Aleitamento Materno e Banco de Leite Humano do DF, Miriam Santos. \u201cA mulher precisa ser apoiada pelo companheiro, pela fam\u00edlia, pelos profissionais da sa\u00fade que forem atend\u00ea-la, por toda sua rede de apoio. \u00c9 um momento \u00fanico na vida da mulher, que precisa do apoio de todos ao seu redor, pois a amamenta\u00e7\u00e3o nem sempre \u00e9 f\u00e1cil.\u201d<\/p>\n<p>\u201cOs benef\u00edcios da amamenta\u00e7\u00e3o s\u00e3o in\u00fameros, n\u00e3o s\u00f3 para o beb\u00ea e para a m\u00e3e, mas tamb\u00e9m para toda a sociedade\u201d, pontuou Miriam Santos. \u201cA mulher que amamenta seu filho se sente mais segura para ir trabalhar, pois a chance de esse beb\u00ea adoecer \u00e9 menor. Ent\u00e3o, todos saem ganhando: empresas, fam\u00edlia e comunidade.\u201d<\/p>\n<p>Presidente do Departamento de Aleitamento Materno da Sociedade Paulista de Pediatria e criador do blog Eu Apoio Leite Materno, o pediatra Moises Chencinski lembrou: \u201cDesromantizar a amamenta\u00e7\u00e3o \u00e9 necess\u00e1rio, pois amamentar n\u00e3o \u00e9 simples e nem sempre natural\u201d, destacou. \u201cA mulher precisa de orienta\u00e7\u00e3o adequada e uma boa rede de apoio, e todos n\u00f3s precisamos ter empatia com a situa\u00e7\u00e3o de cada m\u00e3e. Eu quero que mais m\u00e3es amamentem, e o impacto do marketing de produtos pode atrapalhar, pois essa mulher est\u00e1 sens\u00edvel.\u201d<\/p>\n<p>O pediatra tamb\u00e9m abordou a import\u00e2ncia de os profissionais de sa\u00fade apoiarem a amamenta\u00e7\u00e3o e n\u00e3o fazerem publicidade de produtos como f\u00f3rmulas infantis, chupetas e mamadeiras, pois ter isso dentro de um consult\u00f3rio, disse, pode influenciar diretamente as m\u00e3es que buscam aux\u00edlio, tendo em vista que a amamenta\u00e7\u00e3o n\u00e3o \u00e9 um processo t\u00e3o f\u00e1cil.<\/p>\n<p>A Servicenter apoia esta causa.<\/p>\n<p>Fonte: Secretaria da Sa\u00fade<\/p>\n<p>&nbsp;<\/p>\n<div class=\"relacionadas text-uppercase direita\"><\/div>\n<p>&nbsp;<\/p>\n","protected":false},"excerpt":{"rendered":"<p>O Agosto Dourado chegou, um m\u00eas inteiro dedicado \u00e0 promo\u00e7\u00e3o do aleitamento materno, considerado alimento de ouro pela Organiza\u00e7\u00e3o Mundial de Sa\u00fade (OMS). Estamos na\u00a0Semana Mundial de Aleitamento Materno 2021 (SMAM), ou World Breastfeeding Week 2021 (WBW 2021). Neste ano, a semana especial tem o tema \u201cProteja a amamenta\u00e7\u00e3o: uma responsabilidade compartilhada\u201d, e se concentrar\u00e1 [&hellip;]<\/p>\n","protected":false},"author":1,"featured_media":1110,"comment_status":"open","ping_status":"open","sticky":false,"template":"","format":"standard","meta":[],"categories":[3],"tags":[282,60,281,13,62,280],"_links":{"self":[{"href":"http:\/\/servicenterblog.institucional.ws\/index.php?rest_route=\/wp\/v2\/posts\/1109"}],"collection":[{"href":"http:\/\/servicenterblog.institucional.ws\/index.php?rest_route=\/wp\/v2\/posts"}],"about":[{"href":"http:\/\/servicenterblog.institucional.ws\/index.php?rest_route=\/wp\/v2\/types\/post"}],"author":[{"embeddable":true,"href":"http:\/\/servicenterblog.institucional.ws\/index.php?rest_route=\/wp\/v2\/users\/1"}],"replies":[{"embeddable":true,"href":"http:\/\/servicenterblog.institucional.ws\/index.php?rest_route=%2Fwp%2Fv2%2Fcomments&post=1109"}],"version-history":[{"count":1,"href":"http:\/\/servicenterblog.institucional.ws\/index.php?rest_route=\/wp\/v2\/posts\/1109\/revisions"}],"predecessor-version":[{"id":1111,"href":"http:\/\/servicenterblog.institucional.ws\/index.php?rest_route=\/wp\/v2\/posts\/1109\/revisions\/1111"}],"wp:featuredmedia":[{"embeddable":true,"href":"http:\/\/servicenterblog.institucional.ws\/index.php?rest_route=\/wp\/v2\/media\/1110"}],"wp:attachment":[{"href":"http:\/\/servicenterblog.institucional.ws\/index.php?rest_route=%2Fwp%2Fv2%2Fmedia&parent=1109"}],"wp:term":[{"taxonomy":"category","embeddable":true,"href":"http:\/\/servicenterblog.institucional.ws\/index.php?rest_route=%2Fwp%2Fv2%2Fcategories&post=1109"},{"taxonomy":"post_tag","embeddable":true,"href":"http:\/\/servicenterblog.institucional.ws\/index.php?rest_route=%2Fwp%2Fv2%2Ftags&post=1109"}],"curies":[{"name":"wp","href":"https:\/\/api.w.org\/{rel}","templated":true}]}}