{"id":1067,"date":"2021-06-01T20:18:00","date_gmt":"2021-06-01T23:18:00","guid":{"rendered":"http:\/\/servicentermedic1.hospedagemdesites.ws\/blog\/?p=1067"},"modified":"2021-06-01T20:18:00","modified_gmt":"2021-06-01T23:18:00","slug":"oms-aprova-uso-emergencial-da-coronavac","status":"publish","type":"post","link":"http:\/\/servicenterblog.institucional.ws\/?p=1067","title":{"rendered":"OMS aprova uso emergencial da CoronaVac"},"content":{"rendered":"<h4 class=\"content-head__subtitle\"><em>Recomenda\u00e7\u00e3o de uso \u00e9 para adultos de 18 anos ou mais, em um esquema de duas doses com um espa\u00e7amento de 2 a 4 semanas; vacina \u00e9 a sexta a receber aprova\u00e7\u00e3o de uso emergencial da OMS.<br \/>\n<\/em><\/h4>\n<div class=\"mc-column content-text active-extra-styles \" data-block-type=\"unstyled\" data-block-weight=\"46\" data-block-id=\"2\">\n<p class=\"content-text__container \" data-track-category=\"Link no Texto\" data-track-links=\"\">A Organiza\u00e7\u00e3o Mundial de Sa\u00fade (OMS) aprovou, nesta ter\u00e7a-feira (1\u00ba), o\u00a0<span class=\"highlight highlighted\">uso emergencial da CoronaVac<\/span>, vacina contra a Covid-19 desenvolvida pelo laborat\u00f3rio chin\u00eas Sinovac em parceria com o Instituto Butantan. A vacina \u00e9 a sexta a receber essa aprova\u00e7\u00e3o pela entidade e \u00e9\u00a0<span class=\"highlight highlighted\">uma das tr\u00eas que est\u00e3o sendo usadas no Brasil.<\/span><\/p>\n<\/div>\n<div class=\"wall protected-content\">\n<div class=\"mc-column content-text active-extra-styles\" data-block-type=\"raw\" data-block-weight=\"33\" data-block-id=\"3\">\n<blockquote class=\"content-blockquote theme-border-color-primary-before\"><p>Com base nas evid\u00eancias dispon\u00edveis, a OMS recomendou a vacina para uso em adultos de 18 anos ou mais, em um esquema de duas doses com um espa\u00e7amento de 2 a 4 semanas.<\/p><\/blockquote>\n<\/div>\n<\/div>\n<div class=\"mc-column content-text active-extra-styles \" data-block-type=\"unstyled\" data-block-weight=\"58\" data-block-id=\"5\">\n<p class=\"content-text__container \" data-track-category=\"Link no Texto\" data-track-links=\"\">A entidade afirmou que\u00a0<span class=\"highlight highlighted\">a vacina &#8220;atende aos padr\u00f5es internacionais de seguran\u00e7a, efic\u00e1cia e de fabrica\u00e7\u00e3o<\/span>&#8220;, e que &#8220;seus requisitos de armazenamento f\u00e1ceis a tornam muito gerenci\u00e1vel e particularmente adequada para cen\u00e1rios de poucos recursos&#8221;. A CoronaVac pode ser armazenada em temperatura normal de refrigera\u00e7\u00e3o (2\u00baC a 8\u00baC), que \u00e9 a usada na\u00a0cadeia de frio\u00a0do Brasil.<\/p>\n<\/div>\n<div class=\"mc-column content-text active-extra-styles \" data-block-type=\"unstyled\" data-block-weight=\"24\" data-block-id=\"6\">\n<p class=\"content-text__container \" data-track-category=\"Link no Texto\" data-track-links=\"\">Assim como a vacina da Sinopharm, tamb\u00e9m aprovada para uso emergencial pela OMS, a CoronaVac \u00e9 uma vacina\u00a0<strong>inativada.<\/strong><\/p>\n<\/div>\n<h4 class=\"content-head__subtitle\"><em>&#8220;Hoje, eu fico feliz em anunciar que a vacina da Sinovac recebeu a autoriza\u00e7\u00e3o para uso emergencial da OMS ap\u00f3s a constata\u00e7\u00e3o de que ela \u00e9 segura, eficaz e de qualidade garantida ap\u00f3s duas doses&#8221;, disse o diretor-geral da OMS, Tedros Adhanom Ghebreysus, nesta ter\u00e7a-feira (1\u00ba).<\/p>\n<p>&#8220;O f\u00e1cil armazenamento da vacina da Sinovac faz com que ela seja adequada para lugares com menos recursos. \u00c9 vital fazer com que essas vacinas e equipamentos cheguem rapidamente \u00e0queles que necessitam&#8221;, completou Tedros.<br \/>\n<\/em><\/h4>\n<div class=\"mc-column content-text active-extra-styles\" data-block-type=\"raw\" data-block-weight=\"1\" data-block-id=\"12\">\n<div class=\"content-intertitle\">\n<h2>Resultados<\/h2>\n<\/div>\n<\/div>\n<div class=\"mc-column content-text active-extra-styles \" data-block-type=\"unstyled\" data-block-weight=\"42\" data-block-id=\"13\">\n<p class=\"content-text__container \" data-track-category=\"Link no Texto\" data-track-links=\"\">A OMS considerou dados de\u00a0<strong>efic\u00e1cia<\/strong>\u00a0da vacina que mostraram que ela preveniu casos sintom\u00e1ticos de Covid em 51% dos vacinados e casos graves da doen\u00e7a em 100% da popula\u00e7\u00e3o estudada.\u00a0Essas taxas correspondem \u00e0s divulgadas pelo Instituto Butantan\u00a0em janeiro.<\/p>\n<\/div>\n<div class=\"mc-column content-text active-extra-styles \" data-block-type=\"unstyled\" data-block-weight=\"39\" data-block-id=\"14\">\n<p class=\"content-text__container \" data-track-category=\"Link no Texto\" data-track-links=\"\">Dados posteriores, entretanto, apontaram que\u00a0a vacina tinha uma efetividade menor. A\u00a0<strong>efetividade<\/strong>\u00a0refere-se \u00e0 capacidade da vacina, no &#8220;<strong>mundo real<\/strong>&#8220;, de diminuir os casos de uma doen\u00e7a. J\u00e1 a\u00a0<strong>efic\u00e1cia<\/strong>\u00a0refere-se aos dados\u00a0<strong>dentro de ensaios cl\u00ednicos.<\/strong><\/p>\n<\/div>\n<div class=\"mc-column content-text active-extra-styles \" data-block-type=\"unstyled\" data-block-weight=\"21\" data-block-id=\"15\">\n<p class=\"content-text__container \" data-track-category=\"Link no Texto\" data-track-links=\"\">(Os n\u00fameros que apontavam a efetividade menor na &#8220;vida real&#8221; que a efic\u00e1cia vista nos estudos foram contestados pelo Instituto Butantan.)<\/p>\n<\/div>\n<div class=\"mc-column content-text active-extra-styles \" data-block-type=\"unstyled\" data-block-weight=\"37\" data-block-id=\"16\">\n<p class=\"content-text__container \" data-track-category=\"Link no Texto\" data-track-links=\"\">Ao aprovar o uso emergencial da CoronaVac, a OMS considerou que poucos participantes com mais de 60 anos haviam sido inclu\u00eddos nos ensaios cl\u00ednicos, e, por isso, a efic\u00e1cia n\u00e3o p\u00f4de ser estimada para este grupo.<\/p>\n<\/div>\n<div class=\"mc-column content-text active-extra-styles\" data-block-type=\"raw\" data-block-weight=\"37\" data-block-id=\"17\">\n<blockquote class=\"content-blockquote theme-border-color-primary-before\"><p>A OMS, entretanto, n\u00e3o recomendou um limite m\u00e1ximo de idade para a vacina, porque dados dos testes, em v\u00e1rios pa\u00edses, e de imunogenicidade sugerem que a vacina provavelmente tem um efeito protetor em pessoas idosas.<\/p><\/blockquote>\n<\/div>\n<div class=\"mc-column content-text active-extra-styles \" data-block-type=\"unstyled\" data-block-weight=\"63\" data-block-id=\"18\">\n<p class=\"content-text__container \" data-track-category=\"Link no Texto\" data-track-links=\"\">A organiza\u00e7\u00e3o considerou que &#8220;<span class=\"highlight highlighted\">n\u00e3o h\u00e1 raz\u00e3o para acreditar que a vacina tenha um perfil de seguran\u00e7a diferente em popula\u00e7\u00f5es mais velhas e mais jovens<\/span>&#8220;, e refor\u00e7ou que os pa\u00edses devem usar a vacina &#8220;em grupos de idade avan\u00e7ada&#8221; e realizar monitoramento de seguran\u00e7a e efic\u00e1cia, para verificar &#8220;o impacto esperado e contribuir para tornar a recomenda\u00e7\u00e3o mais robusta para todos os pa\u00edses&#8221;.<\/p>\n<p>Um\u00a0estudo feito pelo Butantan em Serrana (SP),\u00a0que vacinou 95,7% da popula\u00e7\u00e3o com a CoronaVac, apontou que o n\u00famero de\u00a0<span class=\"highlight highlighted\">casos sintom\u00e1ticos de Covid teve uma redu\u00e7\u00e3o de 80%, enquanto as hospitaliza\u00e7\u00f5es ca\u00edram cerca de 86%.<br \/>\n<\/span><\/p>\n<div class=\"mc-column content-text active-extra-styles \" data-block-type=\"unstyled\" data-block-weight=\"33\" data-block-id=\"24\">\n<p class=\"content-text__container \" data-track-category=\"Link no Texto\" data-track-links=\"\">Em abril, Serrana j\u00e1 observava uma queda expressiva na incid\u00eancia da Covid-19. Ap\u00f3s registrar 699 casos em mar\u00e7o, o n\u00famero caiu para 251. As mortes passaram de 20 para 6 no mesmo per\u00edodo.<\/p>\n<\/div>\n<div class=\"mc-column content-text active-extra-styles \" data-block-type=\"unstyled\" data-block-weight=\"18\" data-block-id=\"25\">\n<p class=\"content-text__container \" data-track-category=\"Link no Texto\" data-track-links=\"\">Para os cientistas, o controle da pandemia se deu depois que 75% da popula\u00e7\u00e3o recebeu a segunda dose.<\/p>\n<\/div>\n<div class=\"mc-column content-text active-extra-styles\" data-block-type=\"raw\" data-block-weight=\"2\" data-block-id=\"26\">\n<div class=\"mc-column content-text active-extra-styles\" data-block-type=\"raw\" data-block-weight=\"2\" data-block-id=\"26\">\n<div class=\"content-intertitle\">\n<h2>Sexta aprova\u00e7\u00e3o<\/h2>\n<\/div>\n<\/div>\n<div class=\"mc-column content-text active-extra-styles \" data-block-type=\"unstyled\" data-block-weight=\"46\" data-block-id=\"27\">\n<p class=\"content-text__container \" data-track-category=\"Link no Texto\" data-track-links=\"\">A CoronaVac \u00e9 a sexta vacina a receber aprova\u00e7\u00e3o de uso emergencial pela OMS. As outras foram a da\u00a0<a href=\"https:\/\/g1.globo.com\/bemestar\/coronavirus\/noticia\/2020\/12\/31\/oms-concede-sua-primeira-aprovacao-emergencial-para-a-vacina-da-pfizer-biontech.ghtml\">Pfizer<\/a>, a de\u00a0<a href=\"https:\/\/g1.globo.com\/bemestar\/vacina\/noticia\/2021\/02\/15\/oms-uso-emergencial-da-vacina-de-oxford.ghtml\">Oxford\/AstraZeneca<\/a>\u00a0(inclusive as vers\u00f5es produzidas na Uni\u00e3o Europeia e pelo Instituto Serum, na \u00cdndia), a da\u00a0<a href=\"https:\/\/g1.globo.com\/bemestar\/coronavirus\/noticia\/2021\/03\/12\/oms-aprova-uso-emergencial-da-vacina-johnson-contra-a-covid-19.ghtml\">Johnson<\/a>, a da\u00a0<a href=\"https:\/\/g1.globo.com\/bemestar\/vacina\/noticia\/2021\/04\/30\/oms-aprova-uso-da-vacina-da-moderna-e-abre-caminho-para-distribuicao-pelo-covax.ghtml\">Moderna<\/a>\u00a0e a da\u00a0<a href=\"https:\/\/g1.globo.com\/bemestar\/vacina\/noticia\/2021\/05\/07\/oms-aprova-o-uso-emergencial-da-vacina-da-sinopharm.ghtml\">Sinopharm<\/a>.<\/p>\n<\/div>\n<div class=\"mc-column content-text active-extra-styles \" data-block-type=\"unstyled\" data-block-weight=\"16\" data-block-id=\"28\">\n<p class=\"content-text__container \" data-track-category=\"Link no Texto\" data-track-links=\"\">Al\u00e9m da CoronaVac, tamb\u00e9m s\u00e3o usadas no Brasil a vacina de Oxford e a da Pfizer.<\/p>\n<p>Fonte: G1- 01\/06\/2021<\/p>\n<\/div>\n<\/div>\n<p class=\"content-text__container \" data-track-category=\"Link no Texto\" data-track-links=\"\">\n<\/div>\n<h4 class=\"content-head__subtitle\"><em>\u00a0<\/em><\/h4>\n","protected":false},"excerpt":{"rendered":"<p>Recomenda\u00e7\u00e3o de uso \u00e9 para adultos de 18 anos ou mais, em um esquema de duas doses com um espa\u00e7amento de 2 a 4 semanas; vacina \u00e9 a sexta a receber aprova\u00e7\u00e3o de uso emergencial da OMS. A Organiza\u00e7\u00e3o Mundial de Sa\u00fade (OMS) aprovou, nesta ter\u00e7a-feira (1\u00ba), o\u00a0uso emergencial da CoronaVac, vacina contra a Covid-19 [&hellip;]<\/p>\n","protected":false},"author":1,"featured_media":1068,"comment_status":"open","ping_status":"open","sticky":false,"template":"","format":"standard","meta":[],"categories":[3],"tags":[245,239,142,207,190,167,163,56,156],"_links":{"self":[{"href":"http:\/\/servicenterblog.institucional.ws\/index.php?rest_route=\/wp\/v2\/posts\/1067"}],"collection":[{"href":"http:\/\/servicenterblog.institucional.ws\/index.php?rest_route=\/wp\/v2\/posts"}],"about":[{"href":"http:\/\/servicenterblog.institucional.ws\/index.php?rest_route=\/wp\/v2\/types\/post"}],"author":[{"embeddable":true,"href":"http:\/\/servicenterblog.institucional.ws\/index.php?rest_route=\/wp\/v2\/users\/1"}],"replies":[{"embeddable":true,"href":"http:\/\/servicenterblog.institucional.ws\/index.php?rest_route=%2Fwp%2Fv2%2Fcomments&post=1067"}],"version-history":[{"count":1,"href":"http:\/\/servicenterblog.institucional.ws\/index.php?rest_route=\/wp\/v2\/posts\/1067\/revisions"}],"predecessor-version":[{"id":1069,"href":"http:\/\/servicenterblog.institucional.ws\/index.php?rest_route=\/wp\/v2\/posts\/1067\/revisions\/1069"}],"wp:featuredmedia":[{"embeddable":true,"href":"http:\/\/servicenterblog.institucional.ws\/index.php?rest_route=\/wp\/v2\/media\/1068"}],"wp:attachment":[{"href":"http:\/\/servicenterblog.institucional.ws\/index.php?rest_route=%2Fwp%2Fv2%2Fmedia&parent=1067"}],"wp:term":[{"taxonomy":"category","embeddable":true,"href":"http:\/\/servicenterblog.institucional.ws\/index.php?rest_route=%2Fwp%2Fv2%2Fcategories&post=1067"},{"taxonomy":"post_tag","embeddable":true,"href":"http:\/\/servicenterblog.institucional.ws\/index.php?rest_route=%2Fwp%2Fv2%2Ftags&post=1067"}],"curies":[{"name":"wp","href":"https:\/\/api.w.org\/{rel}","templated":true}]}}