{"id":1060,"date":"2021-05-05T14:30:28","date_gmt":"2021-05-05T17:30:28","guid":{"rendered":"http:\/\/servicentermedic1.hospedagemdesites.ws\/blog\/?p=1060"},"modified":"2021-05-05T14:30:28","modified_gmt":"2021-05-05T17:30:28","slug":"1060","status":"publish","type":"post","link":"http:\/\/servicenterblog.institucional.ws\/?p=1060","title":{"rendered":""},"content":{"rendered":"<p>Embora a higieniza\u00e7\u00e3o das m\u00e3os tenha ganhado a aten\u00e7\u00e3o das popula\u00e7\u00f5es em todo o mundo com a pandemia de covid-19, essa atitude b\u00e1sica de higiene j\u00e1 era h\u00e1 muito tempo incentivada pela Organiza\u00e7\u00e3o Mundial da Sa\u00fade (OMS).<\/p>\n<p>Como forma de alertar para a import\u00e2ncia deste ato, desde 2007, a OMS instituiu 05 de maio como o Dia Mundial de Higieniza\u00e7\u00e3o das M\u00e3os. Em todo o mundo, a data \u00e9 marcada por a\u00e7\u00f5es voltadas para a conscientiza\u00e7\u00e3o de profissionais de sa\u00fade, governantes, administradores hospitalares e popula\u00e7\u00e3o em geral sobre a import\u00e2ncia do procedimento para a promo\u00e7\u00e3o da sa\u00fade.<\/p>\n<p>Com pandemia, o gesto de limpeza tornou-se essencial para evitar a contamina\u00e7\u00e3o. O \u00e1lcool gel pode ser utilizado na aus\u00eancia da possibilidade de limpeza, mas a lavagem \u00e9 fundamental.<\/p>\n<p>Passo a passo para lavar as m\u00e3os:<\/p>\n<p>&#8211; molhe as m\u00e3o com \u00e1gua corrente;<br \/>\n&#8211; ensaboe as m\u00e3os at\u00e9 a o meio do antebra\u00e7o;<br \/>\n&#8211; esfregue a espuma entre os dedos, costas das m\u00e3os e unhas;<br \/>\n&#8211; siga com a lavagem pelo tempo m\u00e9dio de 20 segundos;<br \/>\n&#8211; enxague as m\u00e3os e bra\u00e7os em \u00e1gua corrente;<br \/>\n&#8211; seque com papel toalha.<\/p>\n<p>Servicenter\u2800\u2800\u2800\u2800<br \/>\nAtendimento online\u00a0(11) 97202-7875\u2800\u2800\u2800\u2800\u2800\u2800<br \/>\nTelefone: (11) 3722-2233\u2800\u2800\u2800\u2800\u2800\u2800<\/p>\n<div><\/div>\n<p>&nbsp;<\/p>\n","protected":false},"excerpt":{"rendered":"<p>Embora a higieniza\u00e7\u00e3o das m\u00e3os tenha ganhado a aten\u00e7\u00e3o das popula\u00e7\u00f5es em todo o mundo com a pandemia de covid-19, essa atitude b\u00e1sica de higiene j\u00e1 era h\u00e1 muito tempo incentivada pela Organiza\u00e7\u00e3o Mundial da Sa\u00fade (OMS). Como forma de alertar para a import\u00e2ncia deste ato, desde 2007, a OMS instituiu 05 de maio como [&hellip;]<\/p>\n","protected":false},"author":1,"featured_media":1061,"comment_status":"open","ping_status":"open","sticky":false,"template":"","format":"standard","meta":[],"categories":[2],"tags":[166,262,263,167,163],"_links":{"self":[{"href":"http:\/\/servicenterblog.institucional.ws\/index.php?rest_route=\/wp\/v2\/posts\/1060"}],"collection":[{"href":"http:\/\/servicenterblog.institucional.ws\/index.php?rest_route=\/wp\/v2\/posts"}],"about":[{"href":"http:\/\/servicenterblog.institucional.ws\/index.php?rest_route=\/wp\/v2\/types\/post"}],"author":[{"embeddable":true,"href":"http:\/\/servicenterblog.institucional.ws\/index.php?rest_route=\/wp\/v2\/users\/1"}],"replies":[{"embeddable":true,"href":"http:\/\/servicenterblog.institucional.ws\/index.php?rest_route=%2Fwp%2Fv2%2Fcomments&post=1060"}],"version-history":[{"count":1,"href":"http:\/\/servicenterblog.institucional.ws\/index.php?rest_route=\/wp\/v2\/posts\/1060\/revisions"}],"predecessor-version":[{"id":1062,"href":"http:\/\/servicenterblog.institucional.ws\/index.php?rest_route=\/wp\/v2\/posts\/1060\/revisions\/1062"}],"wp:featuredmedia":[{"embeddable":true,"href":"http:\/\/servicenterblog.institucional.ws\/index.php?rest_route=\/wp\/v2\/media\/1061"}],"wp:attachment":[{"href":"http:\/\/servicenterblog.institucional.ws\/index.php?rest_route=%2Fwp%2Fv2%2Fmedia&parent=1060"}],"wp:term":[{"taxonomy":"category","embeddable":true,"href":"http:\/\/servicenterblog.institucional.ws\/index.php?rest_route=%2Fwp%2Fv2%2Fcategories&post=1060"},{"taxonomy":"post_tag","embeddable":true,"href":"http:\/\/servicenterblog.institucional.ws\/index.php?rest_route=%2Fwp%2Fv2%2Ftags&post=1060"}],"curies":[{"name":"wp","href":"https:\/\/api.w.org\/{rel}","templated":true}]}}