{"id":1044,"date":"2021-04-08T16:41:31","date_gmt":"2021-04-08T19:41:31","guid":{"rendered":"http:\/\/servicentermedic1.hospedagemdesites.ws\/blog\/?p=1044"},"modified":"2021-04-08T16:42:01","modified_gmt":"2021-04-08T19:42:01","slug":"1044","status":"publish","type":"post","link":"http:\/\/servicenterblog.institucional.ws\/?p=1044","title":{"rendered":"08 de Abril &#8211; Dia Mundial de combate ao c\u00e2ncer"},"content":{"rendered":"<p>Hoje, 8 de abril, \u00e9 o Dia Mundial de Combate ao C\u00e2ncer, data definida pela OMS para ampliar esfor\u00e7os de preven\u00e7\u00e3o \u00e0 doen\u00e7a.<\/p>\n<p class=\"css-158dogj\">O c\u00e2ncer \u00e9 uma das principais causas de mortes do mundo. De acordo com o relat\u00f3rio Global Cancer Statistics 2020, da Associa\u00e7\u00e3o Americana do C\u00e2ncer (ACS) e da Ag\u00eancia Internacional de Pesquisa em C\u00e2ncer (IARC), que re\u00fane dados de 185 pa\u00edses, os tumores s\u00e3o respons\u00e1veis pelo \u00f3bito de um a cada oito homens. Na popula\u00e7\u00e3o feminina, o n\u00famero \u00e9 de uma a cada 11 mulheres.<\/p>\n<p class=\"css-158dogj\">Em 2021, pela primeira vez, o c\u00e2ncer de mama foi documentado como o mais comum no planeta. O levantamento publicado no in\u00edcio de fevereiro no jornal cient\u00edfico CA: A Cancer Journal for Clinicians ainda aponta tumores de pulm\u00e3o, colorretal e pr\u00f3stata como doen\u00e7as de alta incid\u00eancia.<\/p>\n<p class=\"css-158dogj\">Apesar de alguns tipos de tumores estarem relacionados a causas heredit\u00e1rias, segundo os especialistas, em alguns casos, a mudan\u00e7a de h\u00e1bitos pode minimizar a chance do desenvolvimento da doen\u00e7a, tais como: parar de fumar; evitar o sedentarismo, investir em uma alimenta\u00e7\u00e3o balanceada e fazer uso de filtro solar.<\/p>\n<p class=\"css-158dogj\">Al\u00e9m desses cuidados, realizar periodicamente os exames de rastreamento ajuda no diagn\u00f3stico precoce, aumentando as chances de cura.<\/p>\n<p class=\"css-158dogj\">Os m\u00e9dicos do HCor aproveitam o Dia Mundial de Combate ao C\u00e2ncer para refor\u00e7ar a import\u00e2ncia de se manter os cuidados com a sa\u00fade e a preven\u00e7\u00e3o mesmo durante a pandemia.<\/p>\n<p>Avan\u00e7os na \u00e1rea da sa\u00fade<\/p>\n<p>Cada avan\u00e7o na \u00e1rea da sa\u00fade representa um motivo de comemora\u00e7\u00e3o, e quando se trata de algo t\u00e3o complexo quanto o c\u00e2ncer, esse motivo acaba ficando ainda maior. Em janeiro, pesquisadores do Instituto Coreano de Ci\u00eancia e Tecnologia (KIST) se concentraram em aprimorar as t\u00e9cnicas de diagn\u00f3stico dessa doen\u00e7a, mais precisamente do c\u00e2ncer de pr\u00f3stata.<br \/>\nNo entanto, o grande avan\u00e7o no combate contra o c\u00e2ncer tem sido representado pelas<a href=\"https:\/\/canaltech.com.br\/saude\/vacina-contra-o-cancer-harvard-anuncia-resposta-positiva-e-inedita-em-testes-182019\/\" target=\"_blank\" rel=\"noopener\">\u00a0vacinas personalizadas<\/a>, levando em conta que um estudo de Harvard mostrou que vacinas projetadas para combater o melanoma (a forma mais letal de c\u00e2ncer de pele) mant\u00eam seus efeitos no sistema imunol\u00f3gico anos ap\u00f3s a inje\u00e7\u00e3o. A vacina faz com que o sistema imunol\u00f3gico crie c\u00e9lulas T antitumorais que s\u00e3o espec\u00edficas de acordo com cada tumor e paciente.<\/p>\n<p>Fonte: UOL\/ Abril 2021<\/p>\n<figure class=\"css-13gjw4v\"><figcaption class=\"css-68hty3\">\n<div class=\"audioFigureHeading\"><\/div>\n<\/figcaption><\/figure>\n","protected":false},"excerpt":{"rendered":"<p>Hoje, 8 de abril, \u00e9 o Dia Mundial de Combate ao C\u00e2ncer, data definida pela OMS para ampliar esfor\u00e7os de preven\u00e7\u00e3o \u00e0 doen\u00e7a. O c\u00e2ncer \u00e9 uma das principais causas de mortes do mundo. De acordo com o relat\u00f3rio Global Cancer Statistics 2020, da Associa\u00e7\u00e3o Americana do C\u00e2ncer (ACS) e da Ag\u00eancia Internacional de Pesquisa [&hellip;]<\/p>\n","protected":false},"author":1,"featured_media":1045,"comment_status":"open","ping_status":"open","sticky":false,"template":"","format":"standard","meta":[],"categories":[3],"tags":[72,167,260,26,11,44],"_links":{"self":[{"href":"http:\/\/servicenterblog.institucional.ws\/index.php?rest_route=\/wp\/v2\/posts\/1044"}],"collection":[{"href":"http:\/\/servicenterblog.institucional.ws\/index.php?rest_route=\/wp\/v2\/posts"}],"about":[{"href":"http:\/\/servicenterblog.institucional.ws\/index.php?rest_route=\/wp\/v2\/types\/post"}],"author":[{"embeddable":true,"href":"http:\/\/servicenterblog.institucional.ws\/index.php?rest_route=\/wp\/v2\/users\/1"}],"replies":[{"embeddable":true,"href":"http:\/\/servicenterblog.institucional.ws\/index.php?rest_route=%2Fwp%2Fv2%2Fcomments&post=1044"}],"version-history":[{"count":2,"href":"http:\/\/servicenterblog.institucional.ws\/index.php?rest_route=\/wp\/v2\/posts\/1044\/revisions"}],"predecessor-version":[{"id":1047,"href":"http:\/\/servicenterblog.institucional.ws\/index.php?rest_route=\/wp\/v2\/posts\/1044\/revisions\/1047"}],"wp:featuredmedia":[{"embeddable":true,"href":"http:\/\/servicenterblog.institucional.ws\/index.php?rest_route=\/wp\/v2\/media\/1045"}],"wp:attachment":[{"href":"http:\/\/servicenterblog.institucional.ws\/index.php?rest_route=%2Fwp%2Fv2%2Fmedia&parent=1044"}],"wp:term":[{"taxonomy":"category","embeddable":true,"href":"http:\/\/servicenterblog.institucional.ws\/index.php?rest_route=%2Fwp%2Fv2%2Fcategories&post=1044"},{"taxonomy":"post_tag","embeddable":true,"href":"http:\/\/servicenterblog.institucional.ws\/index.php?rest_route=%2Fwp%2Fv2%2Ftags&post=1044"}],"curies":[{"name":"wp","href":"https:\/\/api.w.org\/{rel}","templated":true}]}}