{"id":1030,"date":"2021-03-18T18:46:17","date_gmt":"2021-03-18T21:46:17","guid":{"rendered":"http:\/\/servicentermedic1.hospedagemdesites.ws\/blog\/?p=1030"},"modified":"2021-03-18T18:46:17","modified_gmt":"2021-03-18T21:46:17","slug":"cientistas-dos-eua-descobrem-homem-com-superanticorpos-contra-a-covid-19","status":"publish","type":"post","link":"http:\/\/servicenterblog.institucional.ws\/?p=1030","title":{"rendered":"Cientistas dos EUA descobrem homem com \u2018superanticorpos\u2019 contra a Covid-19"},"content":{"rendered":"<p><em>O imunologista Marcelo Bossois explica que a condi\u00e7\u00e3o, que protege at\u00e9 de muta\u00e7\u00f5es do coronav\u00edrus, \u00e9 um fen\u00f4meno raro<\/em><\/p>\n<p>Uma descoberta est\u00e1 intrigando pesquisadores nos\u00a0<strong>Estados Unidos<\/strong>.\u00a0No ano passado, o escritor americano John Hollis, de 54 anos, viu o amigo com quem divide apartamento ser diagnosticado com a\u00a0<strong>Covid-19<\/strong>.\u00a0Hollis relata que apesar do susto, n\u00e3o desenvolveu a doen\u00e7a.\u00a0Meses depois, o escritor foi convidado por um m\u00e9dico e professor da Universidade George Mason, para participar de um estudo. O resultado do teste mostrou que Hollis havia sido infectado pelo\u00a0<strong>coronav\u00edrus<\/strong>\u00a0e desenvolveu\u00a0<strong>superanticorpos<\/strong>\u00a0que o protegem, inclusive de\u00a0<strong>muta\u00e7\u00f5es<\/strong>.<\/p>\n<p>De acordo com o imunologista Marcelo Bossois, esse \u00e9 um fen\u00f4meno raro. \u201c5% da popula\u00e7\u00e3o tem essa caracter\u00edstica peculiar na produ\u00e7\u00e3o de anticorpos que s\u00e3o muito mais h\u00e1beis para estruturas espec\u00edficas do v\u00edrus, como o dom\u00ednio de liga\u00e7\u00e3o do receptor. O dom\u00ednio de rea\u00e7\u00e3o do receptor \u00e9 a estrutura que o anticorpo se liga na prote\u00edna do v\u00edrus, inativa a prote\u00edna do v\u00edrus facilita que as c\u00e9lulas imunit\u00e1rias venham englobar esse v\u00edrus e destru\u00ed-lo.\u201d<\/p>\n<p>Em entrevista \u00e0 BBC, o m\u00e9dico respons\u00e1vel pelo estudo explicou que os\u00a0<strong>anticorpos<\/strong>\u00a0desenvolvidos por ele atacam diversas partes do v\u00edrus, ao mesmo tempo que o eliminam rapidamente. Ainda segundo o imunologista Marcelo Bossois, a descoberta contribui positivamente com a\u00a0<strong>ci\u00eancia<\/strong>, pois permite que os especialistas estudem diferentes formas de atacar o v\u00edrus.<br \/>\n\u201cAcho bem interessante essa quest\u00e3o desses pacientes, at\u00e9 porque a gente poderia estudar geneticamente esses pacientes e tentar, de alguma maneira, usar esses dados e fazer com que as vacinas ent\u00e3o pudessem estimular determinados perfis imunol\u00f3gicos nossos para haver uma preponder\u00e2ncia maior de anticorpos de alta avidez\u201d, disse.<\/p>\n<p>De acordo com o estudo, mesmo se os anticorpos fossem dilu\u00eddos em 1 para mil, seriam capazes de matar 99% dos v\u00edrus ativos.<\/p>\n<p>Fonte: Jovem Pan mar\u00e7o\/2021<\/p>\n<div class=\"teads-inread\"><\/div>\n<div class=\"list-related-posts\"><\/div>\n","protected":false},"excerpt":{"rendered":"<p>O imunologista Marcelo Bossois explica que a condi\u00e7\u00e3o, que protege at\u00e9 de muta\u00e7\u00f5es do coronav\u00edrus, \u00e9 um fen\u00f4meno raro Uma descoberta est\u00e1 intrigando pesquisadores nos\u00a0Estados Unidos.\u00a0No ano passado, o escritor americano John Hollis, de 54 anos, viu o amigo com quem divide apartamento ser diagnosticado com a\u00a0Covid-19.\u00a0Hollis relata que apesar do susto, n\u00e3o desenvolveu a [&hellip;]<\/p>\n","protected":false},"author":1,"featured_media":1031,"comment_status":"open","ping_status":"open","sticky":false,"template":"","format":"standard","meta":[],"categories":[3],"tags":[169,153,207,163,56],"_links":{"self":[{"href":"http:\/\/servicenterblog.institucional.ws\/index.php?rest_route=\/wp\/v2\/posts\/1030"}],"collection":[{"href":"http:\/\/servicenterblog.institucional.ws\/index.php?rest_route=\/wp\/v2\/posts"}],"about":[{"href":"http:\/\/servicenterblog.institucional.ws\/index.php?rest_route=\/wp\/v2\/types\/post"}],"author":[{"embeddable":true,"href":"http:\/\/servicenterblog.institucional.ws\/index.php?rest_route=\/wp\/v2\/users\/1"}],"replies":[{"embeddable":true,"href":"http:\/\/servicenterblog.institucional.ws\/index.php?rest_route=%2Fwp%2Fv2%2Fcomments&post=1030"}],"version-history":[{"count":1,"href":"http:\/\/servicenterblog.institucional.ws\/index.php?rest_route=\/wp\/v2\/posts\/1030\/revisions"}],"predecessor-version":[{"id":1032,"href":"http:\/\/servicenterblog.institucional.ws\/index.php?rest_route=\/wp\/v2\/posts\/1030\/revisions\/1032"}],"wp:featuredmedia":[{"embeddable":true,"href":"http:\/\/servicenterblog.institucional.ws\/index.php?rest_route=\/wp\/v2\/media\/1031"}],"wp:attachment":[{"href":"http:\/\/servicenterblog.institucional.ws\/index.php?rest_route=%2Fwp%2Fv2%2Fmedia&parent=1030"}],"wp:term":[{"taxonomy":"category","embeddable":true,"href":"http:\/\/servicenterblog.institucional.ws\/index.php?rest_route=%2Fwp%2Fv2%2Fcategories&post=1030"},{"taxonomy":"post_tag","embeddable":true,"href":"http:\/\/servicenterblog.institucional.ws\/index.php?rest_route=%2Fwp%2Fv2%2Ftags&post=1030"}],"curies":[{"name":"wp","href":"https:\/\/api.w.org\/{rel}","templated":true}]}}