{"id":1026,"date":"2021-03-12T16:53:32","date_gmt":"2021-03-12T19:53:32","guid":{"rendered":"http:\/\/servicentermedic1.hospedagemdesites.ws\/blog\/?p=1026"},"modified":"2021-03-12T16:53:58","modified_gmt":"2021-03-12T19:53:58","slug":"anvisa-libera-registro-de-vacina-e-de-medicamento-contra-covid-19","status":"publish","type":"post","link":"http:\/\/servicenterblog.institucional.ws\/?p=1026","title":{"rendered":"Anvisa libera registro de vacina e de medicamento contra covid-19"},"content":{"rendered":"<div class=\"protected-content\">\n<p>A Ag\u00eancia Nacional de Vigil\u00e2ncia Sanit\u00e1ria (Anvisa) anunciou nesta sexta-feira (12) o registro definitivo da vacina Oxford\/AstraZeneca e de medicamento contra covid-19.<\/p>\n<p>O antiviral Remdesivir ter\u00e1, em bula, a indica\u00e7\u00e3o de uso para tratamento da covid-19.<\/p>\n<p>A vacina Oxford\/AstraZeneca tinha registro para uso emergencial.<\/p>\n<p>De acordo com o gerente-geral de Medicamentos da Anvisa, Gustavo Mendes, apesar de haver muita discuss\u00e3o sobre o uso do medicamento, a decis\u00e3o foi tomada com base em &#8220;qualidade, seguran\u00e7a e efic\u00e1cia&#8221;. O medicamento aprovado \u00e9 indicado em casos mais graves da doen\u00e7a, nos quais os pacientes se encontram hospitalizados e entubados.<\/p>\n<p><strong>Desenvolvimento de vacinas<\/strong><br \/>\nPara ser aprovada, a vacina precisa passar por est\u00e1gios de desenvolvimento. O est\u00e1gio inicial \u00e9 feio em laborat\u00f3rio, com an\u00e1lise do v\u00edrus e de mol\u00e9culas para defini\u00e7\u00e3o da melhor composi\u00e7\u00e3o do produto, explica a Anvisa.<\/p>\n<p>Depois, a vacina \u00e9 testada em animais, que s\u00e3o expostos ao agente causador da doen\u00e7a. Na etapa de estudos cl\u00ednicos com tr\u00eas fases, s\u00e3o feitos testes em humanos desde que se tenha dados preliminares de seguran\u00e7a e poss\u00edvel efic\u00e1cia.<\/p>\n<p>Para liberar o registro do imunizante, t\u00e9cnicos especializados da Anvisa revisam todos os documentos para validar a seguran\u00e7a da vacina.<\/p>\n<p>Fonte: \u00c9poca\/mar\u00e7o 2021<\/p>\n<\/div>\n","protected":false},"excerpt":{"rendered":"<p>A Ag\u00eancia Nacional de Vigil\u00e2ncia Sanit\u00e1ria (Anvisa) anunciou nesta sexta-feira (12) o registro definitivo da vacina Oxford\/AstraZeneca e de medicamento contra covid-19. O antiviral Remdesivir ter\u00e1, em bula, a indica\u00e7\u00e3o de uso para tratamento da covid-19. A vacina Oxford\/AstraZeneca tinha registro para uso emergencial. De acordo com o gerente-geral de Medicamentos da Anvisa, Gustavo Mendes, [&hellip;]<\/p>\n","protected":false},"author":1,"featured_media":1027,"comment_status":"open","ping_status":"open","sticky":false,"template":"","format":"standard","meta":[],"categories":[3],"tags":[82,162,194,163,255,56],"_links":{"self":[{"href":"http:\/\/servicenterblog.institucional.ws\/index.php?rest_route=\/wp\/v2\/posts\/1026"}],"collection":[{"href":"http:\/\/servicenterblog.institucional.ws\/index.php?rest_route=\/wp\/v2\/posts"}],"about":[{"href":"http:\/\/servicenterblog.institucional.ws\/index.php?rest_route=\/wp\/v2\/types\/post"}],"author":[{"embeddable":true,"href":"http:\/\/servicenterblog.institucional.ws\/index.php?rest_route=\/wp\/v2\/users\/1"}],"replies":[{"embeddable":true,"href":"http:\/\/servicenterblog.institucional.ws\/index.php?rest_route=%2Fwp%2Fv2%2Fcomments&post=1026"}],"version-history":[{"count":1,"href":"http:\/\/servicenterblog.institucional.ws\/index.php?rest_route=\/wp\/v2\/posts\/1026\/revisions"}],"predecessor-version":[{"id":1028,"href":"http:\/\/servicenterblog.institucional.ws\/index.php?rest_route=\/wp\/v2\/posts\/1026\/revisions\/1028"}],"wp:featuredmedia":[{"embeddable":true,"href":"http:\/\/servicenterblog.institucional.ws\/index.php?rest_route=\/wp\/v2\/media\/1027"}],"wp:attachment":[{"href":"http:\/\/servicenterblog.institucional.ws\/index.php?rest_route=%2Fwp%2Fv2%2Fmedia&parent=1026"}],"wp:term":[{"taxonomy":"category","embeddable":true,"href":"http:\/\/servicenterblog.institucional.ws\/index.php?rest_route=%2Fwp%2Fv2%2Fcategories&post=1026"},{"taxonomy":"post_tag","embeddable":true,"href":"http:\/\/servicenterblog.institucional.ws\/index.php?rest_route=%2Fwp%2Fv2%2Ftags&post=1026"}],"curies":[{"name":"wp","href":"https:\/\/api.w.org\/{rel}","templated":true}]}}